{"id":22459,"date":"2014-09-16T22:06:39","date_gmt":"2014-09-17T01:06:39","guid":{"rendered":"http:\/\/www.notibras.com\/site\/?p=22459"},"modified":"2014-09-16T22:06:39","modified_gmt":"2014-09-17T01:06:39","slug":"parana-empata-em-casa-com-ceara-em-0-a-0-e-empaca-a-reacao","status":"publish","type":"post","link":"https:\/\/www.notibras.com\/site\/parana-empata-em-casa-com-ceara-em-0-a-0-e-empaca-a-reacao\/","title":{"rendered":"Paran\u00e1 empata em casa com Cear\u00e1 em 0 a 0 e empaca a rea\u00e7\u00e3o"},"content":{"rendered":"<p>O Paran\u00e1 Clube n\u00e3o conseguiu aproveitar um homem a mais em campo e o fator casa e ficou neste ter\u00e7a-feira no empate sem gols diante do Cear\u00e1, na Vila Capanema, chegando aos 30 pontos na S\u00e9rie B do Campeonato Brasileiro, ainda fora do grupo dos dez primeiros colocados, emperrando sua rea\u00e7\u00e3o. O time cearense, por sua vez, chegou aos 39 pontos e v\u00ea em risco seu lugar no G-4.<\/p>\n<p>A partida come\u00e7ou com muita marca\u00e7\u00e3o, com as equipes mostrando muita disposi\u00e7\u00e3o na disputa das jogadas. Aos quatro minutos, Anderson Rosa desviou de cabe\u00e7a na \u00e1rea e a bola foi direto pela linha de fundo. Aos poucos o time cearense se soltava em campo e, aos nove minutos, Bill encontrou espa\u00e7o para chutar cruzado, f\u00e1cil para o goleiro Marcos. O atacante tentou mais uma, de cabe\u00e7a, aos 12 minutos, mas sem dire\u00e7\u00e3o.<\/p>\n<blockquote><p>As equipes erravam muitos passes e deixavam o jogo n\u00e3o muito agrad\u00e1vel de assistir. Aos 15 minutos, Tiago Alves deixou a defesa alvinegra para tr\u00e1s e chutou forte, completamente sem dire\u00e7\u00e3o. Aos 19 minutos, Felipe Amorim cruzou com na medida para Nik\u00e3o, que finalizou em cima da defesa. Aos 25 minutos, confus\u00e3o entre Henrique Santos e Alex Lima, que acertou um chute na perna do advers\u00e1rio. Acalmado os \u00e2nimos, o \u00e1rbitro deu amarelo para o cearense.<\/p><\/blockquote>\n<p>Fechado, o Cear\u00e1 esperava para jogar no contra-ataque, mas come\u00e7ava a dar espa\u00e7o para as chegadas paranistas. Aos 31 minutos, Lucas Ot\u00e1vio mandou a bomba de fora da \u00e1rea, com perigo para o gol de Lu\u00eds Carlos. Aos 39 minutos, a melhor oportunidade nos 45 minutos iniciais. Ricardinho cobrou falta e Marcos foi buscar para ceder escanteio.<\/p>\n<p>Para a etapa final, os dois times retornaram sem altera\u00e7\u00f5es. O panorama do jogo seguia o mesmo, com muita marca\u00e7\u00e3o e poucas finaliza\u00e7\u00f5es. Aos oito minutos, Ricardinho lan\u00e7ou Alex, mas o jogador alvinegro entrava na zaga em impedimento. O Cear\u00e1 cresceu de produ\u00e7\u00e3o e, aos 14 minutos, Ricardinho cobrou escanteio para Felipe Amorim pegar de primeira e carimbar a trave.<\/p>\n<p>Precisando do resultado em casa, o t\u00e9cnico Ricardinho colocou o meia J\u00falio C\u00e9sar e o lateral Ricardinho, seu xar\u00e1, para tentar melhorar a movimenta\u00e7\u00e3o do Tricolor da Vila. Aos 26 minutos, J\u00falio Cear arriscou de longe e isolou a bola. Aos 28 minutos, Ricardinho, do Cear\u00e1, recebeu o segundo cart\u00e3o amarelo e foi mais cedo para o chuveiro.<br \/>\npublicidade<\/p>\n<p>Com um a mais em campo, o Paran\u00e1 teria cerca de 20 minutos pela frente para tentar aproveitar a vantagem e furar a marca\u00e7\u00e3o cearense, que se fechou ainda mais. Aos 36 minutos, Tiago Alves acertou um belo voleio e Lu\u00eds Carlos salvou. Um minuto depois, novo chute de Tiago Alves para mais uma defesa do goleiro. Os donos da casa n\u00e3o mostravam for\u00e7as para passar pelo ferrolho e tiveram que se contentar com um ponto.<\/p>\n<p>Na pr\u00f3xima rodada, o Paran\u00e1 Clube encara o Boa Esporte, s\u00e1bado, no Est\u00e1dio Dilzon Melo, em Varginha. J\u00e1 o Cear\u00e1 volta a campo na sexta-feira, quando recebe o Ava\u00ed, no Est\u00e1dio Castel\u00e3o, em Fortaleza.<\/p>\n","protected":false},"excerpt":{"rendered":"<p>O Paran\u00e1 Clube n\u00e3o conseguiu aproveitar um homem a mais em campo e o fator casa e ficou neste ter\u00e7a-feira no empate sem gols diante do Cear\u00e1, na Vila Capanema, chegando aos 30 pontos na S\u00e9rie B do Campeonato Brasileiro, ainda fora do grupo dos dez primeiros colocados, emperrando sua rea\u00e7\u00e3o. O time cearense, por [&hellip;]<\/p>\n","protected":false},"author":2,"featured_media":22460,"comment_status":"open","ping_status":"closed","sticky":false,"template":"","format":"standard","meta":{"_acf_changed":false,"footnotes":""},"categories":[19,29],"tags":[],"class_list":["post-22459","post","type-post","status-publish","format-standard","has-post-thumbnail","hentry","category-esportes","category-futebol"],"acf":[],"yoast_head":"<!-- This site is optimized with the Yoast SEO plugin v27.2 - https:\/\/yoast.com\/product\/yoast-seo-wordpress\/ -->\n<title>Paran\u00e1 empata em casa com Cear\u00e1 em 0 a 0 e empaca a rea\u00e7\u00e3o - Notibras<\/title>\n<meta name=\"robots\" content=\"index, follow, max-snippet:-1, max-image-preview:large, max-video-preview:-1\" \/>\n<link rel=\"canonical\" href=\"https:\/\/www.notibras.com\/site\/parana-empata-em-casa-com-ceara-em-0-a-0-e-empaca-a-reacao\/\" \/>\n<meta property=\"og:locale\" content=\"pt_BR\" \/>\n<meta property=\"og:type\" content=\"article\" \/>\n<meta property=\"og:title\" content=\"Paran\u00e1 empata em casa com Cear\u00e1 em 0 a 0 e empaca a rea\u00e7\u00e3o - Notibras\" \/>\n<meta property=\"og:description\" content=\"O Paran\u00e1 Clube n\u00e3o conseguiu aproveitar um homem a mais em campo e o fator casa e ficou neste ter\u00e7a-feira no empate sem gols diante do Cear\u00e1, na Vila Capanema, chegando aos 30 pontos na S\u00e9rie B do Campeonato Brasileiro, ainda fora do grupo dos dez primeiros colocados, emperrando sua rea\u00e7\u00e3o. O time cearense, por [&hellip;]\" \/>\n<meta property=\"og:url\" content=\"https:\/\/www.notibras.com\/site\/parana-empata-em-casa-com-ceara-em-0-a-0-e-empaca-a-reacao\/\" \/>\n<meta property=\"og:site_name\" content=\"Notibras\" \/>\n<meta property=\"article:publisher\" content=\"https:\/\/www.facebook.com\/notibras\/\" \/>\n<meta property=\"article:published_time\" content=\"2014-09-17T01:06:39+00:00\" \/>\n<meta property=\"og:image\" content=\"https:\/\/www.notibras.com\/site\/wp-content\/uploads\/2014\/09\/esp.jpg\" \/>\n\t<meta property=\"og:image:width\" content=\"620\" \/>\n\t<meta property=\"og:image:height\" content=\"470\" \/>\n\t<meta property=\"og:image:type\" content=\"image\/jpeg\" \/>\n<meta name=\"author\" content=\"Reda\u00e7\u00e3o\" \/>\n<meta name=\"twitter:card\" content=\"summary_large_image\" \/>\n<meta name=\"twitter:creator\" content=\"@Notibras\" \/>\n<meta name=\"twitter:site\" content=\"@Notibras\" \/>\n<meta name=\"twitter:label1\" content=\"Escrito por\" \/>\n\t<meta name=\"twitter:data1\" content=\"Reda\u00e7\u00e3o\" \/>\n\t<meta name=\"twitter:label2\" content=\"Est. tempo de leitura\" \/>\n\t<meta name=\"twitter:data2\" content=\"3 minutos\" \/>\n<script type=\"application\/ld+json\" class=\"yoast-schema-graph\">{\"@context\":\"https:\/\/schema.org\",\"@graph\":[{\"@type\":\"Article\",\"@id\":\"https:\/\/www.notibras.com\/site\/parana-empata-em-casa-com-ceara-em-0-a-0-e-empaca-a-reacao\/#article\",\"isPartOf\":{\"@id\":\"https:\/\/www.notibras.com\/site\/parana-empata-em-casa-com-ceara-em-0-a-0-e-empaca-a-reacao\/\"},\"author\":{\"name\":\"Reda\u00e7\u00e3o\",\"@id\":\"https:\/\/www.notibras.com\/site\/#\/schema\/person\/36ab0979449956132d3e5b517ea76ac8\"},\"headline\":\"Paran\u00e1 empata em casa com Cear\u00e1 em 0 a 0 e empaca a rea\u00e7\u00e3o\",\"datePublished\":\"2014-09-17T01:06:39+00:00\",\"mainEntityOfPage\":{\"@id\":\"https:\/\/www.notibras.com\/site\/parana-empata-em-casa-com-ceara-em-0-a-0-e-empaca-a-reacao\/\"},\"wordCount\":545,\"commentCount\":0,\"publisher\":{\"@id\":\"https:\/\/www.notibras.com\/site\/#organization\"},\"image\":{\"@id\":\"https:\/\/www.notibras.com\/site\/parana-empata-em-casa-com-ceara-em-0-a-0-e-empaca-a-reacao\/#primaryimage\"},\"thumbnailUrl\":\"https:\/\/www.notibras.com\/site\/wp-content\/uploads\/2014\/09\/esp.jpg\",\"articleSection\":[\"Esportes\",\"Futebol\"],\"inLanguage\":\"pt-BR\",\"potentialAction\":[{\"@type\":\"CommentAction\",\"name\":\"Comment\",\"target\":[\"https:\/\/www.notibras.com\/site\/parana-empata-em-casa-com-ceara-em-0-a-0-e-empaca-a-reacao\/#respond\"]}]},{\"@type\":\"WebPage\",\"@id\":\"https:\/\/www.notibras.com\/site\/parana-empata-em-casa-com-ceara-em-0-a-0-e-empaca-a-reacao\/\",\"url\":\"https:\/\/www.notibras.com\/site\/parana-empata-em-casa-com-ceara-em-0-a-0-e-empaca-a-reacao\/\",\"name\":\"Paran\u00e1 empata em casa com Cear\u00e1 em 0 a 0 e empaca a rea\u00e7\u00e3o - Notibras\",\"isPartOf\":{\"@id\":\"https:\/\/www.notibras.com\/site\/#website\"},\"primaryImageOfPage\":{\"@id\":\"https:\/\/www.notibras.com\/site\/parana-empata-em-casa-com-ceara-em-0-a-0-e-empaca-a-reacao\/#primaryimage\"},\"image\":{\"@id\":\"https:\/\/www.notibras.com\/site\/parana-empata-em-casa-com-ceara-em-0-a-0-e-empaca-a-reacao\/#primaryimage\"},\"thumbnailUrl\":\"https:\/\/www.notibras.com\/site\/wp-content\/uploads\/2014\/09\/esp.jpg\",\"datePublished\":\"2014-09-17T01:06:39+00:00\",\"breadcrumb\":{\"@id\":\"https:\/\/www.notibras.com\/site\/parana-empata-em-casa-com-ceara-em-0-a-0-e-empaca-a-reacao\/#breadcrumb\"},\"inLanguage\":\"pt-BR\",\"potentialAction\":[{\"@type\":\"ReadAction\",\"target\":[\"https:\/\/www.notibras.com\/site\/parana-empata-em-casa-com-ceara-em-0-a-0-e-empaca-a-reacao\/\"]}]},{\"@type\":\"ImageObject\",\"inLanguage\":\"pt-BR\",\"@id\":\"https:\/\/www.notibras.com\/site\/parana-empata-em-casa-com-ceara-em-0-a-0-e-empaca-a-reacao\/#primaryimage\",\"url\":\"https:\/\/www.notibras.com\/site\/wp-content\/uploads\/2014\/09\/esp.jpg\",\"contentUrl\":\"https:\/\/www.notibras.com\/site\/wp-content\/uploads\/2014\/09\/esp.jpg\",\"width\":620,\"height\":470},{\"@type\":\"BreadcrumbList\",\"@id\":\"https:\/\/www.notibras.com\/site\/parana-empata-em-casa-com-ceara-em-0-a-0-e-empaca-a-reacao\/#breadcrumb\",\"itemListElement\":[{\"@type\":\"ListItem\",\"position\":1,\"name\":\"In\u00edcio\",\"item\":\"https:\/\/www.notibras.com\/site\/\"},{\"@type\":\"ListItem\",\"position\":2,\"name\":\"Paran\u00e1 empata em casa com Cear\u00e1 em 0 a 0 e empaca a rea\u00e7\u00e3o\"}]},{\"@type\":\"WebSite\",\"@id\":\"https:\/\/www.notibras.com\/site\/#website\",\"url\":\"https:\/\/www.notibras.com\/site\/\",\"name\":\"Notibras\",\"description\":\"Not\u00edcias de Bras\u00edlia, do Brasil e do Mundo\",\"publisher\":{\"@id\":\"https:\/\/www.notibras.com\/site\/#organization\"},\"potentialAction\":[{\"@type\":\"SearchAction\",\"target\":{\"@type\":\"EntryPoint\",\"urlTemplate\":\"https:\/\/www.notibras.com\/site\/?s={search_term_string}\"},\"query-input\":{\"@type\":\"PropertyValueSpecification\",\"valueRequired\":true,\"valueName\":\"search_term_string\"}}],\"inLanguage\":\"pt-BR\"},{\"@type\":\"Organization\",\"@id\":\"https:\/\/www.notibras.com\/site\/#organization\",\"name\":\"Grupo Notibras de Comunica\u00e7\u00e3o\",\"url\":\"https:\/\/www.notibras.com\/site\/\",\"logo\":{\"@type\":\"ImageObject\",\"inLanguage\":\"pt-BR\",\"@id\":\"https:\/\/www.notibras.com\/site\/#\/schema\/logo\/image\/\",\"url\":\"https:\/\/www.notibras.com\/site\/wp-content\/uploads\/2023\/01\/notibras23.png\",\"contentUrl\":\"https:\/\/www.notibras.com\/site\/wp-content\/uploads\/2023\/01\/notibras23.png\",\"width\":350,\"height\":87,\"caption\":\"Grupo Notibras de Comunica\u00e7\u00e3o\"},\"image\":{\"@id\":\"https:\/\/www.notibras.com\/site\/#\/schema\/logo\/image\/\"},\"sameAs\":[\"https:\/\/www.facebook.com\/notibras\/\",\"https:\/\/x.com\/Notibras\",\"https:\/\/www.instagram.com\/notibras\/\"]},{\"@type\":\"Person\",\"@id\":\"https:\/\/www.notibras.com\/site\/#\/schema\/person\/36ab0979449956132d3e5b517ea76ac8\",\"name\":\"Reda\u00e7\u00e3o\",\"image\":{\"@type\":\"ImageObject\",\"inLanguage\":\"pt-BR\",\"@id\":\"https:\/\/secure.gravatar.com\/avatar\/e0a867bdedb85fd243eadf09663511f96fc81e0720a4a42581f334ad4303aa6b?s=96&d=mm&r=g\",\"url\":\"https:\/\/secure.gravatar.com\/avatar\/e0a867bdedb85fd243eadf09663511f96fc81e0720a4a42581f334ad4303aa6b?s=96&d=mm&r=g\",\"contentUrl\":\"https:\/\/secure.gravatar.com\/avatar\/e0a867bdedb85fd243eadf09663511f96fc81e0720a4a42581f334ad4303aa6b?s=96&d=mm&r=g\",\"caption\":\"Reda\u00e7\u00e3o\"}}]}<\/script>\n<!-- \/ Yoast SEO plugin. -->","yoast_head_json":{"title":"Paran\u00e1 empata em casa com Cear\u00e1 em 0 a 0 e empaca a rea\u00e7\u00e3o - Notibras","robots":{"index":"index","follow":"follow","max-snippet":"max-snippet:-1","max-image-preview":"max-image-preview:large","max-video-preview":"max-video-preview:-1"},"canonical":"https:\/\/www.notibras.com\/site\/parana-empata-em-casa-com-ceara-em-0-a-0-e-empaca-a-reacao\/","og_locale":"pt_BR","og_type":"article","og_title":"Paran\u00e1 empata em casa com Cear\u00e1 em 0 a 0 e empaca a rea\u00e7\u00e3o - Notibras","og_description":"O Paran\u00e1 Clube n\u00e3o conseguiu aproveitar um homem a mais em campo e o fator casa e ficou neste ter\u00e7a-feira no empate sem gols diante do Cear\u00e1, na Vila Capanema, chegando aos 30 pontos na S\u00e9rie B do Campeonato Brasileiro, ainda fora do grupo dos dez primeiros colocados, emperrando sua rea\u00e7\u00e3o. O time cearense, por [&hellip;]","og_url":"https:\/\/www.notibras.com\/site\/parana-empata-em-casa-com-ceara-em-0-a-0-e-empaca-a-reacao\/","og_site_name":"Notibras","article_publisher":"https:\/\/www.facebook.com\/notibras\/","article_published_time":"2014-09-17T01:06:39+00:00","og_image":[{"width":620,"height":470,"url":"https:\/\/www.notibras.com\/site\/wp-content\/uploads\/2014\/09\/esp.jpg","type":"image\/jpeg"}],"author":"Reda\u00e7\u00e3o","twitter_card":"summary_large_image","twitter_creator":"@Notibras","twitter_site":"@Notibras","twitter_misc":{"Escrito por":"Reda\u00e7\u00e3o","Est. tempo de leitura":"3 minutos"},"schema":{"@context":"https:\/\/schema.org","@graph":[{"@type":"Article","@id":"https:\/\/www.notibras.com\/site\/parana-empata-em-casa-com-ceara-em-0-a-0-e-empaca-a-reacao\/#article","isPartOf":{"@id":"https:\/\/www.notibras.com\/site\/parana-empata-em-casa-com-ceara-em-0-a-0-e-empaca-a-reacao\/"},"author":{"name":"Reda\u00e7\u00e3o","@id":"https:\/\/www.notibras.com\/site\/#\/schema\/person\/36ab0979449956132d3e5b517ea76ac8"},"headline":"Paran\u00e1 empata em casa com Cear\u00e1 em 0 a 0 e empaca a rea\u00e7\u00e3o","datePublished":"2014-09-17T01:06:39+00:00","mainEntityOfPage":{"@id":"https:\/\/www.notibras.com\/site\/parana-empata-em-casa-com-ceara-em-0-a-0-e-empaca-a-reacao\/"},"wordCount":545,"commentCount":0,"publisher":{"@id":"https:\/\/www.notibras.com\/site\/#organization"},"image":{"@id":"https:\/\/www.notibras.com\/site\/parana-empata-em-casa-com-ceara-em-0-a-0-e-empaca-a-reacao\/#primaryimage"},"thumbnailUrl":"https:\/\/www.notibras.com\/site\/wp-content\/uploads\/2014\/09\/esp.jpg","articleSection":["Esportes","Futebol"],"inLanguage":"pt-BR","potentialAction":[{"@type":"CommentAction","name":"Comment","target":["https:\/\/www.notibras.com\/site\/parana-empata-em-casa-com-ceara-em-0-a-0-e-empaca-a-reacao\/#respond"]}]},{"@type":"WebPage","@id":"https:\/\/www.notibras.com\/site\/parana-empata-em-casa-com-ceara-em-0-a-0-e-empaca-a-reacao\/","url":"https:\/\/www.notibras.com\/site\/parana-empata-em-casa-com-ceara-em-0-a-0-e-empaca-a-reacao\/","name":"Paran\u00e1 empata em casa com Cear\u00e1 em 0 a 0 e empaca a rea\u00e7\u00e3o - Notibras","isPartOf":{"@id":"https:\/\/www.notibras.com\/site\/#website"},"primaryImageOfPage":{"@id":"https:\/\/www.notibras.com\/site\/parana-empata-em-casa-com-ceara-em-0-a-0-e-empaca-a-reacao\/#primaryimage"},"image":{"@id":"https:\/\/www.notibras.com\/site\/parana-empata-em-casa-com-ceara-em-0-a-0-e-empaca-a-reacao\/#primaryimage"},"thumbnailUrl":"https:\/\/www.notibras.com\/site\/wp-content\/uploads\/2014\/09\/esp.jpg","datePublished":"2014-09-17T01:06:39+00:00","breadcrumb":{"@id":"https:\/\/www.notibras.com\/site\/parana-empata-em-casa-com-ceara-em-0-a-0-e-empaca-a-reacao\/#breadcrumb"},"inLanguage":"pt-BR","potentialAction":[{"@type":"ReadAction","target":["https:\/\/www.notibras.com\/site\/parana-empata-em-casa-com-ceara-em-0-a-0-e-empaca-a-reacao\/"]}]},{"@type":"ImageObject","inLanguage":"pt-BR","@id":"https:\/\/www.notibras.com\/site\/parana-empata-em-casa-com-ceara-em-0-a-0-e-empaca-a-reacao\/#primaryimage","url":"https:\/\/www.notibras.com\/site\/wp-content\/uploads\/2014\/09\/esp.jpg","contentUrl":"https:\/\/www.notibras.com\/site\/wp-content\/uploads\/2014\/09\/esp.jpg","width":620,"height":470},{"@type":"BreadcrumbList","@id":"https:\/\/www.notibras.com\/site\/parana-empata-em-casa-com-ceara-em-0-a-0-e-empaca-a-reacao\/#breadcrumb","itemListElement":[{"@type":"ListItem","position":1,"name":"In\u00edcio","item":"https:\/\/www.notibras.com\/site\/"},{"@type":"ListItem","position":2,"name":"Paran\u00e1 empata em casa com Cear\u00e1 em 0 a 0 e empaca a rea\u00e7\u00e3o"}]},{"@type":"WebSite","@id":"https:\/\/www.notibras.com\/site\/#website","url":"https:\/\/www.notibras.com\/site\/","name":"Notibras","description":"Not\u00edcias de Bras\u00edlia, do Brasil e do Mundo","publisher":{"@id":"https:\/\/www.notibras.com\/site\/#organization"},"potentialAction":[{"@type":"SearchAction","target":{"@type":"EntryPoint","urlTemplate":"https:\/\/www.notibras.com\/site\/?s={search_term_string}"},"query-input":{"@type":"PropertyValueSpecification","valueRequired":true,"valueName":"search_term_string"}}],"inLanguage":"pt-BR"},{"@type":"Organization","@id":"https:\/\/www.notibras.com\/site\/#organization","name":"Grupo Notibras de Comunica\u00e7\u00e3o","url":"https:\/\/www.notibras.com\/site\/","logo":{"@type":"ImageObject","inLanguage":"pt-BR","@id":"https:\/\/www.notibras.com\/site\/#\/schema\/logo\/image\/","url":"https:\/\/www.notibras.com\/site\/wp-content\/uploads\/2023\/01\/notibras23.png","contentUrl":"https:\/\/www.notibras.com\/site\/wp-content\/uploads\/2023\/01\/notibras23.png","width":350,"height":87,"caption":"Grupo Notibras de Comunica\u00e7\u00e3o"},"image":{"@id":"https:\/\/www.notibras.com\/site\/#\/schema\/logo\/image\/"},"sameAs":["https:\/\/www.facebook.com\/notibras\/","https:\/\/x.com\/Notibras","https:\/\/www.instagram.com\/notibras\/"]},{"@type":"Person","@id":"https:\/\/www.notibras.com\/site\/#\/schema\/person\/36ab0979449956132d3e5b517ea76ac8","name":"Reda\u00e7\u00e3o","image":{"@type":"ImageObject","inLanguage":"pt-BR","@id":"https:\/\/secure.gravatar.com\/avatar\/e0a867bdedb85fd243eadf09663511f96fc81e0720a4a42581f334ad4303aa6b?s=96&d=mm&r=g","url":"https:\/\/secure.gravatar.com\/avatar\/e0a867bdedb85fd243eadf09663511f96fc81e0720a4a42581f334ad4303aa6b?s=96&d=mm&r=g","contentUrl":"https:\/\/secure.gravatar.com\/avatar\/e0a867bdedb85fd243eadf09663511f96fc81e0720a4a42581f334ad4303aa6b?s=96&d=mm&r=g","caption":"Reda\u00e7\u00e3o"}}]}},"amp_enabled":true,"_links":{"self":[{"href":"https:\/\/www.notibras.com\/site\/wp-json\/wp\/v2\/posts\/22459","targetHints":{"allow":["GET"]}}],"collection":[{"href":"https:\/\/www.notibras.com\/site\/wp-json\/wp\/v2\/posts"}],"about":[{"href":"https:\/\/www.notibras.com\/site\/wp-json\/wp\/v2\/types\/post"}],"author":[{"embeddable":true,"href":"https:\/\/www.notibras.com\/site\/wp-json\/wp\/v2\/users\/2"}],"replies":[{"embeddable":true,"href":"https:\/\/www.notibras.com\/site\/wp-json\/wp\/v2\/comments?post=22459"}],"version-history":[{"count":0,"href":"https:\/\/www.notibras.com\/site\/wp-json\/wp\/v2\/posts\/22459\/revisions"}],"wp:featuredmedia":[{"embeddable":true,"href":"https:\/\/www.notibras.com\/site\/wp-json\/wp\/v2\/media\/22460"}],"wp:attachment":[{"href":"https:\/\/www.notibras.com\/site\/wp-json\/wp\/v2\/media?parent=22459"}],"wp:term":[{"taxonomy":"category","embeddable":true,"href":"https:\/\/www.notibras.com\/site\/wp-json\/wp\/v2\/categories?post=22459"},{"taxonomy":"post_tag","embeddable":true,"href":"https:\/\/www.notibras.com\/site\/wp-json\/wp\/v2\/tags?post=22459"}],"curies":[{"name":"wp","href":"https:\/\/api.w.org\/{rel}","templated":true}]}}