{"id":22462,"date":"2014-09-16T22:15:20","date_gmt":"2014-09-17T01:15:20","guid":{"rendered":"http:\/\/www.notibras.com\/site\/?p=22462"},"modified":"2014-09-16T22:15:20","modified_gmt":"2014-09-17T01:15:20","slug":"atletico-go-derrota-america-rn-que-fica-perto-do-rebaixamento","status":"publish","type":"post","link":"https:\/\/www.notibras.com\/site\/atletico-go-derrota-america-rn-que-fica-perto-do-rebaixamento\/","title":{"rendered":"Atl\u00e9tico-GO derrota Am\u00e9rica-RN que fica perto do rebaixamento"},"content":{"rendered":"<p>Um gol em cada tempo e o nono lugar na tabela de classifica\u00e7\u00e3o do Campeonato Brasileiro da S\u00e9rie B. Tudo isso foi conquistado pelo Atl\u00e9tico-GO na noite desta ter\u00e7a-feira, no Serra Dourada. O time bateu o Am\u00e9rica-RN por 2 a 0, com gols de Jorginho e Kayke.<\/p>\n<p>O resultado jogou os visitantes para a 16\u00aa coloca\u00e7\u00e3o na tabela. Ou seja, o primeiro time fora da zona de rebaixamento. Situa\u00e7\u00e3o preocupante j\u00e1 que a equipe teve muitas dificuldades jogando fora de casa.<\/p>\n<blockquote><p>O primeiro gol n\u00e3o tardou em sair a favor dos donos da casa. Aos 20min, Jorginho recebeu excelente passe vindo da intermedi\u00e1ria, partiu em velocidade e ficou cara a cara com o goleiro. Oportunista, deixou Andrey no ch\u00e3o e abriu o placar pelo Am\u00e9rica-RN. No finzinho da etapa inicial, Andr\u00e9 Lu\u00eds ainda tentou ampliar o placar, mas dessa vez o arqueiro cumpriu muito bem o seu papel e afastou. No rebote, Jorginho perdeu.<\/p><\/blockquote>\n<p>Sem esbo\u00e7ar qualquer tipo de rea\u00e7\u00e3o ou tentativa de contra-ataque, o Am\u00e9rica-RN foi para o intervalo com a desvantagem no placar e a miss\u00e3o de melhorar muito o rendimento na etapa final para conseguir reverter o resultado. Logo na volta, Marcelinho deu lugar a Walber na lateral da equipe.<\/p>\n<p>O Am\u00e9rica-RN voltou com novo \u00e2nimo ao segundo tempo e, logo aos 15min, Pimp\u00e3o fez bela tabelinha com Max e ficou cara a cara com M\u00e1rcio. O goleiro do Drag\u00e3o foi obrigado a fazer uma excelente defesa.<\/p>\n<p>O Atl\u00e9tico-GO respondeu aos 22min, com Juninho, que havia acabado de entrar na partida. O jogador recebeu na esquerda e bateu firme. Caprichosa, a bola explodiu na trave a partida seguiu em 1 a 0 apenas.<\/p>\n<p>Aos 34min, Arthur Maia teve uma excelente chance de empatar a partida, mas a bola novamente passou rente \u00e0 trave. O meio-campista acabou substitu\u00eddo logo depois, sentindo fortes caibras. Nos minutos restantes, o Am\u00e9rica-RN n\u00e3o conseguiu passar pela forte marca\u00e7\u00e3o do Atl\u00e9tico-GO e acabou derrotado.<\/p>\n<p>N\u00e3o sem antes sofrer mais um gol. Em noite inspirada, Kayke precisou de poucos minutos para ampliar. Aos 44min, ele recebeu cruzamento e subiu mais alto que todo mundo para mandar para o fundo das redes. 2 a 0 para o Atl\u00e9tico-GO.<\/p>\n","protected":false},"excerpt":{"rendered":"<p>Um gol em cada tempo e o nono lugar na tabela de classifica\u00e7\u00e3o do Campeonato Brasileiro da S\u00e9rie B. Tudo isso foi conquistado pelo Atl\u00e9tico-GO na noite desta ter\u00e7a-feira, no Serra Dourada. O time bateu o Am\u00e9rica-RN por 2 a 0, com gols de Jorginho e Kayke. O resultado jogou os visitantes para a 16\u00aa [&hellip;]<\/p>\n","protected":false},"author":2,"featured_media":22463,"comment_status":"open","ping_status":"closed","sticky":false,"template":"","format":"standard","meta":{"_acf_changed":false,"footnotes":""},"categories":[19,29],"tags":[],"class_list":["post-22462","post","type-post","status-publish","format-standard","has-post-thumbnail","hentry","category-esportes","category-futebol"],"acf":[],"yoast_head":"<!-- This site is optimized with the Yoast SEO plugin v27.2 - https:\/\/yoast.com\/product\/yoast-seo-wordpress\/ -->\n<title>Atl\u00e9tico-GO derrota Am\u00e9rica-RN que fica perto do rebaixamento - Notibras<\/title>\n<meta name=\"robots\" content=\"index, follow, max-snippet:-1, max-image-preview:large, max-video-preview:-1\" \/>\n<link rel=\"canonical\" href=\"https:\/\/www.notibras.com\/site\/atletico-go-derrota-america-rn-que-fica-perto-do-rebaixamento\/\" \/>\n<meta property=\"og:locale\" content=\"pt_BR\" \/>\n<meta property=\"og:type\" content=\"article\" \/>\n<meta property=\"og:title\" content=\"Atl\u00e9tico-GO derrota Am\u00e9rica-RN que fica perto do rebaixamento - Notibras\" \/>\n<meta property=\"og:description\" content=\"Um gol em cada tempo e o nono lugar na tabela de classifica\u00e7\u00e3o do Campeonato Brasileiro da S\u00e9rie B. Tudo isso foi conquistado pelo Atl\u00e9tico-GO na noite desta ter\u00e7a-feira, no Serra Dourada. O time bateu o Am\u00e9rica-RN por 2 a 0, com gols de Jorginho e Kayke. O resultado jogou os visitantes para a 16\u00aa [&hellip;]\" \/>\n<meta property=\"og:url\" content=\"https:\/\/www.notibras.com\/site\/atletico-go-derrota-america-rn-que-fica-perto-do-rebaixamento\/\" \/>\n<meta property=\"og:site_name\" content=\"Notibras\" \/>\n<meta property=\"article:publisher\" content=\"https:\/\/www.facebook.com\/notibras\/\" \/>\n<meta property=\"article:published_time\" content=\"2014-09-17T01:15:20+00:00\" \/>\n<meta property=\"og:image\" content=\"https:\/\/www.notibras.com\/site\/wp-content\/uploads\/2014\/09\/esp1.jpg\" \/>\n\t<meta property=\"og:image:width\" content=\"460\" \/>\n\t<meta property=\"og:image:height\" content=\"340\" \/>\n\t<meta property=\"og:image:type\" content=\"image\/jpeg\" \/>\n<meta name=\"author\" content=\"Reda\u00e7\u00e3o\" \/>\n<meta name=\"twitter:card\" content=\"summary_large_image\" \/>\n<meta name=\"twitter:creator\" content=\"@Notibras\" \/>\n<meta name=\"twitter:site\" content=\"@Notibras\" \/>\n<meta name=\"twitter:label1\" content=\"Escrito por\" \/>\n\t<meta name=\"twitter:data1\" content=\"Reda\u00e7\u00e3o\" \/>\n\t<meta name=\"twitter:label2\" content=\"Est. tempo de leitura\" \/>\n\t<meta name=\"twitter:data2\" content=\"2 minutos\" \/>\n<script type=\"application\/ld+json\" class=\"yoast-schema-graph\">{\"@context\":\"https:\/\/schema.org\",\"@graph\":[{\"@type\":\"Article\",\"@id\":\"https:\/\/www.notibras.com\/site\/atletico-go-derrota-america-rn-que-fica-perto-do-rebaixamento\/#article\",\"isPartOf\":{\"@id\":\"https:\/\/www.notibras.com\/site\/atletico-go-derrota-america-rn-que-fica-perto-do-rebaixamento\/\"},\"author\":{\"name\":\"Reda\u00e7\u00e3o\",\"@id\":\"https:\/\/www.notibras.com\/site\/#\/schema\/person\/36ab0979449956132d3e5b517ea76ac8\"},\"headline\":\"Atl\u00e9tico-GO derrota Am\u00e9rica-RN que fica perto do rebaixamento\",\"datePublished\":\"2014-09-17T01:15:20+00:00\",\"mainEntityOfPage\":{\"@id\":\"https:\/\/www.notibras.com\/site\/atletico-go-derrota-america-rn-que-fica-perto-do-rebaixamento\/\"},\"wordCount\":393,\"commentCount\":0,\"publisher\":{\"@id\":\"https:\/\/www.notibras.com\/site\/#organization\"},\"image\":{\"@id\":\"https:\/\/www.notibras.com\/site\/atletico-go-derrota-america-rn-que-fica-perto-do-rebaixamento\/#primaryimage\"},\"thumbnailUrl\":\"https:\/\/www.notibras.com\/site\/wp-content\/uploads\/2014\/09\/esp1.jpg\",\"articleSection\":[\"Esportes\",\"Futebol\"],\"inLanguage\":\"pt-BR\",\"potentialAction\":[{\"@type\":\"CommentAction\",\"name\":\"Comment\",\"target\":[\"https:\/\/www.notibras.com\/site\/atletico-go-derrota-america-rn-que-fica-perto-do-rebaixamento\/#respond\"]}]},{\"@type\":\"WebPage\",\"@id\":\"https:\/\/www.notibras.com\/site\/atletico-go-derrota-america-rn-que-fica-perto-do-rebaixamento\/\",\"url\":\"https:\/\/www.notibras.com\/site\/atletico-go-derrota-america-rn-que-fica-perto-do-rebaixamento\/\",\"name\":\"Atl\u00e9tico-GO derrota Am\u00e9rica-RN que fica perto do rebaixamento - Notibras\",\"isPartOf\":{\"@id\":\"https:\/\/www.notibras.com\/site\/#website\"},\"primaryImageOfPage\":{\"@id\":\"https:\/\/www.notibras.com\/site\/atletico-go-derrota-america-rn-que-fica-perto-do-rebaixamento\/#primaryimage\"},\"image\":{\"@id\":\"https:\/\/www.notibras.com\/site\/atletico-go-derrota-america-rn-que-fica-perto-do-rebaixamento\/#primaryimage\"},\"thumbnailUrl\":\"https:\/\/www.notibras.com\/site\/wp-content\/uploads\/2014\/09\/esp1.jpg\",\"datePublished\":\"2014-09-17T01:15:20+00:00\",\"breadcrumb\":{\"@id\":\"https:\/\/www.notibras.com\/site\/atletico-go-derrota-america-rn-que-fica-perto-do-rebaixamento\/#breadcrumb\"},\"inLanguage\":\"pt-BR\",\"potentialAction\":[{\"@type\":\"ReadAction\",\"target\":[\"https:\/\/www.notibras.com\/site\/atletico-go-derrota-america-rn-que-fica-perto-do-rebaixamento\/\"]}]},{\"@type\":\"ImageObject\",\"inLanguage\":\"pt-BR\",\"@id\":\"https:\/\/www.notibras.com\/site\/atletico-go-derrota-america-rn-que-fica-perto-do-rebaixamento\/#primaryimage\",\"url\":\"https:\/\/www.notibras.com\/site\/wp-content\/uploads\/2014\/09\/esp1.jpg\",\"contentUrl\":\"https:\/\/www.notibras.com\/site\/wp-content\/uploads\/2014\/09\/esp1.jpg\",\"width\":460,\"height\":340},{\"@type\":\"BreadcrumbList\",\"@id\":\"https:\/\/www.notibras.com\/site\/atletico-go-derrota-america-rn-que-fica-perto-do-rebaixamento\/#breadcrumb\",\"itemListElement\":[{\"@type\":\"ListItem\",\"position\":1,\"name\":\"In\u00edcio\",\"item\":\"https:\/\/www.notibras.com\/site\/\"},{\"@type\":\"ListItem\",\"position\":2,\"name\":\"Atl\u00e9tico-GO derrota Am\u00e9rica-RN que fica perto do rebaixamento\"}]},{\"@type\":\"WebSite\",\"@id\":\"https:\/\/www.notibras.com\/site\/#website\",\"url\":\"https:\/\/www.notibras.com\/site\/\",\"name\":\"Notibras\",\"description\":\"Not\u00edcias de Bras\u00edlia, do Brasil e do Mundo\",\"publisher\":{\"@id\":\"https:\/\/www.notibras.com\/site\/#organization\"},\"potentialAction\":[{\"@type\":\"SearchAction\",\"target\":{\"@type\":\"EntryPoint\",\"urlTemplate\":\"https:\/\/www.notibras.com\/site\/?s={search_term_string}\"},\"query-input\":{\"@type\":\"PropertyValueSpecification\",\"valueRequired\":true,\"valueName\":\"search_term_string\"}}],\"inLanguage\":\"pt-BR\"},{\"@type\":\"Organization\",\"@id\":\"https:\/\/www.notibras.com\/site\/#organization\",\"name\":\"Grupo Notibras de Comunica\u00e7\u00e3o\",\"url\":\"https:\/\/www.notibras.com\/site\/\",\"logo\":{\"@type\":\"ImageObject\",\"inLanguage\":\"pt-BR\",\"@id\":\"https:\/\/www.notibras.com\/site\/#\/schema\/logo\/image\/\",\"url\":\"https:\/\/www.notibras.com\/site\/wp-content\/uploads\/2023\/01\/notibras23.png\",\"contentUrl\":\"https:\/\/www.notibras.com\/site\/wp-content\/uploads\/2023\/01\/notibras23.png\",\"width\":350,\"height\":87,\"caption\":\"Grupo Notibras de Comunica\u00e7\u00e3o\"},\"image\":{\"@id\":\"https:\/\/www.notibras.com\/site\/#\/schema\/logo\/image\/\"},\"sameAs\":[\"https:\/\/www.facebook.com\/notibras\/\",\"https:\/\/x.com\/Notibras\",\"https:\/\/www.instagram.com\/notibras\/\"]},{\"@type\":\"Person\",\"@id\":\"https:\/\/www.notibras.com\/site\/#\/schema\/person\/36ab0979449956132d3e5b517ea76ac8\",\"name\":\"Reda\u00e7\u00e3o\",\"image\":{\"@type\":\"ImageObject\",\"inLanguage\":\"pt-BR\",\"@id\":\"https:\/\/secure.gravatar.com\/avatar\/e0a867bdedb85fd243eadf09663511f96fc81e0720a4a42581f334ad4303aa6b?s=96&d=mm&r=g\",\"url\":\"https:\/\/secure.gravatar.com\/avatar\/e0a867bdedb85fd243eadf09663511f96fc81e0720a4a42581f334ad4303aa6b?s=96&d=mm&r=g\",\"contentUrl\":\"https:\/\/secure.gravatar.com\/avatar\/e0a867bdedb85fd243eadf09663511f96fc81e0720a4a42581f334ad4303aa6b?s=96&d=mm&r=g\",\"caption\":\"Reda\u00e7\u00e3o\"}}]}<\/script>\n<!-- \/ Yoast SEO plugin. -->","yoast_head_json":{"title":"Atl\u00e9tico-GO derrota Am\u00e9rica-RN que fica perto do rebaixamento - Notibras","robots":{"index":"index","follow":"follow","max-snippet":"max-snippet:-1","max-image-preview":"max-image-preview:large","max-video-preview":"max-video-preview:-1"},"canonical":"https:\/\/www.notibras.com\/site\/atletico-go-derrota-america-rn-que-fica-perto-do-rebaixamento\/","og_locale":"pt_BR","og_type":"article","og_title":"Atl\u00e9tico-GO derrota Am\u00e9rica-RN que fica perto do rebaixamento - Notibras","og_description":"Um gol em cada tempo e o nono lugar na tabela de classifica\u00e7\u00e3o do Campeonato Brasileiro da S\u00e9rie B. Tudo isso foi conquistado pelo Atl\u00e9tico-GO na noite desta ter\u00e7a-feira, no Serra Dourada. O time bateu o Am\u00e9rica-RN por 2 a 0, com gols de Jorginho e Kayke. O resultado jogou os visitantes para a 16\u00aa [&hellip;]","og_url":"https:\/\/www.notibras.com\/site\/atletico-go-derrota-america-rn-que-fica-perto-do-rebaixamento\/","og_site_name":"Notibras","article_publisher":"https:\/\/www.facebook.com\/notibras\/","article_published_time":"2014-09-17T01:15:20+00:00","og_image":[{"width":460,"height":340,"url":"https:\/\/www.notibras.com\/site\/wp-content\/uploads\/2014\/09\/esp1.jpg","type":"image\/jpeg"}],"author":"Reda\u00e7\u00e3o","twitter_card":"summary_large_image","twitter_creator":"@Notibras","twitter_site":"@Notibras","twitter_misc":{"Escrito por":"Reda\u00e7\u00e3o","Est. tempo de leitura":"2 minutos"},"schema":{"@context":"https:\/\/schema.org","@graph":[{"@type":"Article","@id":"https:\/\/www.notibras.com\/site\/atletico-go-derrota-america-rn-que-fica-perto-do-rebaixamento\/#article","isPartOf":{"@id":"https:\/\/www.notibras.com\/site\/atletico-go-derrota-america-rn-que-fica-perto-do-rebaixamento\/"},"author":{"name":"Reda\u00e7\u00e3o","@id":"https:\/\/www.notibras.com\/site\/#\/schema\/person\/36ab0979449956132d3e5b517ea76ac8"},"headline":"Atl\u00e9tico-GO derrota Am\u00e9rica-RN que fica perto do rebaixamento","datePublished":"2014-09-17T01:15:20+00:00","mainEntityOfPage":{"@id":"https:\/\/www.notibras.com\/site\/atletico-go-derrota-america-rn-que-fica-perto-do-rebaixamento\/"},"wordCount":393,"commentCount":0,"publisher":{"@id":"https:\/\/www.notibras.com\/site\/#organization"},"image":{"@id":"https:\/\/www.notibras.com\/site\/atletico-go-derrota-america-rn-que-fica-perto-do-rebaixamento\/#primaryimage"},"thumbnailUrl":"https:\/\/www.notibras.com\/site\/wp-content\/uploads\/2014\/09\/esp1.jpg","articleSection":["Esportes","Futebol"],"inLanguage":"pt-BR","potentialAction":[{"@type":"CommentAction","name":"Comment","target":["https:\/\/www.notibras.com\/site\/atletico-go-derrota-america-rn-que-fica-perto-do-rebaixamento\/#respond"]}]},{"@type":"WebPage","@id":"https:\/\/www.notibras.com\/site\/atletico-go-derrota-america-rn-que-fica-perto-do-rebaixamento\/","url":"https:\/\/www.notibras.com\/site\/atletico-go-derrota-america-rn-que-fica-perto-do-rebaixamento\/","name":"Atl\u00e9tico-GO derrota Am\u00e9rica-RN que fica perto do rebaixamento - Notibras","isPartOf":{"@id":"https:\/\/www.notibras.com\/site\/#website"},"primaryImageOfPage":{"@id":"https:\/\/www.notibras.com\/site\/atletico-go-derrota-america-rn-que-fica-perto-do-rebaixamento\/#primaryimage"},"image":{"@id":"https:\/\/www.notibras.com\/site\/atletico-go-derrota-america-rn-que-fica-perto-do-rebaixamento\/#primaryimage"},"thumbnailUrl":"https:\/\/www.notibras.com\/site\/wp-content\/uploads\/2014\/09\/esp1.jpg","datePublished":"2014-09-17T01:15:20+00:00","breadcrumb":{"@id":"https:\/\/www.notibras.com\/site\/atletico-go-derrota-america-rn-que-fica-perto-do-rebaixamento\/#breadcrumb"},"inLanguage":"pt-BR","potentialAction":[{"@type":"ReadAction","target":["https:\/\/www.notibras.com\/site\/atletico-go-derrota-america-rn-que-fica-perto-do-rebaixamento\/"]}]},{"@type":"ImageObject","inLanguage":"pt-BR","@id":"https:\/\/www.notibras.com\/site\/atletico-go-derrota-america-rn-que-fica-perto-do-rebaixamento\/#primaryimage","url":"https:\/\/www.notibras.com\/site\/wp-content\/uploads\/2014\/09\/esp1.jpg","contentUrl":"https:\/\/www.notibras.com\/site\/wp-content\/uploads\/2014\/09\/esp1.jpg","width":460,"height":340},{"@type":"BreadcrumbList","@id":"https:\/\/www.notibras.com\/site\/atletico-go-derrota-america-rn-que-fica-perto-do-rebaixamento\/#breadcrumb","itemListElement":[{"@type":"ListItem","position":1,"name":"In\u00edcio","item":"https:\/\/www.notibras.com\/site\/"},{"@type":"ListItem","position":2,"name":"Atl\u00e9tico-GO derrota Am\u00e9rica-RN que fica perto do rebaixamento"}]},{"@type":"WebSite","@id":"https:\/\/www.notibras.com\/site\/#website","url":"https:\/\/www.notibras.com\/site\/","name":"Notibras","description":"Not\u00edcias de Bras\u00edlia, do Brasil e do Mundo","publisher":{"@id":"https:\/\/www.notibras.com\/site\/#organization"},"potentialAction":[{"@type":"SearchAction","target":{"@type":"EntryPoint","urlTemplate":"https:\/\/www.notibras.com\/site\/?s={search_term_string}"},"query-input":{"@type":"PropertyValueSpecification","valueRequired":true,"valueName":"search_term_string"}}],"inLanguage":"pt-BR"},{"@type":"Organization","@id":"https:\/\/www.notibras.com\/site\/#organization","name":"Grupo Notibras de Comunica\u00e7\u00e3o","url":"https:\/\/www.notibras.com\/site\/","logo":{"@type":"ImageObject","inLanguage":"pt-BR","@id":"https:\/\/www.notibras.com\/site\/#\/schema\/logo\/image\/","url":"https:\/\/www.notibras.com\/site\/wp-content\/uploads\/2023\/01\/notibras23.png","contentUrl":"https:\/\/www.notibras.com\/site\/wp-content\/uploads\/2023\/01\/notibras23.png","width":350,"height":87,"caption":"Grupo Notibras de Comunica\u00e7\u00e3o"},"image":{"@id":"https:\/\/www.notibras.com\/site\/#\/schema\/logo\/image\/"},"sameAs":["https:\/\/www.facebook.com\/notibras\/","https:\/\/x.com\/Notibras","https:\/\/www.instagram.com\/notibras\/"]},{"@type":"Person","@id":"https:\/\/www.notibras.com\/site\/#\/schema\/person\/36ab0979449956132d3e5b517ea76ac8","name":"Reda\u00e7\u00e3o","image":{"@type":"ImageObject","inLanguage":"pt-BR","@id":"https:\/\/secure.gravatar.com\/avatar\/e0a867bdedb85fd243eadf09663511f96fc81e0720a4a42581f334ad4303aa6b?s=96&d=mm&r=g","url":"https:\/\/secure.gravatar.com\/avatar\/e0a867bdedb85fd243eadf09663511f96fc81e0720a4a42581f334ad4303aa6b?s=96&d=mm&r=g","contentUrl":"https:\/\/secure.gravatar.com\/avatar\/e0a867bdedb85fd243eadf09663511f96fc81e0720a4a42581f334ad4303aa6b?s=96&d=mm&r=g","caption":"Reda\u00e7\u00e3o"}}]}},"amp_enabled":true,"_links":{"self":[{"href":"https:\/\/www.notibras.com\/site\/wp-json\/wp\/v2\/posts\/22462","targetHints":{"allow":["GET"]}}],"collection":[{"href":"https:\/\/www.notibras.com\/site\/wp-json\/wp\/v2\/posts"}],"about":[{"href":"https:\/\/www.notibras.com\/site\/wp-json\/wp\/v2\/types\/post"}],"author":[{"embeddable":true,"href":"https:\/\/www.notibras.com\/site\/wp-json\/wp\/v2\/users\/2"}],"replies":[{"embeddable":true,"href":"https:\/\/www.notibras.com\/site\/wp-json\/wp\/v2\/comments?post=22462"}],"version-history":[{"count":0,"href":"https:\/\/www.notibras.com\/site\/wp-json\/wp\/v2\/posts\/22462\/revisions"}],"wp:featuredmedia":[{"embeddable":true,"href":"https:\/\/www.notibras.com\/site\/wp-json\/wp\/v2\/media\/22463"}],"wp:attachment":[{"href":"https:\/\/www.notibras.com\/site\/wp-json\/wp\/v2\/media?parent=22462"}],"wp:term":[{"taxonomy":"category","embeddable":true,"href":"https:\/\/www.notibras.com\/site\/wp-json\/wp\/v2\/categories?post=22462"},{"taxonomy":"post_tag","embeddable":true,"href":"https:\/\/www.notibras.com\/site\/wp-json\/wp\/v2\/tags?post=22462"}],"curies":[{"name":"wp","href":"https:\/\/api.w.org\/{rel}","templated":true}]}}