{"id":22516,"date":"2014-09-17T21:11:19","date_gmt":"2014-09-18T00:11:19","guid":{"rendered":"http:\/\/www.notibras.com\/site\/?p=22516"},"modified":"2014-09-18T13:13:08","modified_gmt":"2014-09-18T16:13:08","slug":"dolar-sobe-mais-de-5-em-setembro-e-ultrapassa-a-barreira-dos-235-reais","status":"publish","type":"post","link":"https:\/\/www.notibras.com\/site\/dolar-sobe-mais-de-5-em-setembro-e-ultrapassa-a-barreira-dos-235-reais\/","title":{"rendered":"D\u00f3lar sobe mais de 5% e vence barreira dos 2,35 reais"},"content":{"rendered":"<p>No dia em que o Federal Reserve (Fed), Banco Central dos Estados Unidos, voltou a reduzir os est\u00edmulos \u00e0 economia do pa\u00eds, o d\u00f3lar fechou acima de R$ 2,35 pela primeira vez em seis meses. O d\u00f3lar comercial encerrou o dia vendido a R$ 2,3576, no maior valor desde 14 de mar\u00e7o, quando havia sido vendido a R$ 2,3516.<\/p>\n<p>Somente nesta quarta 17, a moeda norte-americana subiu quase R$ 0,03, aumento de 1,24%. A cota\u00e7\u00e3o acumula alta de 0,96% na semana e de 5,3% em setembro.<\/p>\n<p>Apesar de operar em alta durante a maior parte do dia, a cota\u00e7\u00e3o disparou depois do comunicado da reuni\u00e3o do Fed. No documento, 14 dos 16 membros do Comit\u00ea Federal de Mercado Aberto indicaram que os juros dos Estados Unidos podem aumentar a partir do in\u00edcio de 2015 e em ritmo mais acentuado que na estimativa anterior, divulgada em junho.<\/p>\n<p>Como tem ocorrido nas reuni\u00f5es desde o fim do ano passado, o Banco Central norte-americano voltou a cortar em US$ 10 bilh\u00f5es a inje\u00e7\u00e3o mensal de d\u00f3lares para ajudar a maior economia do planeta. A ajuda foi reduzida para US$ 15 bilh\u00f5es. A previs\u00e3o \u00e9 que o programa acabe no pr\u00f3ximo m\u00eas.<\/p>\n<p>Atualmente, os juros norte-americanos est\u00e3o entre 0 e 0,25% ao ano. As taxas est\u00e3o fixadas nesse n\u00edvel desde 2009, para estimular a recupera\u00e7\u00e3o dos Estados Unidos ap\u00f3s o estouro da bolha imobili\u00e1ria, em 2008. Juros mais altos nos Estados Unidos e menos inje\u00e7\u00f5es de d\u00f3lares pelo Fed estimulam a fuga de recursos de pa\u00edses emergentes, como o Brasil, para a economia norte-americana, o que se reflete em cota\u00e7\u00e3o mais alta do d\u00f3lar.<\/p>\n<p><strong>Welton M\u00e1ximo, ABr<\/strong><\/p>\n","protected":false},"excerpt":{"rendered":"<p>No dia em que o Federal Reserve (Fed), Banco Central dos Estados Unidos, voltou a reduzir os est\u00edmulos \u00e0 economia do pa\u00eds, o d\u00f3lar fechou acima de R$ 2,35 pela primeira vez em seis meses. O d\u00f3lar comercial encerrou o dia vendido a R$ 2,3576, no maior valor desde 14 de mar\u00e7o, quando havia sido [&hellip;]<\/p>\n","protected":false},"author":2,"featured_media":22517,"comment_status":"open","ping_status":"closed","sticky":false,"template":"","format":"standard","meta":{"_acf_changed":false,"footnotes":""},"categories":[16],"tags":[],"class_list":["post-22516","post","type-post","status-publish","format-standard","has-post-thumbnail","hentry","category-brasil"],"acf":[],"_links":{"self":[{"href":"https:\/\/www.notibras.com\/site\/wp-json\/wp\/v2\/posts\/22516","targetHints":{"allow":["GET"]}}],"collection":[{"href":"https:\/\/www.notibras.com\/site\/wp-json\/wp\/v2\/posts"}],"about":[{"href":"https:\/\/www.notibras.com\/site\/wp-json\/wp\/v2\/types\/post"}],"author":[{"embeddable":true,"href":"https:\/\/www.notibras.com\/site\/wp-json\/wp\/v2\/users\/2"}],"replies":[{"embeddable":true,"href":"https:\/\/www.notibras.com\/site\/wp-json\/wp\/v2\/comments?post=22516"}],"version-history":[{"count":0,"href":"https:\/\/www.notibras.com\/site\/wp-json\/wp\/v2\/posts\/22516\/revisions"}],"wp:featuredmedia":[{"embeddable":true,"href":"https:\/\/www.notibras.com\/site\/wp-json\/wp\/v2\/media\/22517"}],"wp:attachment":[{"href":"https:\/\/www.notibras.com\/site\/wp-json\/wp\/v2\/media?parent=22516"}],"wp:term":[{"taxonomy":"category","embeddable":true,"href":"https:\/\/www.notibras.com\/site\/wp-json\/wp\/v2\/categories?post=22516"},{"taxonomy":"post_tag","embeddable":true,"href":"https:\/\/www.notibras.com\/site\/wp-json\/wp\/v2\/tags?post=22516"}],"curies":[{"name":"wp","href":"https:\/\/api.w.org\/{rel}","templated":true}]}}