{"id":22520,"date":"2014-09-17T20:20:04","date_gmt":"2014-09-17T23:20:04","guid":{"rendered":"http:\/\/www.notibras.com\/site\/?p=22520"},"modified":"2014-09-17T21:24:54","modified_gmt":"2014-09-18T00:24:54","slug":"incertezas-da-sucessao-ameacam-crescimento-economico","status":"publish","type":"post","link":"https:\/\/www.notibras.com\/site\/incertezas-da-sucessao-ameacam-crescimento-economico\/","title":{"rendered":"Incerteza da sucess\u00e3o amea\u00e7a o crescimento da economia"},"content":{"rendered":"<div class=\"content\">\n<p>O Indicador Antecedente Composto da Economia (Iace), que sinaliza tend\u00eancias do comportamento da economia no curto prazo, caiu 0,4%, em agosto, ficando em 121,5 pontos, ante alta de 2% no m\u00eas anterior e redu\u00e7\u00e3o de 1,6%, em junho. Tr\u00eas dos oito componentes da taxa influenciaram positivamente o resultado, segundo levantamento feito pelo Instituto Brasileiro de Economia da Funda\u00e7\u00e3o Getulio Vargas (Ibre-FGV), em conjunto com a organiza\u00e7\u00e3o The Conference Board.<\/p>\n<p>J\u00e1 o Indicador Coincidente Composto da Economia (ICCE) do Brasil, que avalia o movimento concreto da economia apresentou ligeira alta de 0,1% em agosto, com 127,0 pontos. Em julho, a taxa tinha alcan\u00e7ado 0,2% e, em junho, recuo de 0,6%.<\/p>\n<p>O Iace e o ICCE tomam por base as pesquisas em torno das expectativas dos empres\u00e1rios e dos consumidores, al\u00e9m das varia\u00e7\u00f5es do Ibovespa (\u00edndice da Bolsa de Valores de S\u00e3o Paulo), da Taxa Referencial de Swaps DI Pr\u00e9-Fixada &#8211; 360 dias e de levantamentos da Funda\u00e7\u00e3o Centro de Estudos do Com\u00e9rcio Exterior (Funcex) e do balan\u00e7o da produ\u00e7\u00e3o de bens f\u00edsicos medidos pelo Instituto Brasileiro de Geografia e Estat\u00edstica (IBGE) .<\/p>\n<blockquote><p>Segundo o economista Paulo Picchetti, da FGV, o movimento em torno das elei\u00e7\u00f5es presidenciais de outubro, com a concorr\u00eancia mais acirrada entre os tr\u00eas candidatos mais bem colocados nas pesquisas, provocou um clima de incerteza quanto aos rumos da economia. &#8220;As expectativas dos indicadores permanecem indefinidas ante a proximidade das elei\u00e7\u00f5es. Ainda \u00e9 muito cedo para dizer se o crescimento econ\u00f4mico vai melhorar no segundo semestre deste ano, mas o Iace sugere que a economia, provavelmente, continuar\u00e1 em um cen\u00e1rio de dificuldades no curto prazo&#8221;, disse o economista.<\/p><\/blockquote>\n<p>Picchetti explicou que o Iace tem a caracter\u00edstica de antecipar mudan\u00e7as na economia. De acordo com ele, o resultado de agosto (queda de 0,4%) reflete tanto a desacelera\u00e7\u00e3o econ\u00f4mica mostrada nos dois trimestres negativos do Produto Interno Bruto (PIB, soma de todos os bens e servi\u00e7os produzidos no pa\u00eds) quanto as incertezas do mercado diante do movimento em torno das elei\u00e7\u00f5es, com a \u201creviravolta\u201d dos \u00faltimos dias. J\u00e1 o indicador coincidente caracteriza as mudan\u00e7as, destacou Picchetti.<\/p>\n<p>O economista do Conference Board, Ataman Ozyildirim, lembrou que, em sete dos oito primeiros meses deste ano, o Iace foi negativo, com desempenho fraco e generalizado dos principais indicadores antecedentes. &#8220;A perspectiva mais pessimista observada nas sondagens dos consumidores e nas expectativas em rela\u00e7\u00e3o ao setor de servi\u00e7os sobressa\u00edram-se \u00e0 melhoria das expectativas da ind\u00fastria de transforma\u00e7\u00e3o e do mercado de a\u00e7\u00f5es em agosto&#8221;, afirmou Ozyildirim.<\/p>\n<p>O Indicador Antecedente Composto da Economia para o Brasil foi lan\u00e7ado em julho do ano passado pelo FGV-Ibre e pelo Conference Board. Segundo as institui\u00e7\u00f5es, com uma s\u00e9rie desde 1996, o Iace antecipou, de maneira confi\u00e1vel, todas as quatro recess\u00f5es identificadas pelo Comit\u00ea de Data\u00e7\u00e3o de Ciclos Econ\u00f4micos do Ibre durante este per\u00edodo. O indicador permite uma compara\u00e7\u00e3o direta dos ciclos econ\u00f4micos do Brasil com os de v\u00e1rios pa\u00edses e regi\u00f5es j\u00e1 cobertos pelo Conference Board: China, Estados Unidos, Zona do Euro, Austr\u00e1lia, Fran\u00e7a, Alemanha, Jap\u00e3o, M\u00e9xico, Coreia, Espanha e Reino Unido.<\/p>\n<p><strong>Marli Moreira, ABr<\/strong><\/p>\n<\/div>\n","protected":false},"excerpt":{"rendered":"<p>O Indicador Antecedente Composto da Economia (Iace), que sinaliza tend\u00eancias do comportamento da economia no curto prazo, caiu 0,4%, em agosto, ficando em 121,5 pontos, ante alta de 2% no m\u00eas anterior e redu\u00e7\u00e3o de 1,6%, em junho. Tr\u00eas dos oito componentes da taxa influenciaram positivamente o resultado, segundo levantamento feito pelo Instituto Brasileiro de [&hellip;]<\/p>\n","protected":false},"author":2,"featured_media":22521,"comment_status":"open","ping_status":"closed","sticky":false,"template":"","format":"standard","meta":{"_acf_changed":false,"footnotes":""},"categories":[16],"tags":[],"class_list":["post-22520","post","type-post","status-publish","format-standard","has-post-thumbnail","hentry","category-brasil"],"acf":[],"_links":{"self":[{"href":"https:\/\/www.notibras.com\/site\/wp-json\/wp\/v2\/posts\/22520","targetHints":{"allow":["GET"]}}],"collection":[{"href":"https:\/\/www.notibras.com\/site\/wp-json\/wp\/v2\/posts"}],"about":[{"href":"https:\/\/www.notibras.com\/site\/wp-json\/wp\/v2\/types\/post"}],"author":[{"embeddable":true,"href":"https:\/\/www.notibras.com\/site\/wp-json\/wp\/v2\/users\/2"}],"replies":[{"embeddable":true,"href":"https:\/\/www.notibras.com\/site\/wp-json\/wp\/v2\/comments?post=22520"}],"version-history":[{"count":0,"href":"https:\/\/www.notibras.com\/site\/wp-json\/wp\/v2\/posts\/22520\/revisions"}],"wp:featuredmedia":[{"embeddable":true,"href":"https:\/\/www.notibras.com\/site\/wp-json\/wp\/v2\/media\/22521"}],"wp:attachment":[{"href":"https:\/\/www.notibras.com\/site\/wp-json\/wp\/v2\/media?parent=22520"}],"wp:term":[{"taxonomy":"category","embeddable":true,"href":"https:\/\/www.notibras.com\/site\/wp-json\/wp\/v2\/categories?post=22520"},{"taxonomy":"post_tag","embeddable":true,"href":"https:\/\/www.notibras.com\/site\/wp-json\/wp\/v2\/tags?post=22520"}],"curies":[{"name":"wp","href":"https:\/\/api.w.org\/{rel}","templated":true}]}}