{"id":225615,"date":"2020-02-22T00:33:00","date_gmt":"2020-02-22T03:33:00","guid":{"rendered":"https:\/\/www.notibras.com\/site\/?p=225615"},"modified":"2020-02-22T10:18:34","modified_gmt":"2020-02-22T13:18:34","slug":"egito-faz-festa-por-tumulo-da-rainha-nefertiti","status":"publish","type":"post","link":"https:\/\/www.notibras.com\/site\/egito-faz-festa-por-tumulo-da-rainha-nefertiti\/","title":{"rendered":"Egito faz festa por t\u00famulo da rainha Nefertiti"},"content":{"rendered":"<p>Nefertiti, a bela e poderosa rainha que governou o Egito por volta do S\u00e9culo 14 antes de Cristo, sempre provocou fasc\u00ednio em historiadores, arque\u00f3logos e egipt\u00f3logos por muitas d\u00e9cadas, pois seu t\u00famulo nunca foi encontrado e \u00e9 considerado por muitos enterrado no deserto. Ou era. A informa\u00e7\u00e3o que circulou nesta sexta, 21, no Cairo, \u00e9 a de que sua tumba foi enfim localizada.<\/p>\n<p>A m\u00famia da rainha, sustentam pesquisadores, estava escondida atr\u00e1s das paredes da tumba do fara\u00f3 Tutanc\u00e2mon. Em um relat\u00f3rio apresentado ao Conselho Supremo de Antiguidades do Egito e visto pela Natureza, os arque\u00f3logos sustentam a descoberta, com o uso de radar de penetra\u00e7\u00e3o no solo, de uma \u00e1rea oculta semelhante a um corredor, a poucos metros c\u00e2mara de Tutanc\u00e2mon.<\/p>\n<p>&#8220;\u00c9 aqui que est\u00e1 enterrada Nefertiti, grande esposa e rainha que presidiu um dos per\u00edodos mais pr\u00f3speros e est\u00e1veis \u200b\u200bda hist\u00f3ria do Egito Antigo&#8221;, disseram arque\u00f3logos.<\/p>\n<p>A teoria inovadora de que Nefertiti foi enterrada no t\u00famulo de Tut foi apresentada pela primeira vez pelo egipt\u00f3logo brit\u00e2nico Nicholas Reeves em 2015. No entanto, essas alega\u00e7\u00f5es foram contestadas, com uma equipe liderada por Francesco Porcelli, da Universidade Polit\u00e9cnica de Turim, concluindo em 2017 que n\u00e3o havia salas escondidas dentro ou ao redor da tumba.<\/p>\n<p>Agora, por\u00e9m, a verdade veio \u00e0 tona. Ray Johnson, egipt\u00f3logo do Instituto Oriental da Universidade de Chicago, disse que as descobertas do grupo foram &#8220;tremendamente emocionantes&#8221;, observando que &#8220;claramente h\u00e1 algo do outro lado da parede norte da c\u00e2mara funer\u00e1ria&#8221;.<\/p>\n<p>Reeves enfatizou que foi confirmado que Nefertiti foi enterrada com as honras de um fara\u00f3. &#8220;Sem d\u00favida \u00e9 a maior descoberta arqueol\u00f3gica de todos os tempos&#8221;.<\/p>\n<p>O egipt\u00f3logo sublinhou que qualquer altera\u00e7\u00e3o na tumba de Tut deveria ser adiada at\u00e9 que uma confer\u00eancia internacional de especialistas pudesse ser reunida, principalmente devido \u00e0 inestim\u00e1vel obra de arte contida nas paredes da c\u00e2mara mortu\u00e1ria.<\/p>\n<p>A tumba de Tutanc\u00e2mon foi descoberta em 1922 por arque\u00f3logos brit\u00e2nicos que se tornaram as primeiras pessoas vivas a entrar na tumba em mais de tr\u00eas mil anos. Milhares de artefatos que variavam de m\u00f3veis a carros, instrumentos musicais e jogos de tabuleiro foram encontrados, com o local do enterro sendo o \u00fanico t\u00famulo do fara\u00f3 a ser descoberto intacto e intocado.<\/p>\n","protected":false},"excerpt":{"rendered":"<p>Nefertiti, a bela e poderosa rainha que governou o Egito por volta do S\u00e9culo 14 antes de Cristo, sempre provocou fasc\u00ednio em historiadores, arque\u00f3logos e egipt\u00f3logos por muitas d\u00e9cadas, pois seu t\u00famulo nunca foi encontrado e \u00e9 considerado por muitos enterrado no deserto. Ou era. A informa\u00e7\u00e3o que circulou nesta sexta, 21, no Cairo, \u00e9 [&hellip;]<\/p>\n","protected":false},"author":2,"featured_media":225616,"comment_status":"closed","ping_status":"closed","sticky":false,"template":"","format":"standard","meta":{"_acf_changed":false,"footnotes":""},"categories":[71],"tags":[95],"class_list":["post-225615","post","type-post","status-publish","format-standard","has-post-thumbnail","hentry","category-curiosidades","tag-capa"],"acf":[],"yoast_head":"<!-- This site is optimized with the Yoast SEO plugin v27.2 - https:\/\/yoast.com\/product\/yoast-seo-wordpress\/ -->\n<title>Egito faz festa por t\u00famulo da rainha Nefertiti - Notibras<\/title>\n<meta name=\"robots\" content=\"index, follow, max-snippet:-1, max-image-preview:large, max-video-preview:-1\" \/>\n<link rel=\"canonical\" href=\"https:\/\/www.notibras.com\/site\/egito-faz-festa-por-tumulo-da-rainha-nefertiti\/\" \/>\n<meta property=\"og:locale\" content=\"pt_BR\" \/>\n<meta property=\"og:type\" content=\"article\" \/>\n<meta property=\"og:title\" content=\"Egito faz festa por t\u00famulo da rainha Nefertiti - Notibras\" \/>\n<meta property=\"og:description\" content=\"Nefertiti, a bela e poderosa rainha que governou o Egito por volta do S\u00e9culo 14 antes de Cristo, sempre provocou fasc\u00ednio em historiadores, arque\u00f3logos e egipt\u00f3logos por muitas d\u00e9cadas, pois seu t\u00famulo nunca foi encontrado e \u00e9 considerado por muitos enterrado no deserto. Ou era. A informa\u00e7\u00e3o que circulou nesta sexta, 21, no Cairo, \u00e9 [&hellip;]\" \/>\n<meta property=\"og:url\" content=\"https:\/\/www.notibras.com\/site\/egito-faz-festa-por-tumulo-da-rainha-nefertiti\/\" \/>\n<meta property=\"og:site_name\" content=\"Notibras\" \/>\n<meta property=\"article:publisher\" content=\"https:\/\/www.facebook.com\/notibras\/\" \/>\n<meta property=\"article:published_time\" content=\"2020-02-22T03:33:00+00:00\" \/>\n<meta property=\"article:modified_time\" content=\"2020-02-22T13:18:34+00:00\" \/>\n<meta property=\"og:image\" content=\"https:\/\/www.notibras.com\/site\/wp-content\/uploads\/2020\/02\/nefer.2020.jpg\" \/>\n\t<meta property=\"og:image:width\" content=\"1086\" \/>\n\t<meta property=\"og:image:height\" content=\"652\" \/>\n\t<meta property=\"og:image:type\" content=\"image\/jpeg\" \/>\n<meta name=\"author\" content=\"Reda\u00e7\u00e3o\" \/>\n<meta name=\"twitter:card\" content=\"summary_large_image\" \/>\n<meta name=\"twitter:creator\" content=\"@Notibras\" \/>\n<meta name=\"twitter:site\" content=\"@Notibras\" \/>\n<meta name=\"twitter:label1\" content=\"Escrito por\" \/>\n\t<meta name=\"twitter:data1\" content=\"Reda\u00e7\u00e3o\" \/>\n\t<meta name=\"twitter:label2\" content=\"Est. tempo de leitura\" \/>\n\t<meta name=\"twitter:data2\" content=\"2 minutos\" \/>\n<script type=\"application\/ld+json\" class=\"yoast-schema-graph\">{\"@context\":\"https:\/\/schema.org\",\"@graph\":[{\"@type\":\"Article\",\"@id\":\"https:\/\/www.notibras.com\/site\/egito-faz-festa-por-tumulo-da-rainha-nefertiti\/#article\",\"isPartOf\":{\"@id\":\"https:\/\/www.notibras.com\/site\/egito-faz-festa-por-tumulo-da-rainha-nefertiti\/\"},\"author\":{\"name\":\"Reda\u00e7\u00e3o\",\"@id\":\"https:\/\/www.notibras.com\/site\/#\/schema\/person\/36ab0979449956132d3e5b517ea76ac8\"},\"headline\":\"Egito faz festa por t\u00famulo da rainha Nefertiti\",\"datePublished\":\"2020-02-22T03:33:00+00:00\",\"dateModified\":\"2020-02-22T13:18:34+00:00\",\"mainEntityOfPage\":{\"@id\":\"https:\/\/www.notibras.com\/site\/egito-faz-festa-por-tumulo-da-rainha-nefertiti\/\"},\"wordCount\":410,\"publisher\":{\"@id\":\"https:\/\/www.notibras.com\/site\/#organization\"},\"image\":{\"@id\":\"https:\/\/www.notibras.com\/site\/egito-faz-festa-por-tumulo-da-rainha-nefertiti\/#primaryimage\"},\"thumbnailUrl\":\"https:\/\/www.notibras.com\/site\/wp-content\/uploads\/2020\/02\/nefer.2020.jpg\",\"keywords\":[\"capa\"],\"articleSection\":[\"Curiosidades\"],\"inLanguage\":\"pt-BR\"},{\"@type\":\"WebPage\",\"@id\":\"https:\/\/www.notibras.com\/site\/egito-faz-festa-por-tumulo-da-rainha-nefertiti\/\",\"url\":\"https:\/\/www.notibras.com\/site\/egito-faz-festa-por-tumulo-da-rainha-nefertiti\/\",\"name\":\"Egito faz festa por t\u00famulo da rainha Nefertiti - Notibras\",\"isPartOf\":{\"@id\":\"https:\/\/www.notibras.com\/site\/#website\"},\"primaryImageOfPage\":{\"@id\":\"https:\/\/www.notibras.com\/site\/egito-faz-festa-por-tumulo-da-rainha-nefertiti\/#primaryimage\"},\"image\":{\"@id\":\"https:\/\/www.notibras.com\/site\/egito-faz-festa-por-tumulo-da-rainha-nefertiti\/#primaryimage\"},\"thumbnailUrl\":\"https:\/\/www.notibras.com\/site\/wp-content\/uploads\/2020\/02\/nefer.2020.jpg\",\"datePublished\":\"2020-02-22T03:33:00+00:00\",\"dateModified\":\"2020-02-22T13:18:34+00:00\",\"breadcrumb\":{\"@id\":\"https:\/\/www.notibras.com\/site\/egito-faz-festa-por-tumulo-da-rainha-nefertiti\/#breadcrumb\"},\"inLanguage\":\"pt-BR\",\"potentialAction\":[{\"@type\":\"ReadAction\",\"target\":[\"https:\/\/www.notibras.com\/site\/egito-faz-festa-por-tumulo-da-rainha-nefertiti\/\"]}]},{\"@type\":\"ImageObject\",\"inLanguage\":\"pt-BR\",\"@id\":\"https:\/\/www.notibras.com\/site\/egito-faz-festa-por-tumulo-da-rainha-nefertiti\/#primaryimage\",\"url\":\"https:\/\/www.notibras.com\/site\/wp-content\/uploads\/2020\/02\/nefer.2020.jpg\",\"contentUrl\":\"https:\/\/www.notibras.com\/site\/wp-content\/uploads\/2020\/02\/nefer.2020.jpg\",\"width\":1086,\"height\":652},{\"@type\":\"BreadcrumbList\",\"@id\":\"https:\/\/www.notibras.com\/site\/egito-faz-festa-por-tumulo-da-rainha-nefertiti\/#breadcrumb\",\"itemListElement\":[{\"@type\":\"ListItem\",\"position\":1,\"name\":\"In\u00edcio\",\"item\":\"https:\/\/www.notibras.com\/site\/\"},{\"@type\":\"ListItem\",\"position\":2,\"name\":\"Egito faz festa por t\u00famulo da rainha Nefertiti\"}]},{\"@type\":\"WebSite\",\"@id\":\"https:\/\/www.notibras.com\/site\/#website\",\"url\":\"https:\/\/www.notibras.com\/site\/\",\"name\":\"Notibras\",\"description\":\"Not\u00edcias de Bras\u00edlia, do Brasil e do Mundo\",\"publisher\":{\"@id\":\"https:\/\/www.notibras.com\/site\/#organization\"},\"potentialAction\":[{\"@type\":\"SearchAction\",\"target\":{\"@type\":\"EntryPoint\",\"urlTemplate\":\"https:\/\/www.notibras.com\/site\/?s={search_term_string}\"},\"query-input\":{\"@type\":\"PropertyValueSpecification\",\"valueRequired\":true,\"valueName\":\"search_term_string\"}}],\"inLanguage\":\"pt-BR\"},{\"@type\":\"Organization\",\"@id\":\"https:\/\/www.notibras.com\/site\/#organization\",\"name\":\"Grupo Notibras de Comunica\u00e7\u00e3o\",\"url\":\"https:\/\/www.notibras.com\/site\/\",\"logo\":{\"@type\":\"ImageObject\",\"inLanguage\":\"pt-BR\",\"@id\":\"https:\/\/www.notibras.com\/site\/#\/schema\/logo\/image\/\",\"url\":\"https:\/\/www.notibras.com\/site\/wp-content\/uploads\/2023\/01\/notibras23.png\",\"contentUrl\":\"https:\/\/www.notibras.com\/site\/wp-content\/uploads\/2023\/01\/notibras23.png\",\"width\":350,\"height\":87,\"caption\":\"Grupo Notibras de Comunica\u00e7\u00e3o\"},\"image\":{\"@id\":\"https:\/\/www.notibras.com\/site\/#\/schema\/logo\/image\/\"},\"sameAs\":[\"https:\/\/www.facebook.com\/notibras\/\",\"https:\/\/x.com\/Notibras\",\"https:\/\/www.instagram.com\/notibras\/\"]},{\"@type\":\"Person\",\"@id\":\"https:\/\/www.notibras.com\/site\/#\/schema\/person\/36ab0979449956132d3e5b517ea76ac8\",\"name\":\"Reda\u00e7\u00e3o\",\"image\":{\"@type\":\"ImageObject\",\"inLanguage\":\"pt-BR\",\"@id\":\"https:\/\/secure.gravatar.com\/avatar\/e0a867bdedb85fd243eadf09663511f96fc81e0720a4a42581f334ad4303aa6b?s=96&d=mm&r=g\",\"url\":\"https:\/\/secure.gravatar.com\/avatar\/e0a867bdedb85fd243eadf09663511f96fc81e0720a4a42581f334ad4303aa6b?s=96&d=mm&r=g\",\"contentUrl\":\"https:\/\/secure.gravatar.com\/avatar\/e0a867bdedb85fd243eadf09663511f96fc81e0720a4a42581f334ad4303aa6b?s=96&d=mm&r=g\",\"caption\":\"Reda\u00e7\u00e3o\"}}]}<\/script>\n<!-- \/ Yoast SEO plugin. -->","yoast_head_json":{"title":"Egito faz festa por t\u00famulo da rainha Nefertiti - Notibras","robots":{"index":"index","follow":"follow","max-snippet":"max-snippet:-1","max-image-preview":"max-image-preview:large","max-video-preview":"max-video-preview:-1"},"canonical":"https:\/\/www.notibras.com\/site\/egito-faz-festa-por-tumulo-da-rainha-nefertiti\/","og_locale":"pt_BR","og_type":"article","og_title":"Egito faz festa por t\u00famulo da rainha Nefertiti - Notibras","og_description":"Nefertiti, a bela e poderosa rainha que governou o Egito por volta do S\u00e9culo 14 antes de Cristo, sempre provocou fasc\u00ednio em historiadores, arque\u00f3logos e egipt\u00f3logos por muitas d\u00e9cadas, pois seu t\u00famulo nunca foi encontrado e \u00e9 considerado por muitos enterrado no deserto. Ou era. A informa\u00e7\u00e3o que circulou nesta sexta, 21, no Cairo, \u00e9 [&hellip;]","og_url":"https:\/\/www.notibras.com\/site\/egito-faz-festa-por-tumulo-da-rainha-nefertiti\/","og_site_name":"Notibras","article_publisher":"https:\/\/www.facebook.com\/notibras\/","article_published_time":"2020-02-22T03:33:00+00:00","article_modified_time":"2020-02-22T13:18:34+00:00","og_image":[{"width":1086,"height":652,"url":"https:\/\/www.notibras.com\/site\/wp-content\/uploads\/2020\/02\/nefer.2020.jpg","type":"image\/jpeg"}],"author":"Reda\u00e7\u00e3o","twitter_card":"summary_large_image","twitter_creator":"@Notibras","twitter_site":"@Notibras","twitter_misc":{"Escrito por":"Reda\u00e7\u00e3o","Est. tempo de leitura":"2 minutos"},"schema":{"@context":"https:\/\/schema.org","@graph":[{"@type":"Article","@id":"https:\/\/www.notibras.com\/site\/egito-faz-festa-por-tumulo-da-rainha-nefertiti\/#article","isPartOf":{"@id":"https:\/\/www.notibras.com\/site\/egito-faz-festa-por-tumulo-da-rainha-nefertiti\/"},"author":{"name":"Reda\u00e7\u00e3o","@id":"https:\/\/www.notibras.com\/site\/#\/schema\/person\/36ab0979449956132d3e5b517ea76ac8"},"headline":"Egito faz festa por t\u00famulo da rainha Nefertiti","datePublished":"2020-02-22T03:33:00+00:00","dateModified":"2020-02-22T13:18:34+00:00","mainEntityOfPage":{"@id":"https:\/\/www.notibras.com\/site\/egito-faz-festa-por-tumulo-da-rainha-nefertiti\/"},"wordCount":410,"publisher":{"@id":"https:\/\/www.notibras.com\/site\/#organization"},"image":{"@id":"https:\/\/www.notibras.com\/site\/egito-faz-festa-por-tumulo-da-rainha-nefertiti\/#primaryimage"},"thumbnailUrl":"https:\/\/www.notibras.com\/site\/wp-content\/uploads\/2020\/02\/nefer.2020.jpg","keywords":["capa"],"articleSection":["Curiosidades"],"inLanguage":"pt-BR"},{"@type":"WebPage","@id":"https:\/\/www.notibras.com\/site\/egito-faz-festa-por-tumulo-da-rainha-nefertiti\/","url":"https:\/\/www.notibras.com\/site\/egito-faz-festa-por-tumulo-da-rainha-nefertiti\/","name":"Egito faz festa por t\u00famulo da rainha Nefertiti - Notibras","isPartOf":{"@id":"https:\/\/www.notibras.com\/site\/#website"},"primaryImageOfPage":{"@id":"https:\/\/www.notibras.com\/site\/egito-faz-festa-por-tumulo-da-rainha-nefertiti\/#primaryimage"},"image":{"@id":"https:\/\/www.notibras.com\/site\/egito-faz-festa-por-tumulo-da-rainha-nefertiti\/#primaryimage"},"thumbnailUrl":"https:\/\/www.notibras.com\/site\/wp-content\/uploads\/2020\/02\/nefer.2020.jpg","datePublished":"2020-02-22T03:33:00+00:00","dateModified":"2020-02-22T13:18:34+00:00","breadcrumb":{"@id":"https:\/\/www.notibras.com\/site\/egito-faz-festa-por-tumulo-da-rainha-nefertiti\/#breadcrumb"},"inLanguage":"pt-BR","potentialAction":[{"@type":"ReadAction","target":["https:\/\/www.notibras.com\/site\/egito-faz-festa-por-tumulo-da-rainha-nefertiti\/"]}]},{"@type":"ImageObject","inLanguage":"pt-BR","@id":"https:\/\/www.notibras.com\/site\/egito-faz-festa-por-tumulo-da-rainha-nefertiti\/#primaryimage","url":"https:\/\/www.notibras.com\/site\/wp-content\/uploads\/2020\/02\/nefer.2020.jpg","contentUrl":"https:\/\/www.notibras.com\/site\/wp-content\/uploads\/2020\/02\/nefer.2020.jpg","width":1086,"height":652},{"@type":"BreadcrumbList","@id":"https:\/\/www.notibras.com\/site\/egito-faz-festa-por-tumulo-da-rainha-nefertiti\/#breadcrumb","itemListElement":[{"@type":"ListItem","position":1,"name":"In\u00edcio","item":"https:\/\/www.notibras.com\/site\/"},{"@type":"ListItem","position":2,"name":"Egito faz festa por t\u00famulo da rainha Nefertiti"}]},{"@type":"WebSite","@id":"https:\/\/www.notibras.com\/site\/#website","url":"https:\/\/www.notibras.com\/site\/","name":"Notibras","description":"Not\u00edcias de Bras\u00edlia, do Brasil e do Mundo","publisher":{"@id":"https:\/\/www.notibras.com\/site\/#organization"},"potentialAction":[{"@type":"SearchAction","target":{"@type":"EntryPoint","urlTemplate":"https:\/\/www.notibras.com\/site\/?s={search_term_string}"},"query-input":{"@type":"PropertyValueSpecification","valueRequired":true,"valueName":"search_term_string"}}],"inLanguage":"pt-BR"},{"@type":"Organization","@id":"https:\/\/www.notibras.com\/site\/#organization","name":"Grupo Notibras de Comunica\u00e7\u00e3o","url":"https:\/\/www.notibras.com\/site\/","logo":{"@type":"ImageObject","inLanguage":"pt-BR","@id":"https:\/\/www.notibras.com\/site\/#\/schema\/logo\/image\/","url":"https:\/\/www.notibras.com\/site\/wp-content\/uploads\/2023\/01\/notibras23.png","contentUrl":"https:\/\/www.notibras.com\/site\/wp-content\/uploads\/2023\/01\/notibras23.png","width":350,"height":87,"caption":"Grupo Notibras de Comunica\u00e7\u00e3o"},"image":{"@id":"https:\/\/www.notibras.com\/site\/#\/schema\/logo\/image\/"},"sameAs":["https:\/\/www.facebook.com\/notibras\/","https:\/\/x.com\/Notibras","https:\/\/www.instagram.com\/notibras\/"]},{"@type":"Person","@id":"https:\/\/www.notibras.com\/site\/#\/schema\/person\/36ab0979449956132d3e5b517ea76ac8","name":"Reda\u00e7\u00e3o","image":{"@type":"ImageObject","inLanguage":"pt-BR","@id":"https:\/\/secure.gravatar.com\/avatar\/e0a867bdedb85fd243eadf09663511f96fc81e0720a4a42581f334ad4303aa6b?s=96&d=mm&r=g","url":"https:\/\/secure.gravatar.com\/avatar\/e0a867bdedb85fd243eadf09663511f96fc81e0720a4a42581f334ad4303aa6b?s=96&d=mm&r=g","contentUrl":"https:\/\/secure.gravatar.com\/avatar\/e0a867bdedb85fd243eadf09663511f96fc81e0720a4a42581f334ad4303aa6b?s=96&d=mm&r=g","caption":"Reda\u00e7\u00e3o"}}]}},"amp_enabled":true,"_links":{"self":[{"href":"https:\/\/www.notibras.com\/site\/wp-json\/wp\/v2\/posts\/225615","targetHints":{"allow":["GET"]}}],"collection":[{"href":"https:\/\/www.notibras.com\/site\/wp-json\/wp\/v2\/posts"}],"about":[{"href":"https:\/\/www.notibras.com\/site\/wp-json\/wp\/v2\/types\/post"}],"author":[{"embeddable":true,"href":"https:\/\/www.notibras.com\/site\/wp-json\/wp\/v2\/users\/2"}],"replies":[{"embeddable":true,"href":"https:\/\/www.notibras.com\/site\/wp-json\/wp\/v2\/comments?post=225615"}],"version-history":[{"count":1,"href":"https:\/\/www.notibras.com\/site\/wp-json\/wp\/v2\/posts\/225615\/revisions"}],"predecessor-version":[{"id":225617,"href":"https:\/\/www.notibras.com\/site\/wp-json\/wp\/v2\/posts\/225615\/revisions\/225617"}],"wp:featuredmedia":[{"embeddable":true,"href":"https:\/\/www.notibras.com\/site\/wp-json\/wp\/v2\/media\/225616"}],"wp:attachment":[{"href":"https:\/\/www.notibras.com\/site\/wp-json\/wp\/v2\/media?parent=225615"}],"wp:term":[{"taxonomy":"category","embeddable":true,"href":"https:\/\/www.notibras.com\/site\/wp-json\/wp\/v2\/categories?post=225615"},{"taxonomy":"post_tag","embeddable":true,"href":"https:\/\/www.notibras.com\/site\/wp-json\/wp\/v2\/tags?post=225615"}],"curies":[{"name":"wp","href":"https:\/\/api.w.org\/{rel}","templated":true}]}}