{"id":22562,"date":"2014-09-17T23:37:05","date_gmt":"2014-09-18T02:37:05","guid":{"rendered":"http:\/\/www.notibras.com\/site\/?p=22562"},"modified":"2014-09-17T23:37:05","modified_gmt":"2014-09-18T02:37:05","slug":"putin-se-irrita-com-europeus-e-acena-para-negocios-com-o-brasil","status":"publish","type":"post","link":"https:\/\/www.notibras.com\/site\/putin-se-irrita-com-europeus-e-acena-para-negocios-com-o-brasil\/","title":{"rendered":"Putin se irrita com europeus e acena para neg\u00f3cios com o Brasil"},"content":{"rendered":"<p>A curta reuni\u00e3o de c\u00fapula da OTAN em Cardiff, no Pa\u00eds de Gales, confirmou mais uma vez: a R\u00fassia tomou a decis\u00e3o certa ao restringir a entrada de produtos de pa\u00edses-membros da organiza\u00e7\u00e3o para \u201ca mesa\u201d dos russos. O secret\u00e1rio-geral da OTAN, Anders Fog Rasmussen, fez declara\u00e7\u00f5es de tal forma \u201clinha-dura\u201d que os membros da Alian\u00e7a do Norte escutaram como se estivessem no in\u00edcio dos anos 1950.<\/p>\n<p>Foi tomada a decis\u00e3o de implantar for\u00e7as de r\u00e1pida rea\u00e7\u00e3o por parte da OTAN na fronteira com a R\u00fassia, com uma nova sede dessa for\u00e7a na Pol\u00f4nia \u2013 pa\u00eds que \u00e9 um dos vizinhos mais pr\u00f3ximos da R\u00fassia, mas com certeza n\u00e3o \u00e9 um dos melhores amigos dos russos (a russofobia na Pol\u00f4nia, que chama a guerra civil na Ucr\u00e2nia de \u201cinvas\u00e3o russa\u201d, chegou ao pico).<\/p>\n<p>O Secret\u00e1rio-Geral Rasmussen afirmou tamb\u00e9m que pretende adotar um \u201cpacote de medidas para a inclus\u00e3o da Ge\u00f3rgia na OTAN\u201d, e juntamente manter a sua promessa de \u201cconservar as portas da Alian\u00e7a abertas\u201d para uma Ucr\u00e2nia j\u00e1 entregue a uma guerra civil. Isso j\u00e1 se soma a uma boa quantidade de passos n\u00e3o amig\u00e1veis com a R\u00fassia, tal como a R\u00fassia n\u00e3o via desde os tempos da Alemanha nazista contra a Uni\u00e3o Sovi\u00e9tica em 1941. (Mesmo sob o comando de Hitler at\u00e9 o ataque contra a Uni\u00e3o Sovi\u00e9tica em 1941 a Alemanha n\u00e3o interveio nem pela \u201cdefesa da soberania\u201d de Litu\u00e2nia, Let\u00f4nia e Est\u00f4nia por causa de um voo de tr\u00eas minutos de um ca\u00e7a de Leningrado sobre a Est\u00f4nia, e muito menos na constru\u00e7\u00e3o de um muro entre a Ucr\u00e2nia e a R\u00fassia. Mas a OTAN est\u00e1 planejando e prometendo tudo isso.)<\/p>\n<p>Com essas\u00a0 condi\u00e7\u00f5es , deixar a alimenta\u00e7\u00e3o dos russos nas m\u00e3os dos mesmos pa\u00edses que cercam a R\u00fassia com bases militares e enviam 15 milh\u00f5es de d\u00f3lares em ajuda militar ao regime de Kiev hostil \u00e0 R\u00fassia \u2013 com essas condi\u00e7\u00f5es, receber carne e queijo de pa\u00edses da Alian\u00e7a que fazem tudo isso seria imprudente por parte de Moscou.<\/p>\n<p>E aqui est\u00e1 uma situa\u00e7\u00e3o muito favor\u00e1vel ao Brasil.<\/p>\n<p>Recentemente o presidente da R\u00fassia, Vladimir Putin, junto com o seu ministro dos Neg\u00f3cios Estrangeiros, falou sobre o Brasil, colocando o pa\u00eds em primeiro lugar entre os pa\u00edses da Am\u00e9rica Latina, dando-lhe posi\u00e7\u00e3o favor\u00e1vel sobre importa\u00e7\u00f5es de alimentos para a R\u00fassia. Vale lembrar que ainda em julho, em resposta \u00e0 aplica\u00e7\u00e3o de san\u00e7\u00f5es contra bancos russos por parte da Uni\u00e3o Europeia, a R\u00fassia restringiu o acesso aos seus mercados para v\u00e1rios tipos de alimentos provenientes da Uni\u00e3o Europeia e de outros pa\u00edses n\u00e3o membros da OTAN (incluindo a Noruega, de quem deixou de receber pescado).<\/p>\n<p>Enquanto isso, desde o in\u00edcio da d\u00e9cada de 1990, o alimento estrangeiro ocupa um lugar importante na dieta dos russos, e a Uni\u00e3o Europeia, em conjunto com os Estados Unidos, tomou um lugar de lideran\u00e7a nesses suprimentos. O frango dos Estados Unidos, o queijo da Fran\u00e7a, as salsichas da Holanda \u2013 o fornecimento desses produtos \u00e0 R\u00fassia h\u00e1 mais de 20 anos tem gerado um neg\u00f3cio multibilion\u00e1rio. Na verdade, nos \u00faltimos anos os russos e os aliados da Uni\u00e3o Aduaneira, na Bielorr\u00fassia e no Cazaquist\u00e3o, t\u00eam aprendido a fazer esses produtos por conta pr\u00f3pria, mas no mercado de alimentos da R\u00fassia existem nichos bilion\u00e1rios para os alimentos estrangeiros \u2013 e Putin diz que gostaria de obt\u00ea-los do Brasil.<\/p>\n<p>\u201cPor isso, estamos trabalhando com outros produtores, produtores estrangeiros, pa\u00edses da Am\u00e9rica Latina, principalmente Brasil, Argentina e Chile. Os nossos colegas europeus se dirigem a esses pa\u00edses com o pedido de n\u00e3o fornecerem seus produtos \u00e0 R\u00fassia. Isso \u00e9 estranho, e at\u00e9 mesmo dif\u00edcil de imaginar que empres\u00e1rios n\u00e3o v\u00e3o aproveitar esse caso para entrar no nosso mercado\u201d, disse Putin durante uma entrevista no programa \u2018Voskresnoe Vremia\u201d.<\/p>\n<blockquote><p>Putin at\u00e9 chegou a amea\u00e7ar os fornecedores europeus, alegando que ap\u00f3s a chegada dos brasileiros ser\u00e1 dif\u00edcil para os europeus voltar ao mercado russo: &#8220;O perigo para os nossos fornecedores tradicionais \u00e9 que, quando uma ou outra empresa tem suas estruturas fixadas em algum mercado \u2013 e n\u00f3s estamos falando, em particular, do mercado russo \u2013, em seguida, mov\u00ea-las para fora daqui ser\u00e1 muito dif\u00edcil ou mesmo imposs\u00edvel. E eu acho que as empresas dos pa\u00edses europeus entendem isso. Elas n\u00e3o entendem essas voltas pol\u00edticas. Acho que os empres\u00e1rios europeus est\u00e3o decepcionados com as pol\u00edticas de seus pa\u00edses&#8221;, disse o presidente da Federa\u00e7\u00e3o Russa.<\/p><\/blockquote>\n<p>Como aconteceu que os pa\u00edses europeus tradicionalmente mais pr\u00f3ximos da R\u00fassia acabaram sendo parceiros menos desej\u00e1veis do que o Brasil? O motivo aqui n\u00e3o est\u00e1 vinculado \u00e0 xenofobia russa, mas \u00e0 pol\u00edtica dos pr\u00f3prios pa\u00edses europeus. O exemplo mais marcante aqui \u00e9 o caso da Alemanha, que, desde o fim da Segunda Guerra Mundial, por quase 70 anos foi o parceiro comercial mais importante da Uni\u00e3o Sovi\u00e9tica e depois da R\u00fassia. Vejamos este exemplo em mais detalhes.<\/p>\n<p>Por muitos anos, a comunidade russa de especialistas considerou a Alemanha como um dos pa\u00edses europeus mais amig\u00e1veis da R\u00fassia. Al\u00e9m disso, nossos analistas vieram de pressupostos bastante pragm\u00e1ticos. A l\u00f3gica \u00e9 esta: a Alemanha precisa de g\u00e1s russo e a coopera\u00e7\u00e3o econ\u00f4mica com a R\u00fassia fornece nada menos que 300 mil postos de trabalho na Alemanha (mais milh\u00f5es de funcion\u00e1rios de meio-per\u00edodo e outros &#8220;benefici\u00e1rios&#8221;); ent\u00e3o, a Alemanha resistiria a toda a \u00f3bvia linha antirrussa da Uni\u00e3o Europeia.<\/p>\n<p>Sim, os interesses nacionais da Alemanha, sem d\u00favida, est\u00e3o ligados \u00e0 R\u00fassia, e o fundador do centro americano de pesquisa Stratfor, George Friedman, chega a considerar a associa\u00e7\u00e3o entre a tecnologia alem\u00e3 com o mercado e as mat\u00e9rias-primas russas como a \u00fanica concorr\u00eancia em longo prazo para os Estados Unidos no cen\u00e1rio econ\u00f4mico mundial.<\/p>\n<p>Mas ser\u00e1 que os pol\u00edticos alem\u00e3es ir\u00e3o atender aos interesses do pa\u00eds de dar passos ao encontro da R\u00fassia? Esta \u00e9 uma grande pergunta. A hist\u00f3ria recente da Uni\u00e3o Europeia conhece cada vez mais exemplos de l\u00edderes de grandes pa\u00edses ocidentais ou do Leste da Europa que agiram justamente de forma contr\u00e1ria aos interesses dos seus povos.<\/p>\n<blockquote><p>Estava a Alemanha interessada em uma revolu\u00e7\u00e3o na Ucr\u00e2nia, na fragmenta\u00e7\u00e3o do pa\u00eds e no que se seguiu ap\u00f3s essa troca de golpes de san\u00e7\u00f5es entre a Uni\u00e3o Europeia e a R\u00fassia? \u00c9 claro que n\u00e3o. No entanto, a Chanceler Angela Merkel fez uma enorme contribui\u00e7\u00e3o para a desestabiliza\u00e7\u00e3o da Ucr\u00e2nia. Em novembro de 2013 Merkel expressou a maior insatisfa\u00e7\u00e3o com o pedido do ex-Presidente Yanukovich de adiar a assinatura do Acordo de Associa\u00e7\u00e3o entre a Ucr\u00e2nia e a Uni\u00e3o Europeia. &#8220;N\u00f3s esper\u00e1vamos mais&#8221;, disse ela a Yanukovich na confer\u00eancia de c\u00fapula de Vilnius em novembro de 2013, quando o presidente ucraniano pediu para adiar a assinatura da associa\u00e7\u00e3o em mar\u00e7o ou pagar a compensa\u00e7\u00e3o financeira ao seu pa\u00eds pela quebra dos la\u00e7os com a R\u00fassia. Em seguida, o ministro das Rela\u00e7\u00f5es Exteriores da Alemanha, Guido Westerwelle, participou pessoalmente dos protestos no Maidan de Kiev \u2013 um fato improv\u00e1vel sem o consentimento de Merkel.<\/p><\/blockquote>\n<p>Enquanto isso, quando no Maidan j\u00e1 soavam slogans antirrussos \u2013 amea\u00e7as de matar Yanukovich e Putin como \u201cinvasores\u201d (embora a Ucr\u00e2nia seja independente de Moscou desde 1991), promessa de atacar russos com facas, chamadas para \u201cpendurar comunistas e russos\u201d, etc. \u2013, Westerwelle pareceu n\u00e3o notar tudo isso, dizendo apenas que os manifestantes prometiam combater a corrup\u00e7\u00e3o de Yanukovich. Com efeito, Berlim acabou na companhia dos pa\u00edses mais antirrussos da Uni\u00e3o Europeia, como a Litu\u00e2nia e a Pol\u00f4nia.<\/p>\n<p>Todos esses acontecimentos dizem respeito ao fato que a Alemanha de hoje e a Uni\u00e3o Europeia de uma forma geral preferem n\u00e3o lembrar: a Rep\u00fablica Federativa da Alemanha e a Uni\u00e3o Europeia como um todo t\u00eam sua parcela de responsabilidade na guerra civil da Ucr\u00e2nia. Pelo seu apoio \u00e0 derrubada de Yanukovich, que foi legitimamente eleito em 2010, a Alemanha contribuiu para a destrui\u00e7\u00e3o do equil\u00edbrio pol\u00edtico entre o leste e o oeste da Ucr\u00e2nia. De 1991 at\u00e9 2014, o leste tendendo para a R\u00fassia e o oeste orientado para a Uni\u00e3o Europeia resolviam suas diferen\u00e7as nas elei\u00e7\u00f5es presidenciais, assim como no Parlamento, onde frequentemente chegavam a brigar. Agora, ap\u00f3s a deposi\u00e7\u00e3o de Yanukovich e a perda da Crimeia com os seus dois milh\u00f5es de eleitores para a R\u00fassia, a Ucr\u00e2nia ocidental ganhou o controle absoluto no Parlamento e na escolha do futuro presidente. E as diferen\u00e7as entre o ocidente e o oriente passaram a ser decididas no campo de batalha no Leste ucraniano.<\/p>\n<p>\u00c9 poss\u00edvel que, justamente por isso, pela sensa\u00e7\u00e3o de pr\u00f3pria responsabilidade, Merkel fuja da express\u00e3o \u201cguerra civil\u201d, preferindo falar de \u201cinvas\u00e3o russa\u201d e &#8220;meios de conten\u00e7\u00e3o&#8221; que devem ser aplicados contra o supostamente respons\u00e1vel por tudo, Putin.<\/p>\n<p>Dos seus colegas na Pol\u00f4nia e do B\u00e1ltico, Merkel se diferencia apenas por uma grande hipocrisia. Ela frequentemente fala do seu amor pela R\u00fassia e do desejo de &#8220;cessar as hostilidades na Ucr\u00e2nia&#8221; (por alguma raz\u00e3o, nunca menciona a responsabilidade das autoridades de Kiev por esses mesmos atos de guerra, embora o lado agressor seja exatamente Kiev). Um exemplo dessa hipocrisia foi a entrevista ao canal alem\u00e3o ARD:<\/p>\n<p>\u201cEu quero encontrar um m\u00e9todo que n\u00e3o prejudique a R\u00fassia. N\u00f3s na Alemanha queremos ter boas rela\u00e7\u00f5es comerciais com a R\u00fassia, assim como com outros pa\u00edses&#8230; N\u00f3s dependemos um do outros, e no mundo existem tantos conflitos que devemos agir juntos para evit\u00e1-los, por isso espero que consigamos atingir um progresso.\u201d<\/p>\n<p>\u00c9 interessante como Merkel pretendia \u201cn\u00e3o prejudicar\u201d a R\u00fassia, discursando a favor das san\u00e7\u00f5es, destinadas a interromper o acesso da R\u00fassia ao cr\u00e9dito e \u00e0 tecnologia europeia. E como ela pretende \u201ctrabalhar junto\u201d com o presidente russo, se o seu pa\u00eds adota san\u00e7\u00f5es contra indiv\u00edduos pertencentes a seu &#8220;c\u00edrculo interno&#8221; apenas porque eles s\u00e3o &#8220;amigos de Putin\u201d? Qual \u00e9 a lei da Europa que permite que as pessoas tenham a propriedade retirada porque elas se tornaram amigas de um pol\u00edtico censur\u00e1vel pela Uni\u00e3o Europeia?<\/p>\n<p>Existe o temor de que a \u201camizade\u201d de Merkel com a R\u00fassia soe como hip\u00f3crita, assim como seu \u201cinc\u00f4modo\u201d de muitos anos sobre as escutas no seu telefone particular feitas pelos servi\u00e7os de intelig\u00eancia americanos (apesar de todas as promessas, este &#8220;inc\u00f4modo&#8221; n\u00e3o resultou em san\u00e7\u00f5es contra os Estados Unidos).<\/p>\n<blockquote><p>Agora Merkel vai enfrentar um novo desafio \u2013 os pa\u00edses do Leste Europeu (especialmente a Pol\u00f4nia e os Pa\u00edses B\u00e1lticos) v\u00e3o exigir elevar o seu status na OTAN a um n\u00edvel compar\u00e1vel com o da Alemanha. Eles tamb\u00e9m pretendem buscar a implanta\u00e7\u00e3o de bases da OTAN em seu territ\u00f3rio, o que vai realmente ser controlado pelos americanos, sem a participa\u00e7\u00e3o da Alemanha e de outros gigantes europeus ocidentais da OTAN. Outro elemento ser\u00e1 o pedido da Pol\u00f4nia e dos Estados b\u00e1lticos para colocar o sistema de defesa antim\u00edsseis norte-americano no Leste Europeu direcionado \u00e0 R\u00fassia. Isso foi evidenciado pelo vazamento de informa\u00e7\u00f5es antes da c\u00fapula da OTAN, agora em setembro, no Pa\u00eds de Gales.<\/p><\/blockquote>\n<p>Com a sua pol\u00edtica antirrussa seguindo cegamente a pol\u00edtica aventureira da Comiss\u00e3o Europeia na Ucr\u00e2nia, Merkel estragou as perspectivas de neg\u00f3cios alem\u00e3es no mercado russo. Infelizmente, com o mesmo esp\u00edrito agiu a alian\u00e7a da OTAN, fechando as suas perspectivas de neg\u00f3cios no mercado russo. Assim, vamos esperar a abertura dessa perspectiva para os neg\u00f3cios no Brasil.<\/p>\n<p><strong>B\u00f3ris Kruchenko<\/strong><\/p>\n","protected":false},"excerpt":{"rendered":"<p>A curta reuni\u00e3o de c\u00fapula da OTAN em Cardiff, no Pa\u00eds de Gales, confirmou mais uma vez: a R\u00fassia tomou a decis\u00e3o certa ao restringir a entrada de produtos de pa\u00edses-membros da organiza\u00e7\u00e3o para \u201ca mesa\u201d dos russos. O secret\u00e1rio-geral da OTAN, Anders Fog Rasmussen, fez declara\u00e7\u00f5es de tal forma \u201clinha-dura\u201d que os membros da [&hellip;]<\/p>\n","protected":false},"author":2,"featured_media":22563,"comment_status":"open","ping_status":"closed","sticky":false,"template":"","format":"standard","meta":{"_acf_changed":false,"footnotes":""},"categories":[25],"tags":[],"class_list":["post-22562","post","type-post","status-publish","format-standard","has-post-thumbnail","hentry","category-opina-ai"],"acf":[],"yoast_head":"<!-- This site is optimized with the Yoast SEO plugin v27.5 - https:\/\/yoast.com\/product\/yoast-seo-wordpress\/ -->\n<title>Putin se irrita com europeus e acena para neg\u00f3cios com o Brasil - Notibras<\/title>\n<meta name=\"robots\" content=\"index, follow, max-snippet:-1, max-image-preview:large, max-video-preview:-1\" \/>\n<link rel=\"canonical\" href=\"https:\/\/www.notibras.com\/site\/putin-se-irrita-com-europeus-e-acena-para-negocios-com-o-brasil\/\" \/>\n<meta property=\"og:locale\" content=\"pt_BR\" \/>\n<meta property=\"og:type\" content=\"article\" \/>\n<meta property=\"og:title\" content=\"Putin se irrita com europeus e acena para neg\u00f3cios com o Brasil - Notibras\" \/>\n<meta property=\"og:description\" content=\"A curta reuni\u00e3o de c\u00fapula da OTAN em Cardiff, no Pa\u00eds de Gales, confirmou mais uma vez: a R\u00fassia tomou a decis\u00e3o certa ao restringir a entrada de produtos de pa\u00edses-membros da organiza\u00e7\u00e3o para \u201ca mesa\u201d dos russos. O secret\u00e1rio-geral da OTAN, Anders Fog Rasmussen, fez declara\u00e7\u00f5es de tal forma \u201clinha-dura\u201d que os membros da [&hellip;]\" \/>\n<meta property=\"og:url\" content=\"https:\/\/www.notibras.com\/site\/putin-se-irrita-com-europeus-e-acena-para-negocios-com-o-brasil\/\" \/>\n<meta property=\"og:site_name\" content=\"Notibras\" \/>\n<meta property=\"article:publisher\" content=\"https:\/\/www.facebook.com\/notibras\/\" \/>\n<meta property=\"article:published_time\" content=\"2014-09-18T02:37:05+00:00\" \/>\n<meta property=\"og:image\" content=\"https:\/\/www.notibras.com\/site\/wp-content\/uploads\/2014\/09\/tn_620_600_dilma_putin_encontro_russia.jpg\" \/>\n\t<meta property=\"og:image:width\" content=\"620\" \/>\n\t<meta property=\"og:image:height\" content=\"419\" \/>\n\t<meta property=\"og:image:type\" content=\"image\/jpeg\" \/>\n<meta name=\"author\" content=\"Reda\u00e7\u00e3o\" \/>\n<meta name=\"twitter:card\" content=\"summary_large_image\" \/>\n<meta name=\"twitter:creator\" content=\"@Notibras\" \/>\n<meta name=\"twitter:site\" content=\"@Notibras\" \/>\n<meta name=\"twitter:label1\" content=\"Escrito por\" \/>\n\t<meta name=\"twitter:data1\" content=\"Reda\u00e7\u00e3o\" \/>\n\t<meta name=\"twitter:label2\" content=\"Est. tempo de leitura\" \/>\n\t<meta name=\"twitter:data2\" content=\"10 minutos\" \/>\n<script type=\"application\/ld+json\" class=\"yoast-schema-graph\">{\"@context\":\"https:\\\/\\\/schema.org\",\"@graph\":[{\"@type\":\"Article\",\"@id\":\"https:\\\/\\\/www.notibras.com\\\/site\\\/putin-se-irrita-com-europeus-e-acena-para-negocios-com-o-brasil\\\/#article\",\"isPartOf\":{\"@id\":\"https:\\\/\\\/www.notibras.com\\\/site\\\/putin-se-irrita-com-europeus-e-acena-para-negocios-com-o-brasil\\\/\"},\"author\":{\"name\":\"Reda\u00e7\u00e3o\",\"@id\":\"https:\\\/\\\/www.notibras.com\\\/site\\\/#\\\/schema\\\/person\\\/36ab0979449956132d3e5b517ea76ac8\"},\"headline\":\"Putin se irrita com europeus e acena para neg\u00f3cios com o Brasil\",\"datePublished\":\"2014-09-18T02:37:05+00:00\",\"mainEntityOfPage\":{\"@id\":\"https:\\\/\\\/www.notibras.com\\\/site\\\/putin-se-irrita-com-europeus-e-acena-para-negocios-com-o-brasil\\\/\"},\"wordCount\":2111,\"commentCount\":0,\"publisher\":{\"@id\":\"https:\\\/\\\/www.notibras.com\\\/site\\\/#organization\"},\"image\":{\"@id\":\"https:\\\/\\\/www.notibras.com\\\/site\\\/putin-se-irrita-com-europeus-e-acena-para-negocios-com-o-brasil\\\/#primaryimage\"},\"thumbnailUrl\":\"https:\\\/\\\/www.notibras.com\\\/site\\\/wp-content\\\/uploads\\\/2014\\\/09\\\/tn_620_600_dilma_putin_encontro_russia.jpg\",\"articleSection\":[\"Opina a\u00ed\"],\"inLanguage\":\"pt-BR\",\"potentialAction\":[{\"@type\":\"CommentAction\",\"name\":\"Comment\",\"target\":[\"https:\\\/\\\/www.notibras.com\\\/site\\\/putin-se-irrita-com-europeus-e-acena-para-negocios-com-o-brasil\\\/#respond\"]}]},{\"@type\":\"WebPage\",\"@id\":\"https:\\\/\\\/www.notibras.com\\\/site\\\/putin-se-irrita-com-europeus-e-acena-para-negocios-com-o-brasil\\\/\",\"url\":\"https:\\\/\\\/www.notibras.com\\\/site\\\/putin-se-irrita-com-europeus-e-acena-para-negocios-com-o-brasil\\\/\",\"name\":\"Putin se irrita com europeus e acena para neg\u00f3cios com o Brasil - Notibras\",\"isPartOf\":{\"@id\":\"https:\\\/\\\/www.notibras.com\\\/site\\\/#website\"},\"primaryImageOfPage\":{\"@id\":\"https:\\\/\\\/www.notibras.com\\\/site\\\/putin-se-irrita-com-europeus-e-acena-para-negocios-com-o-brasil\\\/#primaryimage\"},\"image\":{\"@id\":\"https:\\\/\\\/www.notibras.com\\\/site\\\/putin-se-irrita-com-europeus-e-acena-para-negocios-com-o-brasil\\\/#primaryimage\"},\"thumbnailUrl\":\"https:\\\/\\\/www.notibras.com\\\/site\\\/wp-content\\\/uploads\\\/2014\\\/09\\\/tn_620_600_dilma_putin_encontro_russia.jpg\",\"datePublished\":\"2014-09-18T02:37:05+00:00\",\"breadcrumb\":{\"@id\":\"https:\\\/\\\/www.notibras.com\\\/site\\\/putin-se-irrita-com-europeus-e-acena-para-negocios-com-o-brasil\\\/#breadcrumb\"},\"inLanguage\":\"pt-BR\",\"potentialAction\":[{\"@type\":\"ReadAction\",\"target\":[\"https:\\\/\\\/www.notibras.com\\\/site\\\/putin-se-irrita-com-europeus-e-acena-para-negocios-com-o-brasil\\\/\"]}]},{\"@type\":\"ImageObject\",\"inLanguage\":\"pt-BR\",\"@id\":\"https:\\\/\\\/www.notibras.com\\\/site\\\/putin-se-irrita-com-europeus-e-acena-para-negocios-com-o-brasil\\\/#primaryimage\",\"url\":\"https:\\\/\\\/www.notibras.com\\\/site\\\/wp-content\\\/uploads\\\/2014\\\/09\\\/tn_620_600_dilma_putin_encontro_russia.jpg\",\"contentUrl\":\"https:\\\/\\\/www.notibras.com\\\/site\\\/wp-content\\\/uploads\\\/2014\\\/09\\\/tn_620_600_dilma_putin_encontro_russia.jpg\",\"width\":620,\"height\":419},{\"@type\":\"BreadcrumbList\",\"@id\":\"https:\\\/\\\/www.notibras.com\\\/site\\\/putin-se-irrita-com-europeus-e-acena-para-negocios-com-o-brasil\\\/#breadcrumb\",\"itemListElement\":[{\"@type\":\"ListItem\",\"position\":1,\"name\":\"In\u00edcio\",\"item\":\"https:\\\/\\\/www.notibras.com\\\/site\\\/\"},{\"@type\":\"ListItem\",\"position\":2,\"name\":\"Putin se irrita com europeus e acena para neg\u00f3cios com o Brasil\"}]},{\"@type\":\"WebSite\",\"@id\":\"https:\\\/\\\/www.notibras.com\\\/site\\\/#website\",\"url\":\"https:\\\/\\\/www.notibras.com\\\/site\\\/\",\"name\":\"Notibras\",\"description\":\"Not\u00edcias de Bras\u00edlia, do Brasil e do Mundo\",\"publisher\":{\"@id\":\"https:\\\/\\\/www.notibras.com\\\/site\\\/#organization\"},\"potentialAction\":[{\"@type\":\"SearchAction\",\"target\":{\"@type\":\"EntryPoint\",\"urlTemplate\":\"https:\\\/\\\/www.notibras.com\\\/site\\\/?s={search_term_string}\"},\"query-input\":{\"@type\":\"PropertyValueSpecification\",\"valueRequired\":true,\"valueName\":\"search_term_string\"}}],\"inLanguage\":\"pt-BR\"},{\"@type\":\"Organization\",\"@id\":\"https:\\\/\\\/www.notibras.com\\\/site\\\/#organization\",\"name\":\"Grupo Notibras de Comunica\u00e7\u00e3o\",\"url\":\"https:\\\/\\\/www.notibras.com\\\/site\\\/\",\"logo\":{\"@type\":\"ImageObject\",\"inLanguage\":\"pt-BR\",\"@id\":\"https:\\\/\\\/www.notibras.com\\\/site\\\/#\\\/schema\\\/logo\\\/image\\\/\",\"url\":\"https:\\\/\\\/www.notibras.com\\\/site\\\/wp-content\\\/uploads\\\/2023\\\/01\\\/notibras23.png\",\"contentUrl\":\"https:\\\/\\\/www.notibras.com\\\/site\\\/wp-content\\\/uploads\\\/2023\\\/01\\\/notibras23.png\",\"width\":350,\"height\":87,\"caption\":\"Grupo Notibras de Comunica\u00e7\u00e3o\"},\"image\":{\"@id\":\"https:\\\/\\\/www.notibras.com\\\/site\\\/#\\\/schema\\\/logo\\\/image\\\/\"},\"sameAs\":[\"https:\\\/\\\/www.facebook.com\\\/notibras\\\/\",\"https:\\\/\\\/x.com\\\/Notibras\",\"https:\\\/\\\/www.instagram.com\\\/notibras\\\/\"]},{\"@type\":\"Person\",\"@id\":\"https:\\\/\\\/www.notibras.com\\\/site\\\/#\\\/schema\\\/person\\\/36ab0979449956132d3e5b517ea76ac8\",\"name\":\"Reda\u00e7\u00e3o\",\"image\":{\"@type\":\"ImageObject\",\"inLanguage\":\"pt-BR\",\"@id\":\"https:\\\/\\\/secure.gravatar.com\\\/avatar\\\/e0a867bdedb85fd243eadf09663511f96fc81e0720a4a42581f334ad4303aa6b?s=96&d=mm&r=g\",\"url\":\"https:\\\/\\\/secure.gravatar.com\\\/avatar\\\/e0a867bdedb85fd243eadf09663511f96fc81e0720a4a42581f334ad4303aa6b?s=96&d=mm&r=g\",\"contentUrl\":\"https:\\\/\\\/secure.gravatar.com\\\/avatar\\\/e0a867bdedb85fd243eadf09663511f96fc81e0720a4a42581f334ad4303aa6b?s=96&d=mm&r=g\",\"caption\":\"Reda\u00e7\u00e3o\"}}]}<\/script>\n<!-- \/ Yoast SEO plugin. -->","yoast_head_json":{"title":"Putin se irrita com europeus e acena para neg\u00f3cios com o Brasil - Notibras","robots":{"index":"index","follow":"follow","max-snippet":"max-snippet:-1","max-image-preview":"max-image-preview:large","max-video-preview":"max-video-preview:-1"},"canonical":"https:\/\/www.notibras.com\/site\/putin-se-irrita-com-europeus-e-acena-para-negocios-com-o-brasil\/","og_locale":"pt_BR","og_type":"article","og_title":"Putin se irrita com europeus e acena para neg\u00f3cios com o Brasil - Notibras","og_description":"A curta reuni\u00e3o de c\u00fapula da OTAN em Cardiff, no Pa\u00eds de Gales, confirmou mais uma vez: a R\u00fassia tomou a decis\u00e3o certa ao restringir a entrada de produtos de pa\u00edses-membros da organiza\u00e7\u00e3o para \u201ca mesa\u201d dos russos. O secret\u00e1rio-geral da OTAN, Anders Fog Rasmussen, fez declara\u00e7\u00f5es de tal forma \u201clinha-dura\u201d que os membros da [&hellip;]","og_url":"https:\/\/www.notibras.com\/site\/putin-se-irrita-com-europeus-e-acena-para-negocios-com-o-brasil\/","og_site_name":"Notibras","article_publisher":"https:\/\/www.facebook.com\/notibras\/","article_published_time":"2014-09-18T02:37:05+00:00","og_image":[{"width":620,"height":419,"url":"https:\/\/www.notibras.com\/site\/wp-content\/uploads\/2014\/09\/tn_620_600_dilma_putin_encontro_russia.jpg","type":"image\/jpeg"}],"author":"Reda\u00e7\u00e3o","twitter_card":"summary_large_image","twitter_creator":"@Notibras","twitter_site":"@Notibras","twitter_misc":{"Escrito por":"Reda\u00e7\u00e3o","Est. tempo de leitura":"10 minutos"},"schema":{"@context":"https:\/\/schema.org","@graph":[{"@type":"Article","@id":"https:\/\/www.notibras.com\/site\/putin-se-irrita-com-europeus-e-acena-para-negocios-com-o-brasil\/#article","isPartOf":{"@id":"https:\/\/www.notibras.com\/site\/putin-se-irrita-com-europeus-e-acena-para-negocios-com-o-brasil\/"},"author":{"name":"Reda\u00e7\u00e3o","@id":"https:\/\/www.notibras.com\/site\/#\/schema\/person\/36ab0979449956132d3e5b517ea76ac8"},"headline":"Putin se irrita com europeus e acena para neg\u00f3cios com o Brasil","datePublished":"2014-09-18T02:37:05+00:00","mainEntityOfPage":{"@id":"https:\/\/www.notibras.com\/site\/putin-se-irrita-com-europeus-e-acena-para-negocios-com-o-brasil\/"},"wordCount":2111,"commentCount":0,"publisher":{"@id":"https:\/\/www.notibras.com\/site\/#organization"},"image":{"@id":"https:\/\/www.notibras.com\/site\/putin-se-irrita-com-europeus-e-acena-para-negocios-com-o-brasil\/#primaryimage"},"thumbnailUrl":"https:\/\/www.notibras.com\/site\/wp-content\/uploads\/2014\/09\/tn_620_600_dilma_putin_encontro_russia.jpg","articleSection":["Opina a\u00ed"],"inLanguage":"pt-BR","potentialAction":[{"@type":"CommentAction","name":"Comment","target":["https:\/\/www.notibras.com\/site\/putin-se-irrita-com-europeus-e-acena-para-negocios-com-o-brasil\/#respond"]}]},{"@type":"WebPage","@id":"https:\/\/www.notibras.com\/site\/putin-se-irrita-com-europeus-e-acena-para-negocios-com-o-brasil\/","url":"https:\/\/www.notibras.com\/site\/putin-se-irrita-com-europeus-e-acena-para-negocios-com-o-brasil\/","name":"Putin se irrita com europeus e acena para neg\u00f3cios com o Brasil - Notibras","isPartOf":{"@id":"https:\/\/www.notibras.com\/site\/#website"},"primaryImageOfPage":{"@id":"https:\/\/www.notibras.com\/site\/putin-se-irrita-com-europeus-e-acena-para-negocios-com-o-brasil\/#primaryimage"},"image":{"@id":"https:\/\/www.notibras.com\/site\/putin-se-irrita-com-europeus-e-acena-para-negocios-com-o-brasil\/#primaryimage"},"thumbnailUrl":"https:\/\/www.notibras.com\/site\/wp-content\/uploads\/2014\/09\/tn_620_600_dilma_putin_encontro_russia.jpg","datePublished":"2014-09-18T02:37:05+00:00","breadcrumb":{"@id":"https:\/\/www.notibras.com\/site\/putin-se-irrita-com-europeus-e-acena-para-negocios-com-o-brasil\/#breadcrumb"},"inLanguage":"pt-BR","potentialAction":[{"@type":"ReadAction","target":["https:\/\/www.notibras.com\/site\/putin-se-irrita-com-europeus-e-acena-para-negocios-com-o-brasil\/"]}]},{"@type":"ImageObject","inLanguage":"pt-BR","@id":"https:\/\/www.notibras.com\/site\/putin-se-irrita-com-europeus-e-acena-para-negocios-com-o-brasil\/#primaryimage","url":"https:\/\/www.notibras.com\/site\/wp-content\/uploads\/2014\/09\/tn_620_600_dilma_putin_encontro_russia.jpg","contentUrl":"https:\/\/www.notibras.com\/site\/wp-content\/uploads\/2014\/09\/tn_620_600_dilma_putin_encontro_russia.jpg","width":620,"height":419},{"@type":"BreadcrumbList","@id":"https:\/\/www.notibras.com\/site\/putin-se-irrita-com-europeus-e-acena-para-negocios-com-o-brasil\/#breadcrumb","itemListElement":[{"@type":"ListItem","position":1,"name":"In\u00edcio","item":"https:\/\/www.notibras.com\/site\/"},{"@type":"ListItem","position":2,"name":"Putin se irrita com europeus e acena para neg\u00f3cios com o Brasil"}]},{"@type":"WebSite","@id":"https:\/\/www.notibras.com\/site\/#website","url":"https:\/\/www.notibras.com\/site\/","name":"Notibras","description":"Not\u00edcias de Bras\u00edlia, do Brasil e do Mundo","publisher":{"@id":"https:\/\/www.notibras.com\/site\/#organization"},"potentialAction":[{"@type":"SearchAction","target":{"@type":"EntryPoint","urlTemplate":"https:\/\/www.notibras.com\/site\/?s={search_term_string}"},"query-input":{"@type":"PropertyValueSpecification","valueRequired":true,"valueName":"search_term_string"}}],"inLanguage":"pt-BR"},{"@type":"Organization","@id":"https:\/\/www.notibras.com\/site\/#organization","name":"Grupo Notibras de Comunica\u00e7\u00e3o","url":"https:\/\/www.notibras.com\/site\/","logo":{"@type":"ImageObject","inLanguage":"pt-BR","@id":"https:\/\/www.notibras.com\/site\/#\/schema\/logo\/image\/","url":"https:\/\/www.notibras.com\/site\/wp-content\/uploads\/2023\/01\/notibras23.png","contentUrl":"https:\/\/www.notibras.com\/site\/wp-content\/uploads\/2023\/01\/notibras23.png","width":350,"height":87,"caption":"Grupo Notibras de Comunica\u00e7\u00e3o"},"image":{"@id":"https:\/\/www.notibras.com\/site\/#\/schema\/logo\/image\/"},"sameAs":["https:\/\/www.facebook.com\/notibras\/","https:\/\/x.com\/Notibras","https:\/\/www.instagram.com\/notibras\/"]},{"@type":"Person","@id":"https:\/\/www.notibras.com\/site\/#\/schema\/person\/36ab0979449956132d3e5b517ea76ac8","name":"Reda\u00e7\u00e3o","image":{"@type":"ImageObject","inLanguage":"pt-BR","@id":"https:\/\/secure.gravatar.com\/avatar\/e0a867bdedb85fd243eadf09663511f96fc81e0720a4a42581f334ad4303aa6b?s=96&d=mm&r=g","url":"https:\/\/secure.gravatar.com\/avatar\/e0a867bdedb85fd243eadf09663511f96fc81e0720a4a42581f334ad4303aa6b?s=96&d=mm&r=g","contentUrl":"https:\/\/secure.gravatar.com\/avatar\/e0a867bdedb85fd243eadf09663511f96fc81e0720a4a42581f334ad4303aa6b?s=96&d=mm&r=g","caption":"Reda\u00e7\u00e3o"}}]}},"amp_enabled":true,"_links":{"self":[{"href":"https:\/\/www.notibras.com\/site\/wp-json\/wp\/v2\/posts\/22562","targetHints":{"allow":["GET"]}}],"collection":[{"href":"https:\/\/www.notibras.com\/site\/wp-json\/wp\/v2\/posts"}],"about":[{"href":"https:\/\/www.notibras.com\/site\/wp-json\/wp\/v2\/types\/post"}],"author":[{"embeddable":true,"href":"https:\/\/www.notibras.com\/site\/wp-json\/wp\/v2\/users\/2"}],"replies":[{"embeddable":true,"href":"https:\/\/www.notibras.com\/site\/wp-json\/wp\/v2\/comments?post=22562"}],"version-history":[{"count":0,"href":"https:\/\/www.notibras.com\/site\/wp-json\/wp\/v2\/posts\/22562\/revisions"}],"wp:featuredmedia":[{"embeddable":true,"href":"https:\/\/www.notibras.com\/site\/wp-json\/wp\/v2\/media\/22563"}],"wp:attachment":[{"href":"https:\/\/www.notibras.com\/site\/wp-json\/wp\/v2\/media?parent=22562"}],"wp:term":[{"taxonomy":"category","embeddable":true,"href":"https:\/\/www.notibras.com\/site\/wp-json\/wp\/v2\/categories?post=22562"},{"taxonomy":"post_tag","embeddable":true,"href":"https:\/\/www.notibras.com\/site\/wp-json\/wp\/v2\/tags?post=22562"}],"curies":[{"name":"wp","href":"https:\/\/api.w.org\/{rel}","templated":true}]}}