{"id":22569,"date":"2014-09-17T22:03:46","date_gmt":"2014-09-18T01:03:46","guid":{"rendered":"http:\/\/www.notibras.com\/site\/?p=22569"},"modified":"2014-09-18T00:06:16","modified_gmt":"2014-09-18T03:06:16","slug":"palmeiras-reage-empata-com-fla-mas-entra-na-zona-da-degola","status":"publish","type":"post","link":"https:\/\/www.notibras.com\/site\/palmeiras-reage-empata-com-fla-mas-entra-na-zona-da-degola\/","title":{"rendered":"Palmeiras reage, empata com Fla mas entra na zona da degola"},"content":{"rendered":"<p>s torcedores que compareceram ao Pacaembu, nesta quarta-feira, viram dois tempos distintos entre Palmeiras e Flamengo, pela 22\u00aa rodada do Campeonato Brasileiro. Muito melhor na etapa inicial, os cariocas abriram dois gols de vantagem e deixaram os donos da casa em situa\u00e7\u00e3o delicada. Por\u00e9m, com mudan\u00e7as na equipe, os paulistas melhoraram depois do intervalo e conseguiram terminar a partida com um empate por 2 a 2. Apesar resultado suado, a torcida n\u00e3o tem muito o que comemorar, j\u00e1 o clube est\u00e1 de volta na zona de rebaixamento.<\/p>\n<p>Com o resultado, o Flamengo continua estacionado no meio da tabela, na 10\u00aa posi\u00e7\u00e3o, com 29 pontos conquistados. J\u00e1 o Palmeiras volta para a zona de rebaixamento, no 18\u00ba lugar, com 22 pontos. Agora, o clube paulista est\u00e1 um atr\u00e1s de Bahia, Coritiba e Chapecoense, os primeiros fora da degola.<\/p>\n<p>O destaque da partida ficou para a rea\u00e7\u00e3o alviverde na etapa final. Com dois gols atr\u00e1s, Dorival J\u00fanior colocou Valdivia e Allione e viu sua equipe se transformar em campo. Com os estrangeiros organizando a equipe, o time conseguiu marcar dois gols, empatou a partida e por pouco n\u00e3o saiu com a vit\u00f3ria do Pacaembu.<\/p>\n<blockquote><p>Diogo tamb\u00e9m saiu mais aliviado da partida. Sem marcar desde 14 de setembro de 2013, quando ainda atuava pela Portuguesa, o atacante alviverde fez o primeiro gol da equipe e abriu caminho para o empate que aconteceria mais tarde, com Allione. J\u00e1 Valdivia, que entrou bem e mudou a partida, voltou a perder a cabe\u00e7a e acabou expulso ap\u00f3s pisar no advers\u00e1rio no final do jogo.<\/p><\/blockquote>\n<p>O destaque carioca ficou para a parceria entre Alecsandro e Eduardo da Silva. Pela quarta vez os dois atacantes come\u00e7aram juntos uma partida no Flamengo, e nas \u00faltimas tr\u00eas passaram em branco. N\u00e3o desta vez. O croata deu assist\u00eancia e o camisa 19 marcou o segundo dos cariocas. O tento, por sinal, acabou com um &#8220;jejum&#8221; do jogador. Alecsandro n\u00e3o marcava com a bola rolando desde o dia 27 de julho, contra o Botafogo, pela 12\u00aa rodada.<\/p>\n<p>Na pr\u00f3xima rodada, o Flamengo faz o cl\u00e1ssico com o Fluminense, domingo (21), \u00e0s 16h, no Maracan\u00e3. J\u00e1 o Palmeiras visita o Goi\u00e1s, no mesmo dia, mas \u00e0s 18h30, no Serra Dourada.<\/p>\n<p>Bem postado desde o come\u00e7o do jogo, o Flamengo deixava o Palmeiras propor o jogo e aguardava erros para sair em contra-ataques. Apesar de manter a bola no ataque, a equipe paulista n\u00e3o conseguia infiltrar no sistema defensivo do advers\u00e1rio e dava pouco trabalho.<\/p>\n<p>Com a estrat\u00e9gia bem definida, o Flamengo cumpriu seu papel e aos 13min abriu o placar. Jo\u00e3o Paulo avan\u00e7ou pela esquerda e cruzou para o meio da \u00e1rea. Juninho tentou dominar na entrada da \u00e1rea, falhou, e viu Canteros roubar a bola, fintar Nathan e estufar a rede do goleiro Deola.<\/p>\n<p>O gol provou que Vanderlei Luxemburgo acertou no esquema escolhido para enfrentar o Palmeiras. J\u00e1 Dorival J\u00fanior viu seu esquema naufragar na etapa inicial. Sem nenhuma meia de liga\u00e7\u00e3o, os donos da casa continuaram com a posse de bola, mas sem assustar o sistema defensivo dos cariocas.<\/p>\n<p>Aos 31min, os visitantes aproveitaram outra falha de marca\u00e7\u00e3o e ampliaram. L\u00e9o Moura encontrou Eduardo da Silva na \u00e1rea, o croata dividiu com Deola e cruzou para Alecsandro. O camisa 19 s\u00f3 precisou empurrar de cabe\u00e7a para marcar o segundo. Palmeirenses ficaram reclamando de um toque claro na m\u00e3o de Eduardo, que assumiu que pegou de rasp\u00e3o, antes do cruzamento. O \u00e1rbitro considerou normal.<\/p>\n<p>Ciente do erro de escala\u00e7\u00e3o na equipe, Dorival mexeu no intervalo: tirou os atacantes Mouche e Henrique e preencheu o meio de campo com Valdivia e Allione. A altera\u00e7\u00e3o deu certo e a equipe melhorou. Logo aos dois minutos o Palmeiras diminuiu. Ap\u00f3s um chut\u00e3o de L\u00facio, L\u00e9o Moura falhou e a bola sobrou para Diogo. O atacante, que n\u00e3o marcava h\u00e1 mais de um ano, bateu cruzado e superou Paulo Victor.<\/p>\n<p>A superioridade do Palmeiras era clara. Com Allione e Valdivia, a equipe conseguia segurar a bola e aos poucos chegava ao gol rubro-negro. Aos 24min, Valdivia tabelou com Diogo e acertou \u00f3timo lan\u00e7amento para Victor Lu\u00eds. O lateral esquerdo chutou cruzado, e a bola ainda pegou no travess\u00e3o antes de estufar a rede flamenguista.<\/p>\n<p>O Palmeiras chegava com perigo e por pouco n\u00e3o virou a partida. Aos 31min, Allione fez a finta na entrada da \u00e1rea, chutou e a bola saiu com perigo. A superioridade, no entanto, acabou. Em um lance no campo de ataque, Valdivia puxou o defensor e cometeu a falta. Com a bola parada, o chileno aproveitou para pisar no marcador e acabou, corretamento, expulso pelo \u00e1rbitro.<\/p>\n<p>Com um a menos, o Palmeiras voltou a sofrer e quase perdeu a partida. Aos 40min, Alecsandro girou sobre a marca\u00e7\u00e3o, chutou forte e acertou o travess\u00e3o. Na sobra, Everton empurrou para o gol, mas o \u00e1rbitro j\u00e1 assinalava impedimento do jogador rubro-negro.<\/p>\n","protected":false},"excerpt":{"rendered":"<p>s torcedores que compareceram ao Pacaembu, nesta quarta-feira, viram dois tempos distintos entre Palmeiras e Flamengo, pela 22\u00aa rodada do Campeonato Brasileiro. Muito melhor na etapa inicial, os cariocas abriram dois gols de vantagem e deixaram os donos da casa em situa\u00e7\u00e3o delicada. Por\u00e9m, com mudan\u00e7as na equipe, os paulistas melhoraram depois do intervalo e [&hellip;]<\/p>\n","protected":false},"author":2,"featured_media":22570,"comment_status":"open","ping_status":"closed","sticky":false,"template":"","format":"standard","meta":{"_acf_changed":false,"footnotes":""},"categories":[19,29],"tags":[],"class_list":["post-22569","post","type-post","status-publish","format-standard","has-post-thumbnail","hentry","category-esportes","category-futebol"],"acf":[],"yoast_head":"<!-- This site is optimized with the Yoast SEO plugin v27.2 - https:\/\/yoast.com\/product\/yoast-seo-wordpress\/ -->\n<title>Palmeiras reage, empata com Fla mas entra na zona da degola - Notibras<\/title>\n<meta name=\"robots\" content=\"index, follow, max-snippet:-1, max-image-preview:large, max-video-preview:-1\" \/>\n<link rel=\"canonical\" href=\"https:\/\/www.notibras.com\/site\/palmeiras-reage-empata-com-fla-mas-entra-na-zona-da-degola\/\" \/>\n<meta property=\"og:locale\" content=\"pt_BR\" \/>\n<meta property=\"og:type\" content=\"article\" \/>\n<meta property=\"og:title\" content=\"Palmeiras reage, empata com Fla mas entra na zona da degola - Notibras\" \/>\n<meta property=\"og:description\" content=\"s torcedores que compareceram ao Pacaembu, nesta quarta-feira, viram dois tempos distintos entre Palmeiras e Flamengo, pela 22\u00aa rodada do Campeonato Brasileiro. Muito melhor na etapa inicial, os cariocas abriram dois gols de vantagem e deixaram os donos da casa em situa\u00e7\u00e3o delicada. Por\u00e9m, com mudan\u00e7as na equipe, os paulistas melhoraram depois do intervalo e [&hellip;]\" \/>\n<meta property=\"og:url\" content=\"https:\/\/www.notibras.com\/site\/palmeiras-reage-empata-com-fla-mas-entra-na-zona-da-degola\/\" \/>\n<meta property=\"og:site_name\" content=\"Notibras\" \/>\n<meta property=\"article:publisher\" content=\"https:\/\/www.facebook.com\/notibras\/\" \/>\n<meta property=\"article:published_time\" content=\"2014-09-18T01:03:46+00:00\" \/>\n<meta property=\"article:modified_time\" content=\"2014-09-18T03:06:16+00:00\" \/>\n<meta property=\"og:image\" content=\"https:\/\/www.notibras.com\/site\/wp-content\/uploads\/2014\/09\/palmeiras-flamengo-vinicius-rebaixamento-size-598.jpg\" \/>\n\t<meta property=\"og:image:width\" content=\"597\" \/>\n\t<meta property=\"og:image:height\" content=\"336\" \/>\n\t<meta property=\"og:image:type\" content=\"image\/jpeg\" \/>\n<meta name=\"author\" content=\"Reda\u00e7\u00e3o\" \/>\n<meta name=\"twitter:card\" content=\"summary_large_image\" \/>\n<meta name=\"twitter:creator\" content=\"@Notibras\" \/>\n<meta name=\"twitter:site\" content=\"@Notibras\" \/>\n<meta name=\"twitter:label1\" content=\"Escrito por\" \/>\n\t<meta name=\"twitter:data1\" content=\"Reda\u00e7\u00e3o\" \/>\n\t<meta name=\"twitter:label2\" content=\"Est. tempo de leitura\" \/>\n\t<meta name=\"twitter:data2\" content=\"4 minutos\" \/>\n<script type=\"application\/ld+json\" class=\"yoast-schema-graph\">{\"@context\":\"https:\/\/schema.org\",\"@graph\":[{\"@type\":\"Article\",\"@id\":\"https:\/\/www.notibras.com\/site\/palmeiras-reage-empata-com-fla-mas-entra-na-zona-da-degola\/#article\",\"isPartOf\":{\"@id\":\"https:\/\/www.notibras.com\/site\/palmeiras-reage-empata-com-fla-mas-entra-na-zona-da-degola\/\"},\"author\":{\"name\":\"Reda\u00e7\u00e3o\",\"@id\":\"https:\/\/www.notibras.com\/site\/#\/schema\/person\/36ab0979449956132d3e5b517ea76ac8\"},\"headline\":\"Palmeiras reage, empata com Fla mas entra na zona da degola\",\"datePublished\":\"2014-09-18T01:03:46+00:00\",\"dateModified\":\"2014-09-18T03:06:16+00:00\",\"mainEntityOfPage\":{\"@id\":\"https:\/\/www.notibras.com\/site\/palmeiras-reage-empata-com-fla-mas-entra-na-zona-da-degola\/\"},\"wordCount\":854,\"commentCount\":0,\"publisher\":{\"@id\":\"https:\/\/www.notibras.com\/site\/#organization\"},\"image\":{\"@id\":\"https:\/\/www.notibras.com\/site\/palmeiras-reage-empata-com-fla-mas-entra-na-zona-da-degola\/#primaryimage\"},\"thumbnailUrl\":\"https:\/\/www.notibras.com\/site\/wp-content\/uploads\/2014\/09\/palmeiras-flamengo-vinicius-rebaixamento-size-598.jpg\",\"articleSection\":[\"Esportes\",\"Futebol\"],\"inLanguage\":\"pt-BR\",\"potentialAction\":[{\"@type\":\"CommentAction\",\"name\":\"Comment\",\"target\":[\"https:\/\/www.notibras.com\/site\/palmeiras-reage-empata-com-fla-mas-entra-na-zona-da-degola\/#respond\"]}]},{\"@type\":\"WebPage\",\"@id\":\"https:\/\/www.notibras.com\/site\/palmeiras-reage-empata-com-fla-mas-entra-na-zona-da-degola\/\",\"url\":\"https:\/\/www.notibras.com\/site\/palmeiras-reage-empata-com-fla-mas-entra-na-zona-da-degola\/\",\"name\":\"Palmeiras reage, empata com Fla mas entra na zona da degola - Notibras\",\"isPartOf\":{\"@id\":\"https:\/\/www.notibras.com\/site\/#website\"},\"primaryImageOfPage\":{\"@id\":\"https:\/\/www.notibras.com\/site\/palmeiras-reage-empata-com-fla-mas-entra-na-zona-da-degola\/#primaryimage\"},\"image\":{\"@id\":\"https:\/\/www.notibras.com\/site\/palmeiras-reage-empata-com-fla-mas-entra-na-zona-da-degola\/#primaryimage\"},\"thumbnailUrl\":\"https:\/\/www.notibras.com\/site\/wp-content\/uploads\/2014\/09\/palmeiras-flamengo-vinicius-rebaixamento-size-598.jpg\",\"datePublished\":\"2014-09-18T01:03:46+00:00\",\"dateModified\":\"2014-09-18T03:06:16+00:00\",\"breadcrumb\":{\"@id\":\"https:\/\/www.notibras.com\/site\/palmeiras-reage-empata-com-fla-mas-entra-na-zona-da-degola\/#breadcrumb\"},\"inLanguage\":\"pt-BR\",\"potentialAction\":[{\"@type\":\"ReadAction\",\"target\":[\"https:\/\/www.notibras.com\/site\/palmeiras-reage-empata-com-fla-mas-entra-na-zona-da-degola\/\"]}]},{\"@type\":\"ImageObject\",\"inLanguage\":\"pt-BR\",\"@id\":\"https:\/\/www.notibras.com\/site\/palmeiras-reage-empata-com-fla-mas-entra-na-zona-da-degola\/#primaryimage\",\"url\":\"https:\/\/www.notibras.com\/site\/wp-content\/uploads\/2014\/09\/palmeiras-flamengo-vinicius-rebaixamento-size-598.jpg\",\"contentUrl\":\"https:\/\/www.notibras.com\/site\/wp-content\/uploads\/2014\/09\/palmeiras-flamengo-vinicius-rebaixamento-size-598.jpg\",\"width\":597,\"height\":336},{\"@type\":\"BreadcrumbList\",\"@id\":\"https:\/\/www.notibras.com\/site\/palmeiras-reage-empata-com-fla-mas-entra-na-zona-da-degola\/#breadcrumb\",\"itemListElement\":[{\"@type\":\"ListItem\",\"position\":1,\"name\":\"In\u00edcio\",\"item\":\"https:\/\/www.notibras.com\/site\/\"},{\"@type\":\"ListItem\",\"position\":2,\"name\":\"Palmeiras reage, empata com Fla mas entra na zona da degola\"}]},{\"@type\":\"WebSite\",\"@id\":\"https:\/\/www.notibras.com\/site\/#website\",\"url\":\"https:\/\/www.notibras.com\/site\/\",\"name\":\"Notibras\",\"description\":\"Not\u00edcias de Bras\u00edlia, do Brasil e do Mundo\",\"publisher\":{\"@id\":\"https:\/\/www.notibras.com\/site\/#organization\"},\"potentialAction\":[{\"@type\":\"SearchAction\",\"target\":{\"@type\":\"EntryPoint\",\"urlTemplate\":\"https:\/\/www.notibras.com\/site\/?s={search_term_string}\"},\"query-input\":{\"@type\":\"PropertyValueSpecification\",\"valueRequired\":true,\"valueName\":\"search_term_string\"}}],\"inLanguage\":\"pt-BR\"},{\"@type\":\"Organization\",\"@id\":\"https:\/\/www.notibras.com\/site\/#organization\",\"name\":\"Grupo Notibras de Comunica\u00e7\u00e3o\",\"url\":\"https:\/\/www.notibras.com\/site\/\",\"logo\":{\"@type\":\"ImageObject\",\"inLanguage\":\"pt-BR\",\"@id\":\"https:\/\/www.notibras.com\/site\/#\/schema\/logo\/image\/\",\"url\":\"https:\/\/www.notibras.com\/site\/wp-content\/uploads\/2023\/01\/notibras23.png\",\"contentUrl\":\"https:\/\/www.notibras.com\/site\/wp-content\/uploads\/2023\/01\/notibras23.png\",\"width\":350,\"height\":87,\"caption\":\"Grupo Notibras de Comunica\u00e7\u00e3o\"},\"image\":{\"@id\":\"https:\/\/www.notibras.com\/site\/#\/schema\/logo\/image\/\"},\"sameAs\":[\"https:\/\/www.facebook.com\/notibras\/\",\"https:\/\/x.com\/Notibras\",\"https:\/\/www.instagram.com\/notibras\/\"]},{\"@type\":\"Person\",\"@id\":\"https:\/\/www.notibras.com\/site\/#\/schema\/person\/36ab0979449956132d3e5b517ea76ac8\",\"name\":\"Reda\u00e7\u00e3o\",\"image\":{\"@type\":\"ImageObject\",\"inLanguage\":\"pt-BR\",\"@id\":\"https:\/\/secure.gravatar.com\/avatar\/e0a867bdedb85fd243eadf09663511f96fc81e0720a4a42581f334ad4303aa6b?s=96&d=mm&r=g\",\"url\":\"https:\/\/secure.gravatar.com\/avatar\/e0a867bdedb85fd243eadf09663511f96fc81e0720a4a42581f334ad4303aa6b?s=96&d=mm&r=g\",\"contentUrl\":\"https:\/\/secure.gravatar.com\/avatar\/e0a867bdedb85fd243eadf09663511f96fc81e0720a4a42581f334ad4303aa6b?s=96&d=mm&r=g\",\"caption\":\"Reda\u00e7\u00e3o\"}}]}<\/script>\n<!-- \/ Yoast SEO plugin. -->","yoast_head_json":{"title":"Palmeiras reage, empata com Fla mas entra na zona da degola - Notibras","robots":{"index":"index","follow":"follow","max-snippet":"max-snippet:-1","max-image-preview":"max-image-preview:large","max-video-preview":"max-video-preview:-1"},"canonical":"https:\/\/www.notibras.com\/site\/palmeiras-reage-empata-com-fla-mas-entra-na-zona-da-degola\/","og_locale":"pt_BR","og_type":"article","og_title":"Palmeiras reage, empata com Fla mas entra na zona da degola - Notibras","og_description":"s torcedores que compareceram ao Pacaembu, nesta quarta-feira, viram dois tempos distintos entre Palmeiras e Flamengo, pela 22\u00aa rodada do Campeonato Brasileiro. Muito melhor na etapa inicial, os cariocas abriram dois gols de vantagem e deixaram os donos da casa em situa\u00e7\u00e3o delicada. Por\u00e9m, com mudan\u00e7as na equipe, os paulistas melhoraram depois do intervalo e [&hellip;]","og_url":"https:\/\/www.notibras.com\/site\/palmeiras-reage-empata-com-fla-mas-entra-na-zona-da-degola\/","og_site_name":"Notibras","article_publisher":"https:\/\/www.facebook.com\/notibras\/","article_published_time":"2014-09-18T01:03:46+00:00","article_modified_time":"2014-09-18T03:06:16+00:00","og_image":[{"width":597,"height":336,"url":"https:\/\/www.notibras.com\/site\/wp-content\/uploads\/2014\/09\/palmeiras-flamengo-vinicius-rebaixamento-size-598.jpg","type":"image\/jpeg"}],"author":"Reda\u00e7\u00e3o","twitter_card":"summary_large_image","twitter_creator":"@Notibras","twitter_site":"@Notibras","twitter_misc":{"Escrito por":"Reda\u00e7\u00e3o","Est. tempo de leitura":"4 minutos"},"schema":{"@context":"https:\/\/schema.org","@graph":[{"@type":"Article","@id":"https:\/\/www.notibras.com\/site\/palmeiras-reage-empata-com-fla-mas-entra-na-zona-da-degola\/#article","isPartOf":{"@id":"https:\/\/www.notibras.com\/site\/palmeiras-reage-empata-com-fla-mas-entra-na-zona-da-degola\/"},"author":{"name":"Reda\u00e7\u00e3o","@id":"https:\/\/www.notibras.com\/site\/#\/schema\/person\/36ab0979449956132d3e5b517ea76ac8"},"headline":"Palmeiras reage, empata com Fla mas entra na zona da degola","datePublished":"2014-09-18T01:03:46+00:00","dateModified":"2014-09-18T03:06:16+00:00","mainEntityOfPage":{"@id":"https:\/\/www.notibras.com\/site\/palmeiras-reage-empata-com-fla-mas-entra-na-zona-da-degola\/"},"wordCount":854,"commentCount":0,"publisher":{"@id":"https:\/\/www.notibras.com\/site\/#organization"},"image":{"@id":"https:\/\/www.notibras.com\/site\/palmeiras-reage-empata-com-fla-mas-entra-na-zona-da-degola\/#primaryimage"},"thumbnailUrl":"https:\/\/www.notibras.com\/site\/wp-content\/uploads\/2014\/09\/palmeiras-flamengo-vinicius-rebaixamento-size-598.jpg","articleSection":["Esportes","Futebol"],"inLanguage":"pt-BR","potentialAction":[{"@type":"CommentAction","name":"Comment","target":["https:\/\/www.notibras.com\/site\/palmeiras-reage-empata-com-fla-mas-entra-na-zona-da-degola\/#respond"]}]},{"@type":"WebPage","@id":"https:\/\/www.notibras.com\/site\/palmeiras-reage-empata-com-fla-mas-entra-na-zona-da-degola\/","url":"https:\/\/www.notibras.com\/site\/palmeiras-reage-empata-com-fla-mas-entra-na-zona-da-degola\/","name":"Palmeiras reage, empata com Fla mas entra na zona da degola - Notibras","isPartOf":{"@id":"https:\/\/www.notibras.com\/site\/#website"},"primaryImageOfPage":{"@id":"https:\/\/www.notibras.com\/site\/palmeiras-reage-empata-com-fla-mas-entra-na-zona-da-degola\/#primaryimage"},"image":{"@id":"https:\/\/www.notibras.com\/site\/palmeiras-reage-empata-com-fla-mas-entra-na-zona-da-degola\/#primaryimage"},"thumbnailUrl":"https:\/\/www.notibras.com\/site\/wp-content\/uploads\/2014\/09\/palmeiras-flamengo-vinicius-rebaixamento-size-598.jpg","datePublished":"2014-09-18T01:03:46+00:00","dateModified":"2014-09-18T03:06:16+00:00","breadcrumb":{"@id":"https:\/\/www.notibras.com\/site\/palmeiras-reage-empata-com-fla-mas-entra-na-zona-da-degola\/#breadcrumb"},"inLanguage":"pt-BR","potentialAction":[{"@type":"ReadAction","target":["https:\/\/www.notibras.com\/site\/palmeiras-reage-empata-com-fla-mas-entra-na-zona-da-degola\/"]}]},{"@type":"ImageObject","inLanguage":"pt-BR","@id":"https:\/\/www.notibras.com\/site\/palmeiras-reage-empata-com-fla-mas-entra-na-zona-da-degola\/#primaryimage","url":"https:\/\/www.notibras.com\/site\/wp-content\/uploads\/2014\/09\/palmeiras-flamengo-vinicius-rebaixamento-size-598.jpg","contentUrl":"https:\/\/www.notibras.com\/site\/wp-content\/uploads\/2014\/09\/palmeiras-flamengo-vinicius-rebaixamento-size-598.jpg","width":597,"height":336},{"@type":"BreadcrumbList","@id":"https:\/\/www.notibras.com\/site\/palmeiras-reage-empata-com-fla-mas-entra-na-zona-da-degola\/#breadcrumb","itemListElement":[{"@type":"ListItem","position":1,"name":"In\u00edcio","item":"https:\/\/www.notibras.com\/site\/"},{"@type":"ListItem","position":2,"name":"Palmeiras reage, empata com Fla mas entra na zona da degola"}]},{"@type":"WebSite","@id":"https:\/\/www.notibras.com\/site\/#website","url":"https:\/\/www.notibras.com\/site\/","name":"Notibras","description":"Not\u00edcias de Bras\u00edlia, do Brasil e do Mundo","publisher":{"@id":"https:\/\/www.notibras.com\/site\/#organization"},"potentialAction":[{"@type":"SearchAction","target":{"@type":"EntryPoint","urlTemplate":"https:\/\/www.notibras.com\/site\/?s={search_term_string}"},"query-input":{"@type":"PropertyValueSpecification","valueRequired":true,"valueName":"search_term_string"}}],"inLanguage":"pt-BR"},{"@type":"Organization","@id":"https:\/\/www.notibras.com\/site\/#organization","name":"Grupo Notibras de Comunica\u00e7\u00e3o","url":"https:\/\/www.notibras.com\/site\/","logo":{"@type":"ImageObject","inLanguage":"pt-BR","@id":"https:\/\/www.notibras.com\/site\/#\/schema\/logo\/image\/","url":"https:\/\/www.notibras.com\/site\/wp-content\/uploads\/2023\/01\/notibras23.png","contentUrl":"https:\/\/www.notibras.com\/site\/wp-content\/uploads\/2023\/01\/notibras23.png","width":350,"height":87,"caption":"Grupo Notibras de Comunica\u00e7\u00e3o"},"image":{"@id":"https:\/\/www.notibras.com\/site\/#\/schema\/logo\/image\/"},"sameAs":["https:\/\/www.facebook.com\/notibras\/","https:\/\/x.com\/Notibras","https:\/\/www.instagram.com\/notibras\/"]},{"@type":"Person","@id":"https:\/\/www.notibras.com\/site\/#\/schema\/person\/36ab0979449956132d3e5b517ea76ac8","name":"Reda\u00e7\u00e3o","image":{"@type":"ImageObject","inLanguage":"pt-BR","@id":"https:\/\/secure.gravatar.com\/avatar\/e0a867bdedb85fd243eadf09663511f96fc81e0720a4a42581f334ad4303aa6b?s=96&d=mm&r=g","url":"https:\/\/secure.gravatar.com\/avatar\/e0a867bdedb85fd243eadf09663511f96fc81e0720a4a42581f334ad4303aa6b?s=96&d=mm&r=g","contentUrl":"https:\/\/secure.gravatar.com\/avatar\/e0a867bdedb85fd243eadf09663511f96fc81e0720a4a42581f334ad4303aa6b?s=96&d=mm&r=g","caption":"Reda\u00e7\u00e3o"}}]}},"amp_enabled":true,"_links":{"self":[{"href":"https:\/\/www.notibras.com\/site\/wp-json\/wp\/v2\/posts\/22569","targetHints":{"allow":["GET"]}}],"collection":[{"href":"https:\/\/www.notibras.com\/site\/wp-json\/wp\/v2\/posts"}],"about":[{"href":"https:\/\/www.notibras.com\/site\/wp-json\/wp\/v2\/types\/post"}],"author":[{"embeddable":true,"href":"https:\/\/www.notibras.com\/site\/wp-json\/wp\/v2\/users\/2"}],"replies":[{"embeddable":true,"href":"https:\/\/www.notibras.com\/site\/wp-json\/wp\/v2\/comments?post=22569"}],"version-history":[{"count":0,"href":"https:\/\/www.notibras.com\/site\/wp-json\/wp\/v2\/posts\/22569\/revisions"}],"wp:featuredmedia":[{"embeddable":true,"href":"https:\/\/www.notibras.com\/site\/wp-json\/wp\/v2\/media\/22570"}],"wp:attachment":[{"href":"https:\/\/www.notibras.com\/site\/wp-json\/wp\/v2\/media?parent=22569"}],"wp:term":[{"taxonomy":"category","embeddable":true,"href":"https:\/\/www.notibras.com\/site\/wp-json\/wp\/v2\/categories?post=22569"},{"taxonomy":"post_tag","embeddable":true,"href":"https:\/\/www.notibras.com\/site\/wp-json\/wp\/v2\/tags?post=22569"}],"curies":[{"name":"wp","href":"https:\/\/api.w.org\/{rel}","templated":true}]}}