{"id":22576,"date":"2014-09-18T13:05:07","date_gmt":"2014-09-18T16:05:07","guid":{"rendered":"http:\/\/www.notibras.com\/site\/?p=22576"},"modified":"2014-09-19T01:07:31","modified_gmt":"2014-09-19T04:07:31","slug":"industria-sente-o-peso-da-crise-e-comeca-a-projetar-demissoes-no-setor","status":"publish","type":"post","link":"https:\/\/www.notibras.com\/site\/industria-sente-o-peso-da-crise-e-comeca-a-projetar-demissoes-no-setor\/","title":{"rendered":"Ind\u00fastria sente o peso da crise e programa demiss\u00f5es"},"content":{"rendered":"<p>Os empres\u00e1rios projetam a redu\u00e7\u00e3o do n\u00famero de trabalhadores na ind\u00fastria nos pr\u00f3ximos seis meses. Pesquisa da Confedera\u00e7\u00e3o Nacional da Ind\u00fastria (CNI) indica que o \u201cquadro de dificuldades atinge o emprego no setor\u201d. Os n\u00fameros do desempenho da ind\u00fastria em agosto confirmam a queda na produ\u00e7\u00e3o, a redu\u00e7\u00e3o do emprego, o aumento da ociosidade e dos estoques indesejados.<\/p>\n<p>O indicador de evolu\u00e7\u00e3o da produ\u00e7\u00e3o, por exemplo, ficou em 48,2 pontos, e o n\u00famero de empregados aumentou para 46 pontos no m\u00eas passado, mas manteve-se abaixo dos 50 pontos. Os indicadores variam de 0 a 100. Abaixo de 50 revelam queda na produ\u00e7\u00e3o e no emprego.<\/p>\n<blockquote><p>A pesquisa mostra que a utiliza\u00e7\u00e3o da capacidade instalada ficou em 72%. O \u00edndice de n\u00edvel de estoque efetivo, em rela\u00e7\u00e3o ao planejado, subiu para 52,2 pontos, o maior desde junho de 2012. Como o indicador ficou acima dos 50 pontos revelou o aumento dos estoques indesejados.<\/p><\/blockquote>\n<p>O indicador de expectativa sobre o n\u00famero de empregados caiu para 47,8 pontos em setembro, o valor mais baixo desde abril de 2009. As perspectivas tamb\u00e9m s\u00e3o negativas para as exporta\u00e7\u00f5es, com o indicador de expectativa de quantidade exportada para os pr\u00f3ximos seis meses em 48,7 pontos em setembro. Os indicadores de expectativa variam tamb\u00e9m de 0 a 100. Abaixo de 50 revelam perspectivas de queda.<\/p>\n<p>A pesquisa foi feita entre 1\u00ba e 10 de setembro, com 2.240 ind\u00fastrias brasileiras. Dessas, 857 s\u00e3o pequenas, 817 s\u00e3o m\u00e9dias e 556 s\u00e3o de grande porte.<\/p>\n","protected":false},"excerpt":{"rendered":"<p>Os empres\u00e1rios projetam a redu\u00e7\u00e3o do n\u00famero de trabalhadores na ind\u00fastria nos pr\u00f3ximos seis meses. Pesquisa da Confedera\u00e7\u00e3o Nacional da Ind\u00fastria (CNI) indica que o \u201cquadro de dificuldades atinge o emprego no setor\u201d. Os n\u00fameros do desempenho da ind\u00fastria em agosto confirmam a queda na produ\u00e7\u00e3o, a redu\u00e7\u00e3o do emprego, o aumento da ociosidade e [&hellip;]<\/p>\n","protected":false},"author":2,"featured_media":22577,"comment_status":"open","ping_status":"closed","sticky":false,"template":"","format":"standard","meta":{"_acf_changed":false,"footnotes":""},"categories":[16],"tags":[],"class_list":["post-22576","post","type-post","status-publish","format-standard","has-post-thumbnail","hentry","category-brasil"],"acf":[],"_links":{"self":[{"href":"https:\/\/www.notibras.com\/site\/wp-json\/wp\/v2\/posts\/22576","targetHints":{"allow":["GET"]}}],"collection":[{"href":"https:\/\/www.notibras.com\/site\/wp-json\/wp\/v2\/posts"}],"about":[{"href":"https:\/\/www.notibras.com\/site\/wp-json\/wp\/v2\/types\/post"}],"author":[{"embeddable":true,"href":"https:\/\/www.notibras.com\/site\/wp-json\/wp\/v2\/users\/2"}],"replies":[{"embeddable":true,"href":"https:\/\/www.notibras.com\/site\/wp-json\/wp\/v2\/comments?post=22576"}],"version-history":[{"count":0,"href":"https:\/\/www.notibras.com\/site\/wp-json\/wp\/v2\/posts\/22576\/revisions"}],"wp:featuredmedia":[{"embeddable":true,"href":"https:\/\/www.notibras.com\/site\/wp-json\/wp\/v2\/media\/22577"}],"wp:attachment":[{"href":"https:\/\/www.notibras.com\/site\/wp-json\/wp\/v2\/media?parent=22576"}],"wp:term":[{"taxonomy":"category","embeddable":true,"href":"https:\/\/www.notibras.com\/site\/wp-json\/wp\/v2\/categories?post=22576"},{"taxonomy":"post_tag","embeddable":true,"href":"https:\/\/www.notibras.com\/site\/wp-json\/wp\/v2\/tags?post=22576"}],"curies":[{"name":"wp","href":"https:\/\/api.w.org\/{rel}","templated":true}]}}