{"id":22581,"date":"2014-09-18T13:25:34","date_gmt":"2014-09-18T16:25:34","guid":{"rendered":"http:\/\/www.notibras.com\/site\/?p=22581"},"modified":"2014-09-19T13:36:31","modified_gmt":"2014-09-19T16:36:31","slug":"banco-central-ve-inadimplencia-em-alta-e-descre-da-retomada-de-credito","status":"publish","type":"post","link":"https:\/\/www.notibras.com\/site\/banco-central-ve-inadimplencia-em-alta-e-descre-da-retomada-de-credito\/","title":{"rendered":"BC v\u00ea a inadimpl\u00eancia em alta e descr\u00ea de mais  cr\u00e9ditos"},"content":{"rendered":"<p>O Banco Central (BC) n\u00e3o espera redu\u00e7\u00e3o na inadimpl\u00eancia m\u00e9dia do sistema banc\u00e1rio nem retomada expressiva do cr\u00e9dito neste semestre. A informa\u00e7\u00e3o consta no <em>Relat\u00f3rio de Estabilidade Financeira<\/em>, divulgado nesta quinta 18.<\/p>\n<p>\u201cComo n\u00e3o se espera redu\u00e7\u00e3o na inadimpl\u00eancia m\u00e9dia do sistema banc\u00e1rio, o recuo nas despesas de provis\u00e3o [recursos reservados para conter o risco de calote], observado nos \u00faltimos semestres, n\u00e3o dever\u00e1 se repetir\u201d, avalia o BC no relat\u00f3rio.<\/p>\n<p>No relat\u00f3rio, o BC acrescenta que \u201cn\u00e3o h\u00e1 expectativa de retomada expressiva do cr\u00e9dito\u201d. Al\u00e9m disso, o BC avalia que \u201csem movimentos relevantes na Selic e nas taxas de longo prazo, os ganhos adicionais com tesouraria [t\u00edtulos] tendem a ser menores\u201d.<\/p>\n<blockquote><p>\u201cAdemais, o ritmo de crescimento das receitas de servi\u00e7os tem desacelerado. Assim, desconsiderando fontes n\u00e3o recorrentes de resultado, o ganho de rentabilidade depender\u00e1, em grande parte, da capacidade de os bancos ganharem efici\u00eancia por meio de conten\u00e7\u00e3o de despesas\u201d, avalia o BC.<\/p><\/blockquote>\n<p>Segundo o BC, eleva\u00e7\u00f5es da taxa Selic contribu\u00edram para aumentar as receitas dos bancos com t\u00edtulos de renda fixa, \u201cao passo que, com a redu\u00e7\u00e3o das taxas de juros de longo prazo, o ajuste a valor de mercado de t\u00edtulos, que vinha gerando perdas desde o in\u00edcio de 2013, voltou a ser positivo no primeiro semestre de 2014\u201d.<\/p>\n<p>O Comit\u00ea de Pol\u00edtica Monet\u00e1ria (Copom) do BC interrompeu o ciclo de alta da Selic em maio, quando segurou os juros ap\u00f3s nove aumentos consecutivos. A Selic est\u00e1 atualmente em 11% ao ano.<\/p>\n<p>O <em>Relat\u00f3rio de Estabilidade Financeira <\/em>tamb\u00e9m mostra que \u201ca solv\u00eancia do sistema banc\u00e1rio continua elevada, com n\u00edveis de capitaliza\u00e7\u00e3o adequados para suportar os riscos assumidos\u201d. O BC acrescenta que os bancos t\u00eam capacidade elevada de suportar situa\u00e7\u00f5es adversas.<\/p>\n<p><strong>Kelly Oliveira, ABr<\/strong><\/p>\n","protected":false},"excerpt":{"rendered":"<p>O Banco Central (BC) n\u00e3o espera redu\u00e7\u00e3o na inadimpl\u00eancia m\u00e9dia do sistema banc\u00e1rio nem retomada expressiva do cr\u00e9dito neste semestre. A informa\u00e7\u00e3o consta no Relat\u00f3rio de Estabilidade Financeira, divulgado nesta quinta 18. \u201cComo n\u00e3o se espera redu\u00e7\u00e3o na inadimpl\u00eancia m\u00e9dia do sistema banc\u00e1rio, o recuo nas despesas de provis\u00e3o [recursos reservados para conter o risco [&hellip;]<\/p>\n","protected":false},"author":2,"featured_media":22582,"comment_status":"open","ping_status":"closed","sticky":false,"template":"","format":"standard","meta":{"_acf_changed":false,"footnotes":""},"categories":[16],"tags":[],"class_list":["post-22581","post","type-post","status-publish","format-standard","has-post-thumbnail","hentry","category-brasil"],"acf":[],"_links":{"self":[{"href":"https:\/\/www.notibras.com\/site\/wp-json\/wp\/v2\/posts\/22581","targetHints":{"allow":["GET"]}}],"collection":[{"href":"https:\/\/www.notibras.com\/site\/wp-json\/wp\/v2\/posts"}],"about":[{"href":"https:\/\/www.notibras.com\/site\/wp-json\/wp\/v2\/types\/post"}],"author":[{"embeddable":true,"href":"https:\/\/www.notibras.com\/site\/wp-json\/wp\/v2\/users\/2"}],"replies":[{"embeddable":true,"href":"https:\/\/www.notibras.com\/site\/wp-json\/wp\/v2\/comments?post=22581"}],"version-history":[{"count":0,"href":"https:\/\/www.notibras.com\/site\/wp-json\/wp\/v2\/posts\/22581\/revisions"}],"wp:featuredmedia":[{"embeddable":true,"href":"https:\/\/www.notibras.com\/site\/wp-json\/wp\/v2\/media\/22582"}],"wp:attachment":[{"href":"https:\/\/www.notibras.com\/site\/wp-json\/wp\/v2\/media?parent=22581"}],"wp:term":[{"taxonomy":"category","embeddable":true,"href":"https:\/\/www.notibras.com\/site\/wp-json\/wp\/v2\/categories?post=22581"},{"taxonomy":"post_tag","embeddable":true,"href":"https:\/\/www.notibras.com\/site\/wp-json\/wp\/v2\/tags?post=22581"}],"curies":[{"name":"wp","href":"https:\/\/api.w.org\/{rel}","templated":true}]}}