{"id":22617,"date":"2014-09-18T23:20:38","date_gmt":"2014-09-19T02:20:38","guid":{"rendered":"http:\/\/www.notibras.com\/site\/?p=22617"},"modified":"2014-09-19T00:26:59","modified_gmt":"2014-09-19T03:26:59","slug":"quadro-eleitoral-esta-tracado-nos-estados-e-pouca-coisa-vai-mudar","status":"publish","type":"post","link":"https:\/\/www.notibras.com\/site\/quadro-eleitoral-esta-tracado-nos-estados-e-pouca-coisa-vai-mudar\/","title":{"rendered":"Quadro eleitoral est\u00e1 tra\u00e7ado nos Estados e pouca coisa vai mudar"},"content":{"rendered":"<p>Faltando apenas duas semanas para as elei\u00e7\u00f5es (5 de outubro), o quadro eleitoral nos estados est\u00e1 praticamente definido quanto \u00e0 escolha dos futuros governadores\u00a0 e senadores. As recentes pesquisas Datafolha e IBOPE revelam:<\/p>\n<p>S\u00c3O PAULO \u2013 Geraldo Alckmin (PSDB) caminha para uma reelei\u00e7\u00e3o ainda no primeiro turno. Ele tem 49% das inten\u00e7\u00f5es de voto, contra 22% de Paulo Skaff (PMDB) e 9% de Alexandre\u00a0 Padilha (PT). Para o Senado, Jos\u00e9 Serra (PSDB) aparece com 33% contra 27% do senador Eduardo Suplicy (PT) e 7% do ex \u2013prefeito Gilberto Kassab (PSD).<\/p>\n<p>RIO DE JANEIRO &#8211; O governador Luiz Fernando Pez\u00e3o (PMDB) e o deputado Anthony Garotinho (PR) est\u00e3o empatados, com 25% cada um da prefer\u00eancia do eleitorado. No segundo turno, segundo as pesquisas, sair\u00e1 vencedor o governador Pez\u00e3o. Em terceiro lugar aparece Crivela (PRP), com 19% e, em quarto lugar, o senador Lindbergh Farias (PT), com 12%. Na disputa para o Senado, o vencedor dever\u00e1 ser o ex \u2013jogador de futebol e hoje deputado federal Rom\u00e1rio. Ele tem 38%, contra 22% do ex \u2013prefeito Cesar Maia.<\/p>\n<p>PARAN\u00c1 &#8211; O governador Beto\u00a0 Richa (PSDB), com 44% abriu 16 pontos sobre o candidato do PMDB, o senador Roberto Requi\u00e3o (28%). A candidata do PT, senadora Gleisi Hoffmann aparece com apenas 10% da prefer\u00eancia dos eleitores. Para o\u00a0 Senado, o senador Alvaro Dias (PSDB) est\u00e1 praticamente reeleito, com 57%. O segundo colocado, Ricardo\u00a0 Gomyde (PC do B), 14%.<\/p>\n<p>RIO GRANDE DO SUL &#8211; As pesquisas da semana passada revelam: senadora Ana Am\u00e9lia Lemos (PP), 37%; governador Tarso Genro (PT) , 28%. Num eventual segundo turno, Ana Am\u00e9lia se elegeria governadora do Rio Grande do Sul com 49%, contra 36% de Tarso Genro. Na corrida para o Senado, o ex \u2013governador Olivio Dutra (PT) e o jornalista Lesier Martins (PDT)\u00a0 est\u00e3o empatados em 27%. O senador Pedro Simon (PMDB), que decidiu entrar nessa disputa na semana passada, aparece nas pesquisas com 16%.<\/p>\n<p>MINAS GERAIS &#8211; O candidato do PT, ex \u2013ministro Fernando Pimentel lidera a corrida para governador com 43%, enquanto o candidato do PSDB, Pimenta da Veiga, aparece com 23%. Num eventual segundo turno, Fernando Pimentel seria eleito governador de Minas Gerais, com 42% dos votos, contra 29%\u00a0 do tucano Pimenta da Veiga. Para o Senado, o ex \u2013governador\u00a0 Antonio Anast\u00e1sia (PSDB) aparece com 44%, enquanto o candidato do PMDB, o empres\u00e1rio Josu\u00e9 Gomes da Silva, apoiado pelo PT, tem 16%.<\/p>\n<p>CEAR\u00c1 &#8211; As \u00faltimas pesquisas mostram que o candidato do PMDB, senador\u00a0 Eunicio Oliveira,\u00a0\u00a0 lidera a corrida para governador, com 42%, na frente do candidato do PT, deputado estadual Camilo Santoro, com 34%. Num eventual\u00a0 segundo turno, a vit\u00f3ria seria do senador peemedebista, que\u00a0 apoia para o Senado o tucano Tasso Jereissati, que est\u00e1 praticamente eleito dada sua vantagem (55%)\u00a0 em rela\u00e7\u00e3o aos demais candidatos.<\/p>\n<p>MATO GROSSO DO SUL &#8211; O senador Delcidio Amaral, do PT, lidera as pesquisas\u00a0 nas elei\u00e7\u00f5es para governador desse Estado, com 39%. O Segundo colocado \u00e9 o candidato do PMDB, deputado Nelson Trad, com 20% das inten\u00e7\u00f5es de voto. Para o Senado, lidera as pesquisas a vice \u2013governadora\u00a0 Simone Tebet (PMDB), com 34%, contra 24% do ex \u2013prefeito de Campo Grande Alaides Bernal (PP). O candidato do PT, o m\u00e9dico Ricardo Ayache, est\u00e1 em terceiro lugar, com 6%.<\/p>\n<p>DISTRITO FEDERAL &#8211; Com o registro de sua candidatura a governador do Distrito Federal negado pelo Tribunal Superior Eleitoral\u00a0 por ser considerado ficha suja, Jos\u00e9 Roberto Arruda renunciou \u00e0s suas pretens\u00f5es, no s\u00e1bado \u00faltimo, desistindo, tamb\u00e9m, do recurso ao Supremo Tribunal Federal. Para substitu\u00ed\u2013lo, Arruda indicou como candidato o seu companheiro de chapa, o ex \u2013deputado federal e m\u00e9dico Jofran Frejat (PR), que ter\u00e1 como vice a sua esposa, Fl\u00e1via Peres Arruda. Arruda liderava as pesquisas com 36%, contra 16% do atual governador Agnelo Queiroz. A situa\u00e7\u00e3o eleitoral agora mudou e s\u00f3 as pesquisas deste\u00a0 final de semana v\u00e3o definir o novo cen\u00e1rio eleitoral do Distrito Federal. Para o Senado as pesquisas apontam como senador eleito o deputado Antonio Reguffe (PDT), com 35%, contra 18% do candidato do PT deputado\u00a0 Geraldo Magela e 10% do atual senador Gin Argello (PTB).<\/p>\n<p>ACRE &#8211; O PT caminha para, pela quinta vez consecutiva, ganhar\u00a0 a elei\u00e7\u00e3o no Acre j\u00e1 no primeiro turno. O governador Ti\u00e3o Viana possui 48% das inten\u00e7\u00f5es de voto, e, em segundo lugar, com 18%, o candidato do DEM, Ti\u00e3o Bocalom, vindo em terceiro o candidato do PSDB, deputado M\u00e1rcio Bittar, com 17%.<\/p>\n<p>AMAZONAS &#8211; O senador Eduardo Braga (PMDB)\u00a0 tem 48% e o governador Jos\u00e9 Melo (PSD), 35%. Para o Senado, o ex \u2013governador Omar Aziz (PSD) lidera as pesquisas com 56%, contra o deputado Praciano (PT), com 13%.<br \/>\nAMAP\u00c1 &#8211; Waldez (PDT), com 40%, tem grandes possibilidades de ser eleito no primeiro turno. O segundo colocado, Lucas Barreto, do PSD, aparece com 15%. Para o Senado as pesquisas revelam: Gilvam ( PMDB), 31%; Davi\u00a0 Alcolumbre (DEM), 20% e Dora Nascimento (PT), 5%.<\/p>\n<p>ROND\u00d4NIA &#8211; Para governador do Estado as pesquisas revelam: Expedito Junior (PSDB), 32,3%; Confucio Moura (PMDB), 18,7%, e Juliana Cassol (PR), 14,5% Para o Senado: Acir Gugarcz (PDT), 26%, Ivone Cassol (PP), 25% e Moreira Mendes (PSD), 17%.<\/p>\n<p>MARANH\u00c3O &#8211; Fl\u00e1vio Dino, ex-presidente da EMBRATUR, caminha para uma elei\u00e7\u00e3o tranquila ainda no primeiro turno. Ele tem 56%, contra 24,1%\u00a0 do senador Lob\u00e3o filho(PCDB), apresentado por Jos\u00e9 Sarney e apoiado pelo PT, Para\u00a0 o Senado, Roberto Rocha (PSB), com 30,1% lidera as pesquisas, na frente de Gast\u00e3o Vieira (PMDB).<\/p>\n<p>MATO GROSSO &#8211; Pedro Taques (PDT), com 43%, lidera a corrida para governador desse Estado, enquanto o 2\u00ba colocado, L\u00fadio Cabral, (PT) tem 16%. Para o Senado, Wellington Fagundes (PR) tem 29%, contra 24% de Rog\u00e9rio Salles (PSDB).<\/p>\n<p>PIAU\u00cd- O senador Welligton Dias (PT) aparece com 44,33% das inten\u00e7\u00f5es de voto, Z\u00e9 Filho (PMDB) vem em segundo lugar com 34,84%, seguido por M\u00e3o Santa (PSC), com 6,0%. Para o Senado, o ex-governador Wilson Martins (PSB) est\u00e1 na frente com 46,18%\u00a0 contra 39,45% de Elmano Ferrer (PTB).<br \/>\nPERNAMBUCO &#8211; O candidato do PSB ao governo de Pernambuco, Paulo C\u00e2mara, tem 38%, contra 32% do senador Armando Monteiro (PTB), que \u00e9 apoiado pelo PT. Para o Senado, o candidato do PT, deputado Jo\u00e3o Paulo, aparece nas pesquisas com 32%, contra 27% de Fernando Bezerra Coelho (PSB).<br \/>\nRIO GRANDE DO NORTE &#8211; O deputado Henrique Alves (PMDB), presidente da C\u00e2mara dos Deputados, com 46%, lidera as pesquisas para governador do Estado, contra 31% de Robinson Faria (PSD). Na disputa do Senado, F\u00e1tima (PT) aparece\u00a0 na frente com 38%, vindo em segundo lugar Vilma Marina de Faria (PSB), com 32%.<\/p>\n<p>ALAGOAS &#8211; O deputado Renan (PMDB), filho do presidente do Senado, Renan Calheiros, lidera as pesquisas para governador, com 43%. Em segundo lugar aparece o senador Benedito de Lira (PP), com 26%. Na disputa pelo Senado, o senador e ex\u2013presidente Fernando Collor (PTB) lidera com 41%, seguido pela ex\u2013senadora Heloisa Helena (PSOL), que tem 24%.<\/p>\n<p><strong>Cl\u00e1udio Coletti<\/strong><\/p>\n","protected":false},"excerpt":{"rendered":"<p>Faltando apenas duas semanas para as elei\u00e7\u00f5es (5 de outubro), o quadro eleitoral nos estados est\u00e1 praticamente definido quanto \u00e0 escolha dos futuros governadores\u00a0 e senadores. As recentes pesquisas Datafolha e IBOPE revelam: S\u00c3O PAULO \u2013 Geraldo Alckmin (PSDB) caminha para uma reelei\u00e7\u00e3o ainda no primeiro turno. Ele tem 49% das inten\u00e7\u00f5es de voto, contra [&hellip;]<\/p>\n","protected":false},"author":2,"featured_media":22618,"comment_status":"open","ping_status":"closed","sticky":false,"template":"","format":"standard","meta":{"_acf_changed":false,"footnotes":""},"categories":[25],"tags":[],"class_list":["post-22617","post","type-post","status-publish","format-standard","has-post-thumbnail","hentry","category-opina-ai"],"acf":[],"yoast_head":"<!-- This site is optimized with the Yoast SEO plugin v27.5 - https:\/\/yoast.com\/product\/yoast-seo-wordpress\/ -->\n<title>Quadro eleitoral est\u00e1 tra\u00e7ado nos Estados e pouca coisa vai mudar - Notibras<\/title>\n<meta name=\"robots\" content=\"index, follow, max-snippet:-1, max-image-preview:large, max-video-preview:-1\" \/>\n<link rel=\"canonical\" href=\"https:\/\/www.notibras.com\/site\/quadro-eleitoral-esta-tracado-nos-estados-e-pouca-coisa-vai-mudar\/\" \/>\n<meta property=\"og:locale\" content=\"pt_BR\" \/>\n<meta property=\"og:type\" content=\"article\" \/>\n<meta property=\"og:title\" content=\"Quadro eleitoral est\u00e1 tra\u00e7ado nos Estados e pouca coisa vai mudar - Notibras\" \/>\n<meta property=\"og:description\" content=\"Faltando apenas duas semanas para as elei\u00e7\u00f5es (5 de outubro), o quadro eleitoral nos estados est\u00e1 praticamente definido quanto \u00e0 escolha dos futuros governadores\u00a0 e senadores. As recentes pesquisas Datafolha e IBOPE revelam: S\u00c3O PAULO \u2013 Geraldo Alckmin (PSDB) caminha para uma reelei\u00e7\u00e3o ainda no primeiro turno. Ele tem 49% das inten\u00e7\u00f5es de voto, contra [&hellip;]\" \/>\n<meta property=\"og:url\" content=\"https:\/\/www.notibras.com\/site\/quadro-eleitoral-esta-tracado-nos-estados-e-pouca-coisa-vai-mudar\/\" \/>\n<meta property=\"og:site_name\" content=\"Notibras\" \/>\n<meta property=\"article:publisher\" content=\"https:\/\/www.facebook.com\/notibras\/\" \/>\n<meta property=\"article:published_time\" content=\"2014-09-19T02:20:38+00:00\" \/>\n<meta property=\"article:modified_time\" content=\"2014-09-19T03:26:59+00:00\" \/>\n<meta property=\"og:image\" content=\"https:\/\/www.notibras.com\/site\/wp-content\/uploads\/2014\/09\/op.jpg\" \/>\n\t<meta property=\"og:image:width\" content=\"460\" \/>\n\t<meta property=\"og:image:height\" content=\"300\" \/>\n\t<meta property=\"og:image:type\" content=\"image\/jpeg\" \/>\n<meta name=\"author\" content=\"Reda\u00e7\u00e3o\" \/>\n<meta name=\"twitter:card\" content=\"summary_large_image\" \/>\n<meta name=\"twitter:creator\" content=\"@Notibras\" \/>\n<meta name=\"twitter:site\" content=\"@Notibras\" \/>\n<meta name=\"twitter:label1\" content=\"Escrito por\" \/>\n\t<meta name=\"twitter:data1\" content=\"Reda\u00e7\u00e3o\" \/>\n\t<meta name=\"twitter:label2\" content=\"Est. tempo de leitura\" \/>\n\t<meta name=\"twitter:data2\" content=\"6 minutos\" \/>\n<script type=\"application\/ld+json\" class=\"yoast-schema-graph\">{\"@context\":\"https:\\\/\\\/schema.org\",\"@graph\":[{\"@type\":\"Article\",\"@id\":\"https:\\\/\\\/www.notibras.com\\\/site\\\/quadro-eleitoral-esta-tracado-nos-estados-e-pouca-coisa-vai-mudar\\\/#article\",\"isPartOf\":{\"@id\":\"https:\\\/\\\/www.notibras.com\\\/site\\\/quadro-eleitoral-esta-tracado-nos-estados-e-pouca-coisa-vai-mudar\\\/\"},\"author\":{\"name\":\"Reda\u00e7\u00e3o\",\"@id\":\"https:\\\/\\\/www.notibras.com\\\/site\\\/#\\\/schema\\\/person\\\/36ab0979449956132d3e5b517ea76ac8\"},\"headline\":\"Quadro eleitoral est\u00e1 tra\u00e7ado nos Estados e pouca coisa vai mudar\",\"datePublished\":\"2014-09-19T02:20:38+00:00\",\"dateModified\":\"2014-09-19T03:26:59+00:00\",\"mainEntityOfPage\":{\"@id\":\"https:\\\/\\\/www.notibras.com\\\/site\\\/quadro-eleitoral-esta-tracado-nos-estados-e-pouca-coisa-vai-mudar\\\/\"},\"wordCount\":1119,\"commentCount\":0,\"publisher\":{\"@id\":\"https:\\\/\\\/www.notibras.com\\\/site\\\/#organization\"},\"image\":{\"@id\":\"https:\\\/\\\/www.notibras.com\\\/site\\\/quadro-eleitoral-esta-tracado-nos-estados-e-pouca-coisa-vai-mudar\\\/#primaryimage\"},\"thumbnailUrl\":\"https:\\\/\\\/www.notibras.com\\\/site\\\/wp-content\\\/uploads\\\/2014\\\/09\\\/op.jpg\",\"articleSection\":[\"Opina a\u00ed\"],\"inLanguage\":\"pt-BR\",\"potentialAction\":[{\"@type\":\"CommentAction\",\"name\":\"Comment\",\"target\":[\"https:\\\/\\\/www.notibras.com\\\/site\\\/quadro-eleitoral-esta-tracado-nos-estados-e-pouca-coisa-vai-mudar\\\/#respond\"]}]},{\"@type\":\"WebPage\",\"@id\":\"https:\\\/\\\/www.notibras.com\\\/site\\\/quadro-eleitoral-esta-tracado-nos-estados-e-pouca-coisa-vai-mudar\\\/\",\"url\":\"https:\\\/\\\/www.notibras.com\\\/site\\\/quadro-eleitoral-esta-tracado-nos-estados-e-pouca-coisa-vai-mudar\\\/\",\"name\":\"Quadro eleitoral est\u00e1 tra\u00e7ado nos Estados e pouca coisa vai mudar - Notibras\",\"isPartOf\":{\"@id\":\"https:\\\/\\\/www.notibras.com\\\/site\\\/#website\"},\"primaryImageOfPage\":{\"@id\":\"https:\\\/\\\/www.notibras.com\\\/site\\\/quadro-eleitoral-esta-tracado-nos-estados-e-pouca-coisa-vai-mudar\\\/#primaryimage\"},\"image\":{\"@id\":\"https:\\\/\\\/www.notibras.com\\\/site\\\/quadro-eleitoral-esta-tracado-nos-estados-e-pouca-coisa-vai-mudar\\\/#primaryimage\"},\"thumbnailUrl\":\"https:\\\/\\\/www.notibras.com\\\/site\\\/wp-content\\\/uploads\\\/2014\\\/09\\\/op.jpg\",\"datePublished\":\"2014-09-19T02:20:38+00:00\",\"dateModified\":\"2014-09-19T03:26:59+00:00\",\"breadcrumb\":{\"@id\":\"https:\\\/\\\/www.notibras.com\\\/site\\\/quadro-eleitoral-esta-tracado-nos-estados-e-pouca-coisa-vai-mudar\\\/#breadcrumb\"},\"inLanguage\":\"pt-BR\",\"potentialAction\":[{\"@type\":\"ReadAction\",\"target\":[\"https:\\\/\\\/www.notibras.com\\\/site\\\/quadro-eleitoral-esta-tracado-nos-estados-e-pouca-coisa-vai-mudar\\\/\"]}]},{\"@type\":\"ImageObject\",\"inLanguage\":\"pt-BR\",\"@id\":\"https:\\\/\\\/www.notibras.com\\\/site\\\/quadro-eleitoral-esta-tracado-nos-estados-e-pouca-coisa-vai-mudar\\\/#primaryimage\",\"url\":\"https:\\\/\\\/www.notibras.com\\\/site\\\/wp-content\\\/uploads\\\/2014\\\/09\\\/op.jpg\",\"contentUrl\":\"https:\\\/\\\/www.notibras.com\\\/site\\\/wp-content\\\/uploads\\\/2014\\\/09\\\/op.jpg\",\"width\":460,\"height\":300},{\"@type\":\"BreadcrumbList\",\"@id\":\"https:\\\/\\\/www.notibras.com\\\/site\\\/quadro-eleitoral-esta-tracado-nos-estados-e-pouca-coisa-vai-mudar\\\/#breadcrumb\",\"itemListElement\":[{\"@type\":\"ListItem\",\"position\":1,\"name\":\"In\u00edcio\",\"item\":\"https:\\\/\\\/www.notibras.com\\\/site\\\/\"},{\"@type\":\"ListItem\",\"position\":2,\"name\":\"Quadro eleitoral est\u00e1 tra\u00e7ado nos Estados e pouca coisa vai mudar\"}]},{\"@type\":\"WebSite\",\"@id\":\"https:\\\/\\\/www.notibras.com\\\/site\\\/#website\",\"url\":\"https:\\\/\\\/www.notibras.com\\\/site\\\/\",\"name\":\"Notibras\",\"description\":\"Not\u00edcias de Bras\u00edlia, do Brasil e do Mundo\",\"publisher\":{\"@id\":\"https:\\\/\\\/www.notibras.com\\\/site\\\/#organization\"},\"potentialAction\":[{\"@type\":\"SearchAction\",\"target\":{\"@type\":\"EntryPoint\",\"urlTemplate\":\"https:\\\/\\\/www.notibras.com\\\/site\\\/?s={search_term_string}\"},\"query-input\":{\"@type\":\"PropertyValueSpecification\",\"valueRequired\":true,\"valueName\":\"search_term_string\"}}],\"inLanguage\":\"pt-BR\"},{\"@type\":\"Organization\",\"@id\":\"https:\\\/\\\/www.notibras.com\\\/site\\\/#organization\",\"name\":\"Grupo Notibras de Comunica\u00e7\u00e3o\",\"url\":\"https:\\\/\\\/www.notibras.com\\\/site\\\/\",\"logo\":{\"@type\":\"ImageObject\",\"inLanguage\":\"pt-BR\",\"@id\":\"https:\\\/\\\/www.notibras.com\\\/site\\\/#\\\/schema\\\/logo\\\/image\\\/\",\"url\":\"https:\\\/\\\/www.notibras.com\\\/site\\\/wp-content\\\/uploads\\\/2023\\\/01\\\/notibras23.png\",\"contentUrl\":\"https:\\\/\\\/www.notibras.com\\\/site\\\/wp-content\\\/uploads\\\/2023\\\/01\\\/notibras23.png\",\"width\":350,\"height\":87,\"caption\":\"Grupo Notibras de Comunica\u00e7\u00e3o\"},\"image\":{\"@id\":\"https:\\\/\\\/www.notibras.com\\\/site\\\/#\\\/schema\\\/logo\\\/image\\\/\"},\"sameAs\":[\"https:\\\/\\\/www.facebook.com\\\/notibras\\\/\",\"https:\\\/\\\/x.com\\\/Notibras\",\"https:\\\/\\\/www.instagram.com\\\/notibras\\\/\"]},{\"@type\":\"Person\",\"@id\":\"https:\\\/\\\/www.notibras.com\\\/site\\\/#\\\/schema\\\/person\\\/36ab0979449956132d3e5b517ea76ac8\",\"name\":\"Reda\u00e7\u00e3o\",\"image\":{\"@type\":\"ImageObject\",\"inLanguage\":\"pt-BR\",\"@id\":\"https:\\\/\\\/secure.gravatar.com\\\/avatar\\\/e0a867bdedb85fd243eadf09663511f96fc81e0720a4a42581f334ad4303aa6b?s=96&d=mm&r=g\",\"url\":\"https:\\\/\\\/secure.gravatar.com\\\/avatar\\\/e0a867bdedb85fd243eadf09663511f96fc81e0720a4a42581f334ad4303aa6b?s=96&d=mm&r=g\",\"contentUrl\":\"https:\\\/\\\/secure.gravatar.com\\\/avatar\\\/e0a867bdedb85fd243eadf09663511f96fc81e0720a4a42581f334ad4303aa6b?s=96&d=mm&r=g\",\"caption\":\"Reda\u00e7\u00e3o\"}}]}<\/script>\n<!-- \/ Yoast SEO plugin. -->","yoast_head_json":{"title":"Quadro eleitoral est\u00e1 tra\u00e7ado nos Estados e pouca coisa vai mudar - Notibras","robots":{"index":"index","follow":"follow","max-snippet":"max-snippet:-1","max-image-preview":"max-image-preview:large","max-video-preview":"max-video-preview:-1"},"canonical":"https:\/\/www.notibras.com\/site\/quadro-eleitoral-esta-tracado-nos-estados-e-pouca-coisa-vai-mudar\/","og_locale":"pt_BR","og_type":"article","og_title":"Quadro eleitoral est\u00e1 tra\u00e7ado nos Estados e pouca coisa vai mudar - Notibras","og_description":"Faltando apenas duas semanas para as elei\u00e7\u00f5es (5 de outubro), o quadro eleitoral nos estados est\u00e1 praticamente definido quanto \u00e0 escolha dos futuros governadores\u00a0 e senadores. As recentes pesquisas Datafolha e IBOPE revelam: S\u00c3O PAULO \u2013 Geraldo Alckmin (PSDB) caminha para uma reelei\u00e7\u00e3o ainda no primeiro turno. Ele tem 49% das inten\u00e7\u00f5es de voto, contra [&hellip;]","og_url":"https:\/\/www.notibras.com\/site\/quadro-eleitoral-esta-tracado-nos-estados-e-pouca-coisa-vai-mudar\/","og_site_name":"Notibras","article_publisher":"https:\/\/www.facebook.com\/notibras\/","article_published_time":"2014-09-19T02:20:38+00:00","article_modified_time":"2014-09-19T03:26:59+00:00","og_image":[{"width":460,"height":300,"url":"https:\/\/www.notibras.com\/site\/wp-content\/uploads\/2014\/09\/op.jpg","type":"image\/jpeg"}],"author":"Reda\u00e7\u00e3o","twitter_card":"summary_large_image","twitter_creator":"@Notibras","twitter_site":"@Notibras","twitter_misc":{"Escrito por":"Reda\u00e7\u00e3o","Est. tempo de leitura":"6 minutos"},"schema":{"@context":"https:\/\/schema.org","@graph":[{"@type":"Article","@id":"https:\/\/www.notibras.com\/site\/quadro-eleitoral-esta-tracado-nos-estados-e-pouca-coisa-vai-mudar\/#article","isPartOf":{"@id":"https:\/\/www.notibras.com\/site\/quadro-eleitoral-esta-tracado-nos-estados-e-pouca-coisa-vai-mudar\/"},"author":{"name":"Reda\u00e7\u00e3o","@id":"https:\/\/www.notibras.com\/site\/#\/schema\/person\/36ab0979449956132d3e5b517ea76ac8"},"headline":"Quadro eleitoral est\u00e1 tra\u00e7ado nos Estados e pouca coisa vai mudar","datePublished":"2014-09-19T02:20:38+00:00","dateModified":"2014-09-19T03:26:59+00:00","mainEntityOfPage":{"@id":"https:\/\/www.notibras.com\/site\/quadro-eleitoral-esta-tracado-nos-estados-e-pouca-coisa-vai-mudar\/"},"wordCount":1119,"commentCount":0,"publisher":{"@id":"https:\/\/www.notibras.com\/site\/#organization"},"image":{"@id":"https:\/\/www.notibras.com\/site\/quadro-eleitoral-esta-tracado-nos-estados-e-pouca-coisa-vai-mudar\/#primaryimage"},"thumbnailUrl":"https:\/\/www.notibras.com\/site\/wp-content\/uploads\/2014\/09\/op.jpg","articleSection":["Opina a\u00ed"],"inLanguage":"pt-BR","potentialAction":[{"@type":"CommentAction","name":"Comment","target":["https:\/\/www.notibras.com\/site\/quadro-eleitoral-esta-tracado-nos-estados-e-pouca-coisa-vai-mudar\/#respond"]}]},{"@type":"WebPage","@id":"https:\/\/www.notibras.com\/site\/quadro-eleitoral-esta-tracado-nos-estados-e-pouca-coisa-vai-mudar\/","url":"https:\/\/www.notibras.com\/site\/quadro-eleitoral-esta-tracado-nos-estados-e-pouca-coisa-vai-mudar\/","name":"Quadro eleitoral est\u00e1 tra\u00e7ado nos Estados e pouca coisa vai mudar - Notibras","isPartOf":{"@id":"https:\/\/www.notibras.com\/site\/#website"},"primaryImageOfPage":{"@id":"https:\/\/www.notibras.com\/site\/quadro-eleitoral-esta-tracado-nos-estados-e-pouca-coisa-vai-mudar\/#primaryimage"},"image":{"@id":"https:\/\/www.notibras.com\/site\/quadro-eleitoral-esta-tracado-nos-estados-e-pouca-coisa-vai-mudar\/#primaryimage"},"thumbnailUrl":"https:\/\/www.notibras.com\/site\/wp-content\/uploads\/2014\/09\/op.jpg","datePublished":"2014-09-19T02:20:38+00:00","dateModified":"2014-09-19T03:26:59+00:00","breadcrumb":{"@id":"https:\/\/www.notibras.com\/site\/quadro-eleitoral-esta-tracado-nos-estados-e-pouca-coisa-vai-mudar\/#breadcrumb"},"inLanguage":"pt-BR","potentialAction":[{"@type":"ReadAction","target":["https:\/\/www.notibras.com\/site\/quadro-eleitoral-esta-tracado-nos-estados-e-pouca-coisa-vai-mudar\/"]}]},{"@type":"ImageObject","inLanguage":"pt-BR","@id":"https:\/\/www.notibras.com\/site\/quadro-eleitoral-esta-tracado-nos-estados-e-pouca-coisa-vai-mudar\/#primaryimage","url":"https:\/\/www.notibras.com\/site\/wp-content\/uploads\/2014\/09\/op.jpg","contentUrl":"https:\/\/www.notibras.com\/site\/wp-content\/uploads\/2014\/09\/op.jpg","width":460,"height":300},{"@type":"BreadcrumbList","@id":"https:\/\/www.notibras.com\/site\/quadro-eleitoral-esta-tracado-nos-estados-e-pouca-coisa-vai-mudar\/#breadcrumb","itemListElement":[{"@type":"ListItem","position":1,"name":"In\u00edcio","item":"https:\/\/www.notibras.com\/site\/"},{"@type":"ListItem","position":2,"name":"Quadro eleitoral est\u00e1 tra\u00e7ado nos Estados e pouca coisa vai mudar"}]},{"@type":"WebSite","@id":"https:\/\/www.notibras.com\/site\/#website","url":"https:\/\/www.notibras.com\/site\/","name":"Notibras","description":"Not\u00edcias de Bras\u00edlia, do Brasil e do Mundo","publisher":{"@id":"https:\/\/www.notibras.com\/site\/#organization"},"potentialAction":[{"@type":"SearchAction","target":{"@type":"EntryPoint","urlTemplate":"https:\/\/www.notibras.com\/site\/?s={search_term_string}"},"query-input":{"@type":"PropertyValueSpecification","valueRequired":true,"valueName":"search_term_string"}}],"inLanguage":"pt-BR"},{"@type":"Organization","@id":"https:\/\/www.notibras.com\/site\/#organization","name":"Grupo Notibras de Comunica\u00e7\u00e3o","url":"https:\/\/www.notibras.com\/site\/","logo":{"@type":"ImageObject","inLanguage":"pt-BR","@id":"https:\/\/www.notibras.com\/site\/#\/schema\/logo\/image\/","url":"https:\/\/www.notibras.com\/site\/wp-content\/uploads\/2023\/01\/notibras23.png","contentUrl":"https:\/\/www.notibras.com\/site\/wp-content\/uploads\/2023\/01\/notibras23.png","width":350,"height":87,"caption":"Grupo Notibras de Comunica\u00e7\u00e3o"},"image":{"@id":"https:\/\/www.notibras.com\/site\/#\/schema\/logo\/image\/"},"sameAs":["https:\/\/www.facebook.com\/notibras\/","https:\/\/x.com\/Notibras","https:\/\/www.instagram.com\/notibras\/"]},{"@type":"Person","@id":"https:\/\/www.notibras.com\/site\/#\/schema\/person\/36ab0979449956132d3e5b517ea76ac8","name":"Reda\u00e7\u00e3o","image":{"@type":"ImageObject","inLanguage":"pt-BR","@id":"https:\/\/secure.gravatar.com\/avatar\/e0a867bdedb85fd243eadf09663511f96fc81e0720a4a42581f334ad4303aa6b?s=96&d=mm&r=g","url":"https:\/\/secure.gravatar.com\/avatar\/e0a867bdedb85fd243eadf09663511f96fc81e0720a4a42581f334ad4303aa6b?s=96&d=mm&r=g","contentUrl":"https:\/\/secure.gravatar.com\/avatar\/e0a867bdedb85fd243eadf09663511f96fc81e0720a4a42581f334ad4303aa6b?s=96&d=mm&r=g","caption":"Reda\u00e7\u00e3o"}}]}},"amp_enabled":true,"_links":{"self":[{"href":"https:\/\/www.notibras.com\/site\/wp-json\/wp\/v2\/posts\/22617","targetHints":{"allow":["GET"]}}],"collection":[{"href":"https:\/\/www.notibras.com\/site\/wp-json\/wp\/v2\/posts"}],"about":[{"href":"https:\/\/www.notibras.com\/site\/wp-json\/wp\/v2\/types\/post"}],"author":[{"embeddable":true,"href":"https:\/\/www.notibras.com\/site\/wp-json\/wp\/v2\/users\/2"}],"replies":[{"embeddable":true,"href":"https:\/\/www.notibras.com\/site\/wp-json\/wp\/v2\/comments?post=22617"}],"version-history":[{"count":0,"href":"https:\/\/www.notibras.com\/site\/wp-json\/wp\/v2\/posts\/22617\/revisions"}],"wp:featuredmedia":[{"embeddable":true,"href":"https:\/\/www.notibras.com\/site\/wp-json\/wp\/v2\/media\/22618"}],"wp:attachment":[{"href":"https:\/\/www.notibras.com\/site\/wp-json\/wp\/v2\/media?parent=22617"}],"wp:term":[{"taxonomy":"category","embeddable":true,"href":"https:\/\/www.notibras.com\/site\/wp-json\/wp\/v2\/categories?post=22617"},{"taxonomy":"post_tag","embeddable":true,"href":"https:\/\/www.notibras.com\/site\/wp-json\/wp\/v2\/tags?post=22617"}],"curies":[{"name":"wp","href":"https:\/\/api.w.org\/{rel}","templated":true}]}}