{"id":2262,"date":"2014-02-20T10:55:40","date_gmt":"2014-02-20T13:55:40","guid":{"rendered":"http:\/\/www.notibras.com\/site\/?p=2262"},"modified":"2014-02-20T10:55:40","modified_gmt":"2014-02-20T13:55:40","slug":"manifestacoes-abusos-e-punicao-paro-os-grupos-de-vandalos","status":"publish","type":"post","link":"https:\/\/www.notibras.com\/site\/manifestacoes-abusos-e-punicao-paro-os-grupos-de-vandalos\/","title":{"rendered":"Manifesta\u00e7\u00f5es, abusos e puni\u00e7\u00e3o paro os grupos de v\u00e2ndalos"},"content":{"rendered":"<p>O Congresso Nacional est\u00e1 pressionado para votar uma legisla\u00e7\u00e3o\u00a0 que garanta o livre direito\u00a0 de manifesta\u00e7\u00f5es com\u00a0 o estabelecimento de uma fronteira entre esse direito e a pr\u00e1tica de atos de vandalismo. Imp\u00f5e \u2013se tipificar esses crimes e fixar penas severas para quem os comete, em a\u00e7\u00f5es individuais\u00a0 ou coletivas. Precisa tamb\u00e9m se criar regras claras para a atua\u00e7\u00e3o da pol\u00edcia.<\/p>\n<p>N\u00e3o est\u00e1 f\u00e1cil harmonizar essa legisla\u00e7\u00e3o. As sugest\u00f5es, teses, propostas s\u00e3o muitas, apresentadas por parlamentares, juristas e por entidades da sociedade civil organizada. S\u00f3 na C\u00e2mara e no Senado tramitam 16 projetos de lei sobre o tema, que dormiam nos escaninhos das duas Casas do Congresso Nacional. Foram reativados com a morte do cinegrafista Santiago Andrade, atingido por roj\u00e3o atirado por um infiltrado quando cobria manifesta\u00e7\u00f5es no centro do Rio de Janeiro.<\/p>\n<p>O presidente da C\u00e2mara, Henrique Alves (PMDB \u2013RN), acertou com os lideres partid\u00e1rios a aglutina\u00e7\u00e3o de todos os projetos\u00a0 e um grupo de deputados redigir\u00e1 uma \u00fanica proposta.<\/p>\n<p>O secret\u00e1rio de Seguran\u00e7a do Rio de Janeiro, Jos\u00e9 Beltrame, entregou no Senado algumas sugest\u00f5es para o enfrentamento das manifesta\u00e7\u00f5es que est\u00e3o virando moda em todo pa\u00eds.<\/p>\n<p>Ele relaciona tr\u00eas itens a serem observados nas manifesta\u00e7\u00f5es: vedado o anonimato (sem m\u00e1scara, portanto), obrigat\u00f3ria a comunica\u00e7\u00e3o pr\u00e9via de hor\u00e1rio e local \u00e0s autoridades, e a proibi\u00e7\u00e3o do porte ou uso de qualquer objeto que possa causar les\u00e3o \u00e0s pessoas.<\/p>\n<p>Est\u00e1 em debate no Senado projeto de lei que pune a pr\u00e1tica do terrorismo no Brasil, para entrar em vigor at\u00e9 a Copa do Mundo, em junho. A grande dificuldade est\u00e1 na defini\u00e7\u00e3o sobre o que \u00e9 o terrorismo. Como conceituar o crime.<\/p>\n<p><strong>Cl\u00e1udio Coletti<\/strong><\/p>\n","protected":false},"excerpt":{"rendered":"<p>O Congresso Nacional est\u00e1 pressionado para votar uma legisla\u00e7\u00e3o\u00a0 que garanta o livre direito\u00a0 de manifesta\u00e7\u00f5es com\u00a0 o estabelecimento de uma fronteira entre esse direito e a pr\u00e1tica de atos de vandalismo. Imp\u00f5e \u2013se tipificar esses crimes e fixar penas severas para quem os comete, em a\u00e7\u00f5es individuais\u00a0 ou coletivas. Precisa tamb\u00e9m se criar regras [&hellip;]<\/p>\n","protected":false},"author":2,"featured_media":2263,"comment_status":"open","ping_status":"closed","sticky":false,"template":"","format":"standard","meta":{"_acf_changed":false,"footnotes":""},"categories":[25],"tags":[],"class_list":["post-2262","post","type-post","status-publish","format-standard","has-post-thumbnail","hentry","category-opina-ai"],"acf":[],"yoast_head":"<!-- This site is optimized with the Yoast SEO plugin v27.5 - https:\/\/yoast.com\/product\/yoast-seo-wordpress\/ -->\n<title>Manifesta\u00e7\u00f5es, abusos e puni\u00e7\u00e3o paro os grupos de v\u00e2ndalos - Notibras<\/title>\n<meta name=\"robots\" content=\"index, follow, max-snippet:-1, max-image-preview:large, max-video-preview:-1\" \/>\n<link rel=\"canonical\" href=\"https:\/\/www.notibras.com\/site\/manifestacoes-abusos-e-punicao-paro-os-grupos-de-vandalos\/\" \/>\n<meta property=\"og:locale\" content=\"pt_BR\" \/>\n<meta property=\"og:type\" content=\"article\" \/>\n<meta property=\"og:title\" content=\"Manifesta\u00e7\u00f5es, abusos e puni\u00e7\u00e3o paro os grupos de v\u00e2ndalos - Notibras\" \/>\n<meta property=\"og:description\" content=\"O Congresso Nacional est\u00e1 pressionado para votar uma legisla\u00e7\u00e3o\u00a0 que garanta o livre direito\u00a0 de manifesta\u00e7\u00f5es com\u00a0 o estabelecimento de uma fronteira entre esse direito e a pr\u00e1tica de atos de vandalismo. Imp\u00f5e \u2013se tipificar esses crimes e fixar penas severas para quem os comete, em a\u00e7\u00f5es individuais\u00a0 ou coletivas. Precisa tamb\u00e9m se criar regras [&hellip;]\" \/>\n<meta property=\"og:url\" content=\"https:\/\/www.notibras.com\/site\/manifestacoes-abusos-e-punicao-paro-os-grupos-de-vandalos\/\" \/>\n<meta property=\"og:site_name\" content=\"Notibras\" \/>\n<meta property=\"article:publisher\" content=\"https:\/\/www.facebook.com\/notibras\/\" \/>\n<meta property=\"article:published_time\" content=\"2014-02-20T13:55:40+00:00\" \/>\n<meta property=\"og:image\" content=\"https:\/\/www.notibras.com\/site\/wp-content\/uploads\/2014\/02\/opi.jpg\" \/>\n\t<meta property=\"og:image:width\" content=\"299\" \/>\n\t<meta property=\"og:image:height\" content=\"169\" \/>\n\t<meta property=\"og:image:type\" content=\"image\/jpeg\" \/>\n<meta name=\"author\" content=\"Reda\u00e7\u00e3o\" \/>\n<meta name=\"twitter:card\" content=\"summary_large_image\" \/>\n<meta name=\"twitter:creator\" content=\"@Notibras\" \/>\n<meta name=\"twitter:site\" content=\"@Notibras\" \/>\n<meta name=\"twitter:label1\" content=\"Escrito por\" \/>\n\t<meta name=\"twitter:data1\" content=\"Reda\u00e7\u00e3o\" \/>\n\t<meta name=\"twitter:label2\" content=\"Est. tempo de leitura\" \/>\n\t<meta name=\"twitter:data2\" content=\"2 minutos\" \/>\n<script type=\"application\/ld+json\" class=\"yoast-schema-graph\">{\"@context\":\"https:\\\/\\\/schema.org\",\"@graph\":[{\"@type\":\"Article\",\"@id\":\"https:\\\/\\\/www.notibras.com\\\/site\\\/manifestacoes-abusos-e-punicao-paro-os-grupos-de-vandalos\\\/#article\",\"isPartOf\":{\"@id\":\"https:\\\/\\\/www.notibras.com\\\/site\\\/manifestacoes-abusos-e-punicao-paro-os-grupos-de-vandalos\\\/\"},\"author\":{\"name\":\"Reda\u00e7\u00e3o\",\"@id\":\"https:\\\/\\\/www.notibras.com\\\/site\\\/#\\\/schema\\\/person\\\/36ab0979449956132d3e5b517ea76ac8\"},\"headline\":\"Manifesta\u00e7\u00f5es, abusos e puni\u00e7\u00e3o paro os grupos de v\u00e2ndalos\",\"datePublished\":\"2014-02-20T13:55:40+00:00\",\"mainEntityOfPage\":{\"@id\":\"https:\\\/\\\/www.notibras.com\\\/site\\\/manifestacoes-abusos-e-punicao-paro-os-grupos-de-vandalos\\\/\"},\"wordCount\":321,\"commentCount\":0,\"publisher\":{\"@id\":\"https:\\\/\\\/www.notibras.com\\\/site\\\/#organization\"},\"image\":{\"@id\":\"https:\\\/\\\/www.notibras.com\\\/site\\\/manifestacoes-abusos-e-punicao-paro-os-grupos-de-vandalos\\\/#primaryimage\"},\"thumbnailUrl\":\"https:\\\/\\\/www.notibras.com\\\/site\\\/wp-content\\\/uploads\\\/2014\\\/02\\\/opi.jpg\",\"articleSection\":[\"Opina a\u00ed\"],\"inLanguage\":\"pt-BR\",\"potentialAction\":[{\"@type\":\"CommentAction\",\"name\":\"Comment\",\"target\":[\"https:\\\/\\\/www.notibras.com\\\/site\\\/manifestacoes-abusos-e-punicao-paro-os-grupos-de-vandalos\\\/#respond\"]}]},{\"@type\":\"WebPage\",\"@id\":\"https:\\\/\\\/www.notibras.com\\\/site\\\/manifestacoes-abusos-e-punicao-paro-os-grupos-de-vandalos\\\/\",\"url\":\"https:\\\/\\\/www.notibras.com\\\/site\\\/manifestacoes-abusos-e-punicao-paro-os-grupos-de-vandalos\\\/\",\"name\":\"Manifesta\u00e7\u00f5es, abusos e puni\u00e7\u00e3o paro os grupos de v\u00e2ndalos - Notibras\",\"isPartOf\":{\"@id\":\"https:\\\/\\\/www.notibras.com\\\/site\\\/#website\"},\"primaryImageOfPage\":{\"@id\":\"https:\\\/\\\/www.notibras.com\\\/site\\\/manifestacoes-abusos-e-punicao-paro-os-grupos-de-vandalos\\\/#primaryimage\"},\"image\":{\"@id\":\"https:\\\/\\\/www.notibras.com\\\/site\\\/manifestacoes-abusos-e-punicao-paro-os-grupos-de-vandalos\\\/#primaryimage\"},\"thumbnailUrl\":\"https:\\\/\\\/www.notibras.com\\\/site\\\/wp-content\\\/uploads\\\/2014\\\/02\\\/opi.jpg\",\"datePublished\":\"2014-02-20T13:55:40+00:00\",\"breadcrumb\":{\"@id\":\"https:\\\/\\\/www.notibras.com\\\/site\\\/manifestacoes-abusos-e-punicao-paro-os-grupos-de-vandalos\\\/#breadcrumb\"},\"inLanguage\":\"pt-BR\",\"potentialAction\":[{\"@type\":\"ReadAction\",\"target\":[\"https:\\\/\\\/www.notibras.com\\\/site\\\/manifestacoes-abusos-e-punicao-paro-os-grupos-de-vandalos\\\/\"]}]},{\"@type\":\"ImageObject\",\"inLanguage\":\"pt-BR\",\"@id\":\"https:\\\/\\\/www.notibras.com\\\/site\\\/manifestacoes-abusos-e-punicao-paro-os-grupos-de-vandalos\\\/#primaryimage\",\"url\":\"https:\\\/\\\/www.notibras.com\\\/site\\\/wp-content\\\/uploads\\\/2014\\\/02\\\/opi.jpg\",\"contentUrl\":\"https:\\\/\\\/www.notibras.com\\\/site\\\/wp-content\\\/uploads\\\/2014\\\/02\\\/opi.jpg\",\"width\":299,\"height\":169},{\"@type\":\"BreadcrumbList\",\"@id\":\"https:\\\/\\\/www.notibras.com\\\/site\\\/manifestacoes-abusos-e-punicao-paro-os-grupos-de-vandalos\\\/#breadcrumb\",\"itemListElement\":[{\"@type\":\"ListItem\",\"position\":1,\"name\":\"In\u00edcio\",\"item\":\"https:\\\/\\\/www.notibras.com\\\/site\\\/\"},{\"@type\":\"ListItem\",\"position\":2,\"name\":\"Manifesta\u00e7\u00f5es, abusos e puni\u00e7\u00e3o paro os grupos de v\u00e2ndalos\"}]},{\"@type\":\"WebSite\",\"@id\":\"https:\\\/\\\/www.notibras.com\\\/site\\\/#website\",\"url\":\"https:\\\/\\\/www.notibras.com\\\/site\\\/\",\"name\":\"Notibras\",\"description\":\"Not\u00edcias de Bras\u00edlia, do Brasil e do Mundo\",\"publisher\":{\"@id\":\"https:\\\/\\\/www.notibras.com\\\/site\\\/#organization\"},\"potentialAction\":[{\"@type\":\"SearchAction\",\"target\":{\"@type\":\"EntryPoint\",\"urlTemplate\":\"https:\\\/\\\/www.notibras.com\\\/site\\\/?s={search_term_string}\"},\"query-input\":{\"@type\":\"PropertyValueSpecification\",\"valueRequired\":true,\"valueName\":\"search_term_string\"}}],\"inLanguage\":\"pt-BR\"},{\"@type\":\"Organization\",\"@id\":\"https:\\\/\\\/www.notibras.com\\\/site\\\/#organization\",\"name\":\"Grupo Notibras de Comunica\u00e7\u00e3o\",\"url\":\"https:\\\/\\\/www.notibras.com\\\/site\\\/\",\"logo\":{\"@type\":\"ImageObject\",\"inLanguage\":\"pt-BR\",\"@id\":\"https:\\\/\\\/www.notibras.com\\\/site\\\/#\\\/schema\\\/logo\\\/image\\\/\",\"url\":\"https:\\\/\\\/www.notibras.com\\\/site\\\/wp-content\\\/uploads\\\/2023\\\/01\\\/notibras23.png\",\"contentUrl\":\"https:\\\/\\\/www.notibras.com\\\/site\\\/wp-content\\\/uploads\\\/2023\\\/01\\\/notibras23.png\",\"width\":350,\"height\":87,\"caption\":\"Grupo Notibras de Comunica\u00e7\u00e3o\"},\"image\":{\"@id\":\"https:\\\/\\\/www.notibras.com\\\/site\\\/#\\\/schema\\\/logo\\\/image\\\/\"},\"sameAs\":[\"https:\\\/\\\/www.facebook.com\\\/notibras\\\/\",\"https:\\\/\\\/x.com\\\/Notibras\",\"https:\\\/\\\/www.instagram.com\\\/notibras\\\/\"]},{\"@type\":\"Person\",\"@id\":\"https:\\\/\\\/www.notibras.com\\\/site\\\/#\\\/schema\\\/person\\\/36ab0979449956132d3e5b517ea76ac8\",\"name\":\"Reda\u00e7\u00e3o\",\"image\":{\"@type\":\"ImageObject\",\"inLanguage\":\"pt-BR\",\"@id\":\"https:\\\/\\\/secure.gravatar.com\\\/avatar\\\/e0a867bdedb85fd243eadf09663511f96fc81e0720a4a42581f334ad4303aa6b?s=96&d=mm&r=g\",\"url\":\"https:\\\/\\\/secure.gravatar.com\\\/avatar\\\/e0a867bdedb85fd243eadf09663511f96fc81e0720a4a42581f334ad4303aa6b?s=96&d=mm&r=g\",\"contentUrl\":\"https:\\\/\\\/secure.gravatar.com\\\/avatar\\\/e0a867bdedb85fd243eadf09663511f96fc81e0720a4a42581f334ad4303aa6b?s=96&d=mm&r=g\",\"caption\":\"Reda\u00e7\u00e3o\"}}]}<\/script>\n<!-- \/ Yoast SEO plugin. -->","yoast_head_json":{"title":"Manifesta\u00e7\u00f5es, abusos e puni\u00e7\u00e3o paro os grupos de v\u00e2ndalos - Notibras","robots":{"index":"index","follow":"follow","max-snippet":"max-snippet:-1","max-image-preview":"max-image-preview:large","max-video-preview":"max-video-preview:-1"},"canonical":"https:\/\/www.notibras.com\/site\/manifestacoes-abusos-e-punicao-paro-os-grupos-de-vandalos\/","og_locale":"pt_BR","og_type":"article","og_title":"Manifesta\u00e7\u00f5es, abusos e puni\u00e7\u00e3o paro os grupos de v\u00e2ndalos - Notibras","og_description":"O Congresso Nacional est\u00e1 pressionado para votar uma legisla\u00e7\u00e3o\u00a0 que garanta o livre direito\u00a0 de manifesta\u00e7\u00f5es com\u00a0 o estabelecimento de uma fronteira entre esse direito e a pr\u00e1tica de atos de vandalismo. Imp\u00f5e \u2013se tipificar esses crimes e fixar penas severas para quem os comete, em a\u00e7\u00f5es individuais\u00a0 ou coletivas. Precisa tamb\u00e9m se criar regras [&hellip;]","og_url":"https:\/\/www.notibras.com\/site\/manifestacoes-abusos-e-punicao-paro-os-grupos-de-vandalos\/","og_site_name":"Notibras","article_publisher":"https:\/\/www.facebook.com\/notibras\/","article_published_time":"2014-02-20T13:55:40+00:00","og_image":[{"width":299,"height":169,"url":"https:\/\/www.notibras.com\/site\/wp-content\/uploads\/2014\/02\/opi.jpg","type":"image\/jpeg"}],"author":"Reda\u00e7\u00e3o","twitter_card":"summary_large_image","twitter_creator":"@Notibras","twitter_site":"@Notibras","twitter_misc":{"Escrito por":"Reda\u00e7\u00e3o","Est. tempo de leitura":"2 minutos"},"schema":{"@context":"https:\/\/schema.org","@graph":[{"@type":"Article","@id":"https:\/\/www.notibras.com\/site\/manifestacoes-abusos-e-punicao-paro-os-grupos-de-vandalos\/#article","isPartOf":{"@id":"https:\/\/www.notibras.com\/site\/manifestacoes-abusos-e-punicao-paro-os-grupos-de-vandalos\/"},"author":{"name":"Reda\u00e7\u00e3o","@id":"https:\/\/www.notibras.com\/site\/#\/schema\/person\/36ab0979449956132d3e5b517ea76ac8"},"headline":"Manifesta\u00e7\u00f5es, abusos e puni\u00e7\u00e3o paro os grupos de v\u00e2ndalos","datePublished":"2014-02-20T13:55:40+00:00","mainEntityOfPage":{"@id":"https:\/\/www.notibras.com\/site\/manifestacoes-abusos-e-punicao-paro-os-grupos-de-vandalos\/"},"wordCount":321,"commentCount":0,"publisher":{"@id":"https:\/\/www.notibras.com\/site\/#organization"},"image":{"@id":"https:\/\/www.notibras.com\/site\/manifestacoes-abusos-e-punicao-paro-os-grupos-de-vandalos\/#primaryimage"},"thumbnailUrl":"https:\/\/www.notibras.com\/site\/wp-content\/uploads\/2014\/02\/opi.jpg","articleSection":["Opina a\u00ed"],"inLanguage":"pt-BR","potentialAction":[{"@type":"CommentAction","name":"Comment","target":["https:\/\/www.notibras.com\/site\/manifestacoes-abusos-e-punicao-paro-os-grupos-de-vandalos\/#respond"]}]},{"@type":"WebPage","@id":"https:\/\/www.notibras.com\/site\/manifestacoes-abusos-e-punicao-paro-os-grupos-de-vandalos\/","url":"https:\/\/www.notibras.com\/site\/manifestacoes-abusos-e-punicao-paro-os-grupos-de-vandalos\/","name":"Manifesta\u00e7\u00f5es, abusos e puni\u00e7\u00e3o paro os grupos de v\u00e2ndalos - Notibras","isPartOf":{"@id":"https:\/\/www.notibras.com\/site\/#website"},"primaryImageOfPage":{"@id":"https:\/\/www.notibras.com\/site\/manifestacoes-abusos-e-punicao-paro-os-grupos-de-vandalos\/#primaryimage"},"image":{"@id":"https:\/\/www.notibras.com\/site\/manifestacoes-abusos-e-punicao-paro-os-grupos-de-vandalos\/#primaryimage"},"thumbnailUrl":"https:\/\/www.notibras.com\/site\/wp-content\/uploads\/2014\/02\/opi.jpg","datePublished":"2014-02-20T13:55:40+00:00","breadcrumb":{"@id":"https:\/\/www.notibras.com\/site\/manifestacoes-abusos-e-punicao-paro-os-grupos-de-vandalos\/#breadcrumb"},"inLanguage":"pt-BR","potentialAction":[{"@type":"ReadAction","target":["https:\/\/www.notibras.com\/site\/manifestacoes-abusos-e-punicao-paro-os-grupos-de-vandalos\/"]}]},{"@type":"ImageObject","inLanguage":"pt-BR","@id":"https:\/\/www.notibras.com\/site\/manifestacoes-abusos-e-punicao-paro-os-grupos-de-vandalos\/#primaryimage","url":"https:\/\/www.notibras.com\/site\/wp-content\/uploads\/2014\/02\/opi.jpg","contentUrl":"https:\/\/www.notibras.com\/site\/wp-content\/uploads\/2014\/02\/opi.jpg","width":299,"height":169},{"@type":"BreadcrumbList","@id":"https:\/\/www.notibras.com\/site\/manifestacoes-abusos-e-punicao-paro-os-grupos-de-vandalos\/#breadcrumb","itemListElement":[{"@type":"ListItem","position":1,"name":"In\u00edcio","item":"https:\/\/www.notibras.com\/site\/"},{"@type":"ListItem","position":2,"name":"Manifesta\u00e7\u00f5es, abusos e puni\u00e7\u00e3o paro os grupos de v\u00e2ndalos"}]},{"@type":"WebSite","@id":"https:\/\/www.notibras.com\/site\/#website","url":"https:\/\/www.notibras.com\/site\/","name":"Notibras","description":"Not\u00edcias de Bras\u00edlia, do Brasil e do Mundo","publisher":{"@id":"https:\/\/www.notibras.com\/site\/#organization"},"potentialAction":[{"@type":"SearchAction","target":{"@type":"EntryPoint","urlTemplate":"https:\/\/www.notibras.com\/site\/?s={search_term_string}"},"query-input":{"@type":"PropertyValueSpecification","valueRequired":true,"valueName":"search_term_string"}}],"inLanguage":"pt-BR"},{"@type":"Organization","@id":"https:\/\/www.notibras.com\/site\/#organization","name":"Grupo Notibras de Comunica\u00e7\u00e3o","url":"https:\/\/www.notibras.com\/site\/","logo":{"@type":"ImageObject","inLanguage":"pt-BR","@id":"https:\/\/www.notibras.com\/site\/#\/schema\/logo\/image\/","url":"https:\/\/www.notibras.com\/site\/wp-content\/uploads\/2023\/01\/notibras23.png","contentUrl":"https:\/\/www.notibras.com\/site\/wp-content\/uploads\/2023\/01\/notibras23.png","width":350,"height":87,"caption":"Grupo Notibras de Comunica\u00e7\u00e3o"},"image":{"@id":"https:\/\/www.notibras.com\/site\/#\/schema\/logo\/image\/"},"sameAs":["https:\/\/www.facebook.com\/notibras\/","https:\/\/x.com\/Notibras","https:\/\/www.instagram.com\/notibras\/"]},{"@type":"Person","@id":"https:\/\/www.notibras.com\/site\/#\/schema\/person\/36ab0979449956132d3e5b517ea76ac8","name":"Reda\u00e7\u00e3o","image":{"@type":"ImageObject","inLanguage":"pt-BR","@id":"https:\/\/secure.gravatar.com\/avatar\/e0a867bdedb85fd243eadf09663511f96fc81e0720a4a42581f334ad4303aa6b?s=96&d=mm&r=g","url":"https:\/\/secure.gravatar.com\/avatar\/e0a867bdedb85fd243eadf09663511f96fc81e0720a4a42581f334ad4303aa6b?s=96&d=mm&r=g","contentUrl":"https:\/\/secure.gravatar.com\/avatar\/e0a867bdedb85fd243eadf09663511f96fc81e0720a4a42581f334ad4303aa6b?s=96&d=mm&r=g","caption":"Reda\u00e7\u00e3o"}}]}},"amp_enabled":true,"_links":{"self":[{"href":"https:\/\/www.notibras.com\/site\/wp-json\/wp\/v2\/posts\/2262","targetHints":{"allow":["GET"]}}],"collection":[{"href":"https:\/\/www.notibras.com\/site\/wp-json\/wp\/v2\/posts"}],"about":[{"href":"https:\/\/www.notibras.com\/site\/wp-json\/wp\/v2\/types\/post"}],"author":[{"embeddable":true,"href":"https:\/\/www.notibras.com\/site\/wp-json\/wp\/v2\/users\/2"}],"replies":[{"embeddable":true,"href":"https:\/\/www.notibras.com\/site\/wp-json\/wp\/v2\/comments?post=2262"}],"version-history":[{"count":0,"href":"https:\/\/www.notibras.com\/site\/wp-json\/wp\/v2\/posts\/2262\/revisions"}],"wp:featuredmedia":[{"embeddable":true,"href":"https:\/\/www.notibras.com\/site\/wp-json\/wp\/v2\/media\/2263"}],"wp:attachment":[{"href":"https:\/\/www.notibras.com\/site\/wp-json\/wp\/v2\/media?parent=2262"}],"wp:term":[{"taxonomy":"category","embeddable":true,"href":"https:\/\/www.notibras.com\/site\/wp-json\/wp\/v2\/categories?post=2262"},{"taxonomy":"post_tag","embeddable":true,"href":"https:\/\/www.notibras.com\/site\/wp-json\/wp\/v2\/tags?post=2262"}],"curies":[{"name":"wp","href":"https:\/\/api.w.org\/{rel}","templated":true}]}}