{"id":22623,"date":"2014-09-18T22:44:58","date_gmt":"2014-09-19T01:44:58","guid":{"rendered":"http:\/\/www.notibras.com\/site\/?p=22623"},"modified":"2014-09-19T00:46:46","modified_gmt":"2014-09-19T03:46:46","slug":"gol-contra-empate-e-timao-fica-mais-distante-dos-lideres","status":"publish","type":"post","link":"https:\/\/www.notibras.com\/site\/gol-contra-empate-e-timao-fica-mais-distante-dos-lideres\/","title":{"rendered":"Gol contra, empate, e Tim\u00e3o fica mais distante dos l\u00edderes"},"content":{"rendered":"<p class=\"text\">O torcedor do Corinthians sofreu uma grande decep\u00e7\u00e3o nesta quinta-feira, em sua casa, pelo Campeonato Brasileiro. O time jogou mal, principalmente no segundo tempo, e passou um sufoco para empatar por 1 a 1 com a Chapecoense. O resultado veio ap\u00f3s um gol contra de Ferrugem e chances perdidas pelo time catarinense no final do jogo.<\/p>\n<p class=\"text\">Agora o Corinthians fica com 36 pontos e ainda est\u00e1 no G-4 do Brasileiro, mas\u00a0uma vit\u00f3ria do Gr\u00eamio contra o Santos, nesta rodada, ainda pode mudar isso. J\u00e1 a Chapecoense soma 23 e segue perto da zona de rebaixamento &#8211; o Botafogo, em 17\u00ba, tem 22.<\/p>\n<p class=\"text\">O fato do Corinthians poupar alguns jogadores deu espa\u00e7o para o garoto Malcom, de apenas 17 anos, mostrar seu futebol. E demorou apenas 9min para ele mostrar que realmente tem talento: recebeu a bola fora da \u00e1rea, entrou aplicando uma finta e chutou entre as pernas de um defensor para fazer o primeiro gol do jogo<\/p>\n<p>Por\u00e9m, como \u00e9 caracter\u00edstica do time de Mano Menezes, o Corinthians n\u00e3o aproveitou para partir para cima e definir o jogo. Acabou vendo a Chapecoense crescer e tendo \u00f3tima chance aos 29min, quando um cabeceio de Rafael Lima fez a bola raspar o travess\u00e3o.<\/p>\n<blockquote><p>O Corinthians saiu de campo, ap\u00f3s o primeiro tempo, reclamando de um p\u00eanalti n\u00e3o marcado em Guerrero. Mas o time teve algo pior para se preocupar quando come\u00e7ou o segundo tempo: aos 4min, Ferrugem fez um gol contra de forma bizarra, cabecendo a bola no pr\u00f3prio corpo e mandando ela para dentro do gol.<\/p><\/blockquote>\n<p>O gol desestabilizou de vez o Corinthians, que s\u00f3 via a Chapecoense criar as principais jogadas em contra-ataques. Mano tentou mudar o time gastando as tr\u00eas substitui\u00e7\u00f5es antes dos vinte minutos &#8211; entraram Romero, Lodeiro e Bruno Henrique.<\/p>\n<p>Mas mesmo assim as melhores chances de gol surgiram para a Chapecoense. Primeiro Camilo conseguiu um bom lan\u00e7amento para Leandro, mas o atacante chutou desajeitado para fora. Logo depois, novamente Camilo fez boa jogada e deixou Fabinho de frente para o gol. Ele esteve na linha da pequena \u00e1rea, sozinho, mas chutou em cima de F\u00e1bio Santos.<\/p>\n<p>Aos 38min foi a vez de pintar emo\u00e7\u00e3o do outro lado. Aos 38min e aos 48min, Guerrero teve a chance de pegar sobras na \u00e1rea e chutar, mas Danilo defendeu a primeira e depois a segunda parou em um defensor.<\/p>\n","protected":false},"excerpt":{"rendered":"<p>O torcedor do Corinthians sofreu uma grande decep\u00e7\u00e3o nesta quinta-feira, em sua casa, pelo Campeonato Brasileiro. O time jogou mal, principalmente no segundo tempo, e passou um sufoco para empatar por 1 a 1 com a Chapecoense. O resultado veio ap\u00f3s um gol contra de Ferrugem e chances perdidas pelo time catarinense no final do [&hellip;]<\/p>\n","protected":false},"author":2,"featured_media":22624,"comment_status":"open","ping_status":"closed","sticky":false,"template":"","format":"standard","meta":{"_acf_changed":false,"footnotes":""},"categories":[19,29],"tags":[],"class_list":["post-22623","post","type-post","status-publish","format-standard","has-post-thumbnail","hentry","category-esportes","category-futebol"],"acf":[],"yoast_head":"<!-- This site is optimized with the Yoast SEO plugin v27.2 - https:\/\/yoast.com\/product\/yoast-seo-wordpress\/ -->\n<title>Gol contra, empate, e Tim\u00e3o fica mais distante dos l\u00edderes - Notibras<\/title>\n<meta name=\"robots\" content=\"index, follow, max-snippet:-1, max-image-preview:large, max-video-preview:-1\" \/>\n<link rel=\"canonical\" href=\"https:\/\/www.notibras.com\/site\/gol-contra-empate-e-timao-fica-mais-distante-dos-lideres\/\" \/>\n<meta property=\"og:locale\" content=\"pt_BR\" \/>\n<meta property=\"og:type\" content=\"article\" \/>\n<meta property=\"og:title\" content=\"Gol contra, empate, e Tim\u00e3o fica mais distante dos l\u00edderes - Notibras\" \/>\n<meta property=\"og:description\" content=\"O torcedor do Corinthians sofreu uma grande decep\u00e7\u00e3o nesta quinta-feira, em sua casa, pelo Campeonato Brasileiro. O time jogou mal, principalmente no segundo tempo, e passou um sufoco para empatar por 1 a 1 com a Chapecoense. O resultado veio ap\u00f3s um gol contra de Ferrugem e chances perdidas pelo time catarinense no final do [&hellip;]\" \/>\n<meta property=\"og:url\" content=\"https:\/\/www.notibras.com\/site\/gol-contra-empate-e-timao-fica-mais-distante-dos-lideres\/\" \/>\n<meta property=\"og:site_name\" content=\"Notibras\" \/>\n<meta property=\"article:publisher\" content=\"https:\/\/www.facebook.com\/notibras\/\" \/>\n<meta property=\"article:published_time\" content=\"2014-09-19T01:44:58+00:00\" \/>\n<meta property=\"article:modified_time\" content=\"2014-09-19T03:46:46+00:00\" \/>\n<meta property=\"og:image\" content=\"https:\/\/www.notibras.com\/site\/wp-content\/uploads\/2014\/09\/es21.jpg\" \/>\n\t<meta property=\"og:image:width\" content=\"460\" \/>\n\t<meta property=\"og:image:height\" content=\"340\" \/>\n\t<meta property=\"og:image:type\" content=\"image\/jpeg\" \/>\n<meta name=\"author\" content=\"Reda\u00e7\u00e3o\" \/>\n<meta name=\"twitter:card\" content=\"summary_large_image\" \/>\n<meta name=\"twitter:creator\" content=\"@Notibras\" \/>\n<meta name=\"twitter:site\" content=\"@Notibras\" \/>\n<meta name=\"twitter:label1\" content=\"Escrito por\" \/>\n\t<meta name=\"twitter:data1\" content=\"Reda\u00e7\u00e3o\" \/>\n\t<meta name=\"twitter:label2\" content=\"Est. tempo de leitura\" \/>\n\t<meta name=\"twitter:data2\" content=\"2 minutos\" \/>\n<script type=\"application\/ld+json\" class=\"yoast-schema-graph\">{\"@context\":\"https:\/\/schema.org\",\"@graph\":[{\"@type\":\"Article\",\"@id\":\"https:\/\/www.notibras.com\/site\/gol-contra-empate-e-timao-fica-mais-distante-dos-lideres\/#article\",\"isPartOf\":{\"@id\":\"https:\/\/www.notibras.com\/site\/gol-contra-empate-e-timao-fica-mais-distante-dos-lideres\/\"},\"author\":{\"name\":\"Reda\u00e7\u00e3o\",\"@id\":\"https:\/\/www.notibras.com\/site\/#\/schema\/person\/36ab0979449956132d3e5b517ea76ac8\"},\"headline\":\"Gol contra, empate, e Tim\u00e3o fica mais distante dos l\u00edderes\",\"datePublished\":\"2014-09-19T01:44:58+00:00\",\"dateModified\":\"2014-09-19T03:46:46+00:00\",\"mainEntityOfPage\":{\"@id\":\"https:\/\/www.notibras.com\/site\/gol-contra-empate-e-timao-fica-mais-distante-dos-lideres\/\"},\"wordCount\":415,\"commentCount\":0,\"publisher\":{\"@id\":\"https:\/\/www.notibras.com\/site\/#organization\"},\"image\":{\"@id\":\"https:\/\/www.notibras.com\/site\/gol-contra-empate-e-timao-fica-mais-distante-dos-lideres\/#primaryimage\"},\"thumbnailUrl\":\"https:\/\/www.notibras.com\/site\/wp-content\/uploads\/2014\/09\/es21.jpg\",\"articleSection\":[\"Esportes\",\"Futebol\"],\"inLanguage\":\"pt-BR\",\"potentialAction\":[{\"@type\":\"CommentAction\",\"name\":\"Comment\",\"target\":[\"https:\/\/www.notibras.com\/site\/gol-contra-empate-e-timao-fica-mais-distante-dos-lideres\/#respond\"]}]},{\"@type\":\"WebPage\",\"@id\":\"https:\/\/www.notibras.com\/site\/gol-contra-empate-e-timao-fica-mais-distante-dos-lideres\/\",\"url\":\"https:\/\/www.notibras.com\/site\/gol-contra-empate-e-timao-fica-mais-distante-dos-lideres\/\",\"name\":\"Gol contra, empate, e Tim\u00e3o fica mais distante dos l\u00edderes - Notibras\",\"isPartOf\":{\"@id\":\"https:\/\/www.notibras.com\/site\/#website\"},\"primaryImageOfPage\":{\"@id\":\"https:\/\/www.notibras.com\/site\/gol-contra-empate-e-timao-fica-mais-distante-dos-lideres\/#primaryimage\"},\"image\":{\"@id\":\"https:\/\/www.notibras.com\/site\/gol-contra-empate-e-timao-fica-mais-distante-dos-lideres\/#primaryimage\"},\"thumbnailUrl\":\"https:\/\/www.notibras.com\/site\/wp-content\/uploads\/2014\/09\/es21.jpg\",\"datePublished\":\"2014-09-19T01:44:58+00:00\",\"dateModified\":\"2014-09-19T03:46:46+00:00\",\"breadcrumb\":{\"@id\":\"https:\/\/www.notibras.com\/site\/gol-contra-empate-e-timao-fica-mais-distante-dos-lideres\/#breadcrumb\"},\"inLanguage\":\"pt-BR\",\"potentialAction\":[{\"@type\":\"ReadAction\",\"target\":[\"https:\/\/www.notibras.com\/site\/gol-contra-empate-e-timao-fica-mais-distante-dos-lideres\/\"]}]},{\"@type\":\"ImageObject\",\"inLanguage\":\"pt-BR\",\"@id\":\"https:\/\/www.notibras.com\/site\/gol-contra-empate-e-timao-fica-mais-distante-dos-lideres\/#primaryimage\",\"url\":\"https:\/\/www.notibras.com\/site\/wp-content\/uploads\/2014\/09\/es21.jpg\",\"contentUrl\":\"https:\/\/www.notibras.com\/site\/wp-content\/uploads\/2014\/09\/es21.jpg\",\"width\":460,\"height\":340},{\"@type\":\"BreadcrumbList\",\"@id\":\"https:\/\/www.notibras.com\/site\/gol-contra-empate-e-timao-fica-mais-distante-dos-lideres\/#breadcrumb\",\"itemListElement\":[{\"@type\":\"ListItem\",\"position\":1,\"name\":\"In\u00edcio\",\"item\":\"https:\/\/www.notibras.com\/site\/\"},{\"@type\":\"ListItem\",\"position\":2,\"name\":\"Gol contra, empate, e Tim\u00e3o fica mais distante dos l\u00edderes\"}]},{\"@type\":\"WebSite\",\"@id\":\"https:\/\/www.notibras.com\/site\/#website\",\"url\":\"https:\/\/www.notibras.com\/site\/\",\"name\":\"Notibras\",\"description\":\"Not\u00edcias de Bras\u00edlia, do Brasil e do Mundo\",\"publisher\":{\"@id\":\"https:\/\/www.notibras.com\/site\/#organization\"},\"potentialAction\":[{\"@type\":\"SearchAction\",\"target\":{\"@type\":\"EntryPoint\",\"urlTemplate\":\"https:\/\/www.notibras.com\/site\/?s={search_term_string}\"},\"query-input\":{\"@type\":\"PropertyValueSpecification\",\"valueRequired\":true,\"valueName\":\"search_term_string\"}}],\"inLanguage\":\"pt-BR\"},{\"@type\":\"Organization\",\"@id\":\"https:\/\/www.notibras.com\/site\/#organization\",\"name\":\"Grupo Notibras de Comunica\u00e7\u00e3o\",\"url\":\"https:\/\/www.notibras.com\/site\/\",\"logo\":{\"@type\":\"ImageObject\",\"inLanguage\":\"pt-BR\",\"@id\":\"https:\/\/www.notibras.com\/site\/#\/schema\/logo\/image\/\",\"url\":\"https:\/\/www.notibras.com\/site\/wp-content\/uploads\/2023\/01\/notibras23.png\",\"contentUrl\":\"https:\/\/www.notibras.com\/site\/wp-content\/uploads\/2023\/01\/notibras23.png\",\"width\":350,\"height\":87,\"caption\":\"Grupo Notibras de Comunica\u00e7\u00e3o\"},\"image\":{\"@id\":\"https:\/\/www.notibras.com\/site\/#\/schema\/logo\/image\/\"},\"sameAs\":[\"https:\/\/www.facebook.com\/notibras\/\",\"https:\/\/x.com\/Notibras\",\"https:\/\/www.instagram.com\/notibras\/\"]},{\"@type\":\"Person\",\"@id\":\"https:\/\/www.notibras.com\/site\/#\/schema\/person\/36ab0979449956132d3e5b517ea76ac8\",\"name\":\"Reda\u00e7\u00e3o\",\"image\":{\"@type\":\"ImageObject\",\"inLanguage\":\"pt-BR\",\"@id\":\"https:\/\/secure.gravatar.com\/avatar\/e0a867bdedb85fd243eadf09663511f96fc81e0720a4a42581f334ad4303aa6b?s=96&d=mm&r=g\",\"url\":\"https:\/\/secure.gravatar.com\/avatar\/e0a867bdedb85fd243eadf09663511f96fc81e0720a4a42581f334ad4303aa6b?s=96&d=mm&r=g\",\"contentUrl\":\"https:\/\/secure.gravatar.com\/avatar\/e0a867bdedb85fd243eadf09663511f96fc81e0720a4a42581f334ad4303aa6b?s=96&d=mm&r=g\",\"caption\":\"Reda\u00e7\u00e3o\"}}]}<\/script>\n<!-- \/ Yoast SEO plugin. -->","yoast_head_json":{"title":"Gol contra, empate, e Tim\u00e3o fica mais distante dos l\u00edderes - Notibras","robots":{"index":"index","follow":"follow","max-snippet":"max-snippet:-1","max-image-preview":"max-image-preview:large","max-video-preview":"max-video-preview:-1"},"canonical":"https:\/\/www.notibras.com\/site\/gol-contra-empate-e-timao-fica-mais-distante-dos-lideres\/","og_locale":"pt_BR","og_type":"article","og_title":"Gol contra, empate, e Tim\u00e3o fica mais distante dos l\u00edderes - Notibras","og_description":"O torcedor do Corinthians sofreu uma grande decep\u00e7\u00e3o nesta quinta-feira, em sua casa, pelo Campeonato Brasileiro. O time jogou mal, principalmente no segundo tempo, e passou um sufoco para empatar por 1 a 1 com a Chapecoense. O resultado veio ap\u00f3s um gol contra de Ferrugem e chances perdidas pelo time catarinense no final do [&hellip;]","og_url":"https:\/\/www.notibras.com\/site\/gol-contra-empate-e-timao-fica-mais-distante-dos-lideres\/","og_site_name":"Notibras","article_publisher":"https:\/\/www.facebook.com\/notibras\/","article_published_time":"2014-09-19T01:44:58+00:00","article_modified_time":"2014-09-19T03:46:46+00:00","og_image":[{"width":460,"height":340,"url":"https:\/\/www.notibras.com\/site\/wp-content\/uploads\/2014\/09\/es21.jpg","type":"image\/jpeg"}],"author":"Reda\u00e7\u00e3o","twitter_card":"summary_large_image","twitter_creator":"@Notibras","twitter_site":"@Notibras","twitter_misc":{"Escrito por":"Reda\u00e7\u00e3o","Est. tempo de leitura":"2 minutos"},"schema":{"@context":"https:\/\/schema.org","@graph":[{"@type":"Article","@id":"https:\/\/www.notibras.com\/site\/gol-contra-empate-e-timao-fica-mais-distante-dos-lideres\/#article","isPartOf":{"@id":"https:\/\/www.notibras.com\/site\/gol-contra-empate-e-timao-fica-mais-distante-dos-lideres\/"},"author":{"name":"Reda\u00e7\u00e3o","@id":"https:\/\/www.notibras.com\/site\/#\/schema\/person\/36ab0979449956132d3e5b517ea76ac8"},"headline":"Gol contra, empate, e Tim\u00e3o fica mais distante dos l\u00edderes","datePublished":"2014-09-19T01:44:58+00:00","dateModified":"2014-09-19T03:46:46+00:00","mainEntityOfPage":{"@id":"https:\/\/www.notibras.com\/site\/gol-contra-empate-e-timao-fica-mais-distante-dos-lideres\/"},"wordCount":415,"commentCount":0,"publisher":{"@id":"https:\/\/www.notibras.com\/site\/#organization"},"image":{"@id":"https:\/\/www.notibras.com\/site\/gol-contra-empate-e-timao-fica-mais-distante-dos-lideres\/#primaryimage"},"thumbnailUrl":"https:\/\/www.notibras.com\/site\/wp-content\/uploads\/2014\/09\/es21.jpg","articleSection":["Esportes","Futebol"],"inLanguage":"pt-BR","potentialAction":[{"@type":"CommentAction","name":"Comment","target":["https:\/\/www.notibras.com\/site\/gol-contra-empate-e-timao-fica-mais-distante-dos-lideres\/#respond"]}]},{"@type":"WebPage","@id":"https:\/\/www.notibras.com\/site\/gol-contra-empate-e-timao-fica-mais-distante-dos-lideres\/","url":"https:\/\/www.notibras.com\/site\/gol-contra-empate-e-timao-fica-mais-distante-dos-lideres\/","name":"Gol contra, empate, e Tim\u00e3o fica mais distante dos l\u00edderes - Notibras","isPartOf":{"@id":"https:\/\/www.notibras.com\/site\/#website"},"primaryImageOfPage":{"@id":"https:\/\/www.notibras.com\/site\/gol-contra-empate-e-timao-fica-mais-distante-dos-lideres\/#primaryimage"},"image":{"@id":"https:\/\/www.notibras.com\/site\/gol-contra-empate-e-timao-fica-mais-distante-dos-lideres\/#primaryimage"},"thumbnailUrl":"https:\/\/www.notibras.com\/site\/wp-content\/uploads\/2014\/09\/es21.jpg","datePublished":"2014-09-19T01:44:58+00:00","dateModified":"2014-09-19T03:46:46+00:00","breadcrumb":{"@id":"https:\/\/www.notibras.com\/site\/gol-contra-empate-e-timao-fica-mais-distante-dos-lideres\/#breadcrumb"},"inLanguage":"pt-BR","potentialAction":[{"@type":"ReadAction","target":["https:\/\/www.notibras.com\/site\/gol-contra-empate-e-timao-fica-mais-distante-dos-lideres\/"]}]},{"@type":"ImageObject","inLanguage":"pt-BR","@id":"https:\/\/www.notibras.com\/site\/gol-contra-empate-e-timao-fica-mais-distante-dos-lideres\/#primaryimage","url":"https:\/\/www.notibras.com\/site\/wp-content\/uploads\/2014\/09\/es21.jpg","contentUrl":"https:\/\/www.notibras.com\/site\/wp-content\/uploads\/2014\/09\/es21.jpg","width":460,"height":340},{"@type":"BreadcrumbList","@id":"https:\/\/www.notibras.com\/site\/gol-contra-empate-e-timao-fica-mais-distante-dos-lideres\/#breadcrumb","itemListElement":[{"@type":"ListItem","position":1,"name":"In\u00edcio","item":"https:\/\/www.notibras.com\/site\/"},{"@type":"ListItem","position":2,"name":"Gol contra, empate, e Tim\u00e3o fica mais distante dos l\u00edderes"}]},{"@type":"WebSite","@id":"https:\/\/www.notibras.com\/site\/#website","url":"https:\/\/www.notibras.com\/site\/","name":"Notibras","description":"Not\u00edcias de Bras\u00edlia, do Brasil e do Mundo","publisher":{"@id":"https:\/\/www.notibras.com\/site\/#organization"},"potentialAction":[{"@type":"SearchAction","target":{"@type":"EntryPoint","urlTemplate":"https:\/\/www.notibras.com\/site\/?s={search_term_string}"},"query-input":{"@type":"PropertyValueSpecification","valueRequired":true,"valueName":"search_term_string"}}],"inLanguage":"pt-BR"},{"@type":"Organization","@id":"https:\/\/www.notibras.com\/site\/#organization","name":"Grupo Notibras de Comunica\u00e7\u00e3o","url":"https:\/\/www.notibras.com\/site\/","logo":{"@type":"ImageObject","inLanguage":"pt-BR","@id":"https:\/\/www.notibras.com\/site\/#\/schema\/logo\/image\/","url":"https:\/\/www.notibras.com\/site\/wp-content\/uploads\/2023\/01\/notibras23.png","contentUrl":"https:\/\/www.notibras.com\/site\/wp-content\/uploads\/2023\/01\/notibras23.png","width":350,"height":87,"caption":"Grupo Notibras de Comunica\u00e7\u00e3o"},"image":{"@id":"https:\/\/www.notibras.com\/site\/#\/schema\/logo\/image\/"},"sameAs":["https:\/\/www.facebook.com\/notibras\/","https:\/\/x.com\/Notibras","https:\/\/www.instagram.com\/notibras\/"]},{"@type":"Person","@id":"https:\/\/www.notibras.com\/site\/#\/schema\/person\/36ab0979449956132d3e5b517ea76ac8","name":"Reda\u00e7\u00e3o","image":{"@type":"ImageObject","inLanguage":"pt-BR","@id":"https:\/\/secure.gravatar.com\/avatar\/e0a867bdedb85fd243eadf09663511f96fc81e0720a4a42581f334ad4303aa6b?s=96&d=mm&r=g","url":"https:\/\/secure.gravatar.com\/avatar\/e0a867bdedb85fd243eadf09663511f96fc81e0720a4a42581f334ad4303aa6b?s=96&d=mm&r=g","contentUrl":"https:\/\/secure.gravatar.com\/avatar\/e0a867bdedb85fd243eadf09663511f96fc81e0720a4a42581f334ad4303aa6b?s=96&d=mm&r=g","caption":"Reda\u00e7\u00e3o"}}]}},"amp_enabled":true,"_links":{"self":[{"href":"https:\/\/www.notibras.com\/site\/wp-json\/wp\/v2\/posts\/22623","targetHints":{"allow":["GET"]}}],"collection":[{"href":"https:\/\/www.notibras.com\/site\/wp-json\/wp\/v2\/posts"}],"about":[{"href":"https:\/\/www.notibras.com\/site\/wp-json\/wp\/v2\/types\/post"}],"author":[{"embeddable":true,"href":"https:\/\/www.notibras.com\/site\/wp-json\/wp\/v2\/users\/2"}],"replies":[{"embeddable":true,"href":"https:\/\/www.notibras.com\/site\/wp-json\/wp\/v2\/comments?post=22623"}],"version-history":[{"count":0,"href":"https:\/\/www.notibras.com\/site\/wp-json\/wp\/v2\/posts\/22623\/revisions"}],"wp:featuredmedia":[{"embeddable":true,"href":"https:\/\/www.notibras.com\/site\/wp-json\/wp\/v2\/media\/22624"}],"wp:attachment":[{"href":"https:\/\/www.notibras.com\/site\/wp-json\/wp\/v2\/media?parent=22623"}],"wp:term":[{"taxonomy":"category","embeddable":true,"href":"https:\/\/www.notibras.com\/site\/wp-json\/wp\/v2\/categories?post=22623"},{"taxonomy":"post_tag","embeddable":true,"href":"https:\/\/www.notibras.com\/site\/wp-json\/wp\/v2\/tags?post=22623"}],"curies":[{"name":"wp","href":"https:\/\/api.w.org\/{rel}","templated":true}]}}