{"id":22629,"date":"2014-09-18T23:58:44","date_gmt":"2014-09-19T02:58:44","guid":{"rendered":"http:\/\/www.notibras.com\/site\/?p=22629"},"modified":"2014-09-19T19:34:22","modified_gmt":"2014-09-19T22:34:22","slug":"paulo-roberto-recebeu-15-milhao-de-propina-na-compra-de-pasadena","status":"publish","type":"post","link":"https:\/\/www.notibras.com\/site\/paulo-roberto-recebeu-15-milhao-de-propina-na-compra-de-pasadena\/","title":{"rendered":"Paulo Roberto recebeu 1,5 m de propina com Pasadena"},"content":{"rendered":"<p>O ex-diretor da Petrobras Paulo Roberto Costa contou a investigadores da Pol\u00edcia Federal e do Minist\u00e9rio P\u00fablico que recebeu R$ 1,5 milh\u00e3o de propina de um esquema de corrup\u00e7\u00e3o relacionado \u00e0 compra pela Petrobras da refinaria de Pasadena, nos EUA.<\/p>\n<p>As informa\u00e7\u00f5es s\u00e3o da Tv Globo. A emissora lembra que a primeira fase dos depoimentos de Costa a policiais federais e procuradores com base em um acordo de dela\u00e7\u00e3o premiada terminou na semana passada. Paulo Roberto Costa decidiu colaborar com as investiga\u00e7\u00f5es na expectativa de obter redu\u00e7\u00e3o da pena.<\/p>\n<blockquote><p>Convocado para depor, ele compareceu nesta quarta-feira (17) \u00e0 CPI mista do Congresso que apura irregularidades na Petrobras, mas se manteve calado e n\u00e3o respondeu a nenhuma das perguntas dos parlamentares. Costa foi preso pela Pol\u00edcia Federal em mar\u00e7o, durante a Opera\u00e7\u00e3o Lava Jato, da PF, que investiga um esquema de lavagem de dinheiro e evas\u00e3o de divisas.<\/p><\/blockquote>\n<p>Os interrogat\u00f3rios do ex-diretor da Petrobras come\u00e7aram\u00a0 em 29 de agosto, na Superintend\u00eancia da Pol\u00edcia Federal no Paran\u00e1, onde ele est\u00e1 preso. As revela\u00e7\u00f5es foram feitas a um delegado, a um procurador e a um escriv\u00e3o. A defesa acompanhou tudo. Os depoimentos foram gravados em v\u00eddeo, anotados e criptografados (transformados em c\u00f3digos para evitar a leitura por pessoas de fora da investiga\u00e7\u00e3o). O material foi guardado em um cofre.<\/p>\n<p>Segundo a revista &#8220;Veja&#8221;, Costa delatou deputados, senadores, governadores e um ministro como benefici\u00e1rios do suposto esquema de propina na Petrobras.<\/p>\n<p>A decis\u00e3o sobre a parte dos depoimentos que envolve pol\u00edticos caber\u00e1 ao Supremo Tribunal Federal. O relator do caso \u00e9 o ministro Teori Zavascki. Ele poder\u00e1 decidir ouvir Paulo Roberto Costa, na presen\u00e7a do advogado e poder\u00e1 recusar ou fazer adequa\u00e7\u00f5es \u00e0 proposta de dela\u00e7\u00e3o premiada. Para ter a pena reduzida, Costa ter\u00e1 de comprovar as acusa\u00e7\u00f5es, revelando os participantes da organiza\u00e7\u00e3o criminosa e ajudando a recuperar o dinheiro desviado. Ainda n\u00e3o se sabe quando a Justi\u00e7a vai homologar o acordo de dela\u00e7\u00e3o premiada.<\/p>\n<p>Segundo o advogado Pierpaolo Bottini, professor-doutor de direito da Universidade de S\u00e3o Paulo (USP), a redu\u00e7\u00e3o de pena depende dos detalhes e provas que Paulo Roberto Costa conseguir demonstrar.<\/p>\n<p>&#8220;Quanto mais informa\u00e7\u00f5es ele trouxer, mais benef\u00edcios ele vai ter. Quanto mais ele conseguir comprovar as declara\u00e7\u00f5es no sentido de apontar outros autores, no sentido demonstrar como essa organiza\u00e7\u00e3o funciona, ou colaborando para recuperar esse dinheiro e esses bens desviados, quanto mais ele conseguir demonstrar isso, maiores benef\u00edcios ele ter\u00e1&#8221;, afirmou.<\/p>\n","protected":false},"excerpt":{"rendered":"<p>O ex-diretor da Petrobras Paulo Roberto Costa contou a investigadores da Pol\u00edcia Federal e do Minist\u00e9rio P\u00fablico que recebeu R$ 1,5 milh\u00e3o de propina de um esquema de corrup\u00e7\u00e3o relacionado \u00e0 compra pela Petrobras da refinaria de Pasadena, nos EUA. As informa\u00e7\u00f5es s\u00e3o da Tv Globo. A emissora lembra que a primeira fase dos depoimentos [&hellip;]<\/p>\n","protected":false},"author":2,"featured_media":22630,"comment_status":"open","ping_status":"closed","sticky":false,"template":"","format":"standard","meta":{"_acf_changed":false,"footnotes":""},"categories":[16],"tags":[],"class_list":["post-22629","post","type-post","status-publish","format-standard","has-post-thumbnail","hentry","category-brasil"],"acf":[],"_links":{"self":[{"href":"https:\/\/www.notibras.com\/site\/wp-json\/wp\/v2\/posts\/22629","targetHints":{"allow":["GET"]}}],"collection":[{"href":"https:\/\/www.notibras.com\/site\/wp-json\/wp\/v2\/posts"}],"about":[{"href":"https:\/\/www.notibras.com\/site\/wp-json\/wp\/v2\/types\/post"}],"author":[{"embeddable":true,"href":"https:\/\/www.notibras.com\/site\/wp-json\/wp\/v2\/users\/2"}],"replies":[{"embeddable":true,"href":"https:\/\/www.notibras.com\/site\/wp-json\/wp\/v2\/comments?post=22629"}],"version-history":[{"count":0,"href":"https:\/\/www.notibras.com\/site\/wp-json\/wp\/v2\/posts\/22629\/revisions"}],"wp:featuredmedia":[{"embeddable":true,"href":"https:\/\/www.notibras.com\/site\/wp-json\/wp\/v2\/media\/22630"}],"wp:attachment":[{"href":"https:\/\/www.notibras.com\/site\/wp-json\/wp\/v2\/media?parent=22629"}],"wp:term":[{"taxonomy":"category","embeddable":true,"href":"https:\/\/www.notibras.com\/site\/wp-json\/wp\/v2\/categories?post=22629"},{"taxonomy":"post_tag","embeddable":true,"href":"https:\/\/www.notibras.com\/site\/wp-json\/wp\/v2\/tags?post=22629"}],"curies":[{"name":"wp","href":"https:\/\/api.w.org\/{rel}","templated":true}]}}