{"id":22645,"date":"2014-09-19T10:54:58","date_gmt":"2014-09-19T13:54:58","guid":{"rendered":"http:\/\/www.notibras.com\/site\/?p=22645"},"modified":"2014-09-19T12:58:37","modified_gmt":"2014-09-19T15:58:37","slug":"fogo-acaba-com-area-de-cerrado-na-regiao-do-aeroporto-jk","status":"publish","type":"post","link":"https:\/\/www.notibras.com\/site\/fogo-acaba-com-area-de-cerrado-na-regiao-do-aeroporto-jk\/","title":{"rendered":"Fogo acaba com \u00e1rea de cerrado na regi\u00e3o do Aeroporto JK"},"content":{"rendered":"<p>Um inc\u00eandio de grande propor\u00e7\u00e3o atingiu a reserva ecol\u00f3gica do Jardim Bot\u00e2nico de Bras\u00edlia. Segundo o Corpo de Bombeiro, pode ser o maior inc\u00eandio do ano e ainda n\u00e3o se sabe o tamanho da \u00e1rea atingida. Segundo o subtenente do Corpo de Bombeiro, Ezequiel Ferreira Ribeiro, eles chegaram ao local no in\u00edcio da manh\u00e3 desta quinta 18.<\/p>\n<p>\u201cChegamos ao local por volta das 10h30, que foi quando come\u00e7ou o fogo. A gente ainda n\u00e3o sabe em rela\u00e7\u00e3o ao combate, de onde veio [o inc\u00eandio], mas uma boa parte, 60% foi combatida\u201d. No momento cerca de 100 homens, dois helic\u00f3pteros e uma aeronave do Corpo de Bombeiro est\u00e3o trabalhando no local do fogo.<\/p>\n<p>A reserva ecol\u00f3gica do Jardim Bot\u00e2nico de Bras\u00edlia, localizada no Setor de Mans\u00f5es Dom Bosco, no Lago Sul, tem 4.500 hectares (um hectare corresponde aproximadamente \u00e0 \u00e1rea de um campo de futebol oficial) de reserva ecol\u00f3gica. A \u00e1rea \u00e9 destinada a pesquisas e \u00e0 preserva\u00e7\u00e3o do Cerrado. A\u00a0 reserva abriga mananciais que abastecem 25% de toda a regi\u00e3o do Lago Sul, incluindo o Lago Parano\u00e1, al\u00e9m de animais como macacos, lagartos, cobras, tamandu\u00e1s e aves, entre outros.<\/p>\n<blockquote><p>A \u00e1rea atingida pelo inc\u00eandio fica a poucos quil\u00f4metros do Aeroporto Internacional Juscelino Kubitschek. Segundo o Corpo de Bombeiro mesmo com o grande volume de fuma\u00e7a no local, o fogo n\u00e3o oferece nenhum risco para o pouso ou decolagem dos avi\u00f5es. O inc\u00eandio ficou muito pr\u00f3ximo \u00e0s resid\u00eancias entre as quadras QI 17 e QI 19, o que assustou os moradores do local.<\/p><\/blockquote>\n<p>Tain\u00e1 N\u00f3brega 34 anos mora na regi\u00e3o, \u00e9 m\u00e3e de cinco crian\u00e7as e foi uma das moradoras que ligou para o Corpo de Bombeiros. \u201cEstava entrando uma fuma\u00e7a dentro de casa e, de repente, quando eu vi o fogo j\u00e1 estava do lado da casa do meu vizinho. Eu desesperei porque estava um fogo alto passando por cima do muro, queimando o muro e o telhado do meu vizinho. Peguei as crian\u00e7as, liguei para a pol\u00edcia, para os bombeiros, peguei as crian\u00e7as e levei para a casa da minha m\u00e3e. Voltei, peguei as coisas que eu poderia salvar\u201d.<\/p>\n","protected":false},"excerpt":{"rendered":"<p>Um inc\u00eandio de grande propor\u00e7\u00e3o atingiu a reserva ecol\u00f3gica do Jardim Bot\u00e2nico de Bras\u00edlia. Segundo o Corpo de Bombeiro, pode ser o maior inc\u00eandio do ano e ainda n\u00e3o se sabe o tamanho da \u00e1rea atingida. Segundo o subtenente do Corpo de Bombeiro, Ezequiel Ferreira Ribeiro, eles chegaram ao local no in\u00edcio da manh\u00e3 desta [&hellip;]<\/p>\n","protected":false},"author":2,"featured_media":22646,"comment_status":"open","ping_status":"closed","sticky":false,"template":"","format":"standard","meta":{"_acf_changed":false,"footnotes":""},"categories":[1],"tags":[],"class_list":["post-22645","post","type-post","status-publish","format-standard","has-post-thumbnail","hentry","category-brasilia"],"acf":[],"_links":{"self":[{"href":"https:\/\/www.notibras.com\/site\/wp-json\/wp\/v2\/posts\/22645","targetHints":{"allow":["GET"]}}],"collection":[{"href":"https:\/\/www.notibras.com\/site\/wp-json\/wp\/v2\/posts"}],"about":[{"href":"https:\/\/www.notibras.com\/site\/wp-json\/wp\/v2\/types\/post"}],"author":[{"embeddable":true,"href":"https:\/\/www.notibras.com\/site\/wp-json\/wp\/v2\/users\/2"}],"replies":[{"embeddable":true,"href":"https:\/\/www.notibras.com\/site\/wp-json\/wp\/v2\/comments?post=22645"}],"version-history":[{"count":0,"href":"https:\/\/www.notibras.com\/site\/wp-json\/wp\/v2\/posts\/22645\/revisions"}],"wp:featuredmedia":[{"embeddable":true,"href":"https:\/\/www.notibras.com\/site\/wp-json\/wp\/v2\/media\/22646"}],"wp:attachment":[{"href":"https:\/\/www.notibras.com\/site\/wp-json\/wp\/v2\/media?parent=22645"}],"wp:term":[{"taxonomy":"category","embeddable":true,"href":"https:\/\/www.notibras.com\/site\/wp-json\/wp\/v2\/categories?post=22645"},{"taxonomy":"post_tag","embeddable":true,"href":"https:\/\/www.notibras.com\/site\/wp-json\/wp\/v2\/tags?post=22645"}],"curies":[{"name":"wp","href":"https:\/\/api.w.org\/{rel}","templated":true}]}}