{"id":22706,"date":"2014-09-20T12:22:22","date_gmt":"2014-09-20T15:22:22","guid":{"rendered":"http:\/\/www.notibras.com\/site\/?p=22706"},"modified":"2014-09-20T12:25:51","modified_gmt":"2014-09-20T15:25:51","slug":"artistas-fazem-peca-teatral-em-protesto-contra-despejo","status":"publish","type":"post","link":"https:\/\/www.notibras.com\/site\/artistas-fazem-peca-teatral-em-protesto-contra-despejo\/","title":{"rendered":"Artistas fazem pe\u00e7a teatral em protesto contra novo despejo"},"content":{"rendered":"<p>Para preparar o cen\u00e1rio do espet\u00e1culo <em>Baderna<\/em>, o N\u00facleo Bartolomeu de Depoimentos convidou 39 artistas e apoiadores para destru\u00edrem o teatro que \u00e9 sede da companhia. As marretadas n\u00e3o foram, no entanto, um capricho art\u00edstico. Trata-se de uma interven\u00e7\u00e3o para chamar a aten\u00e7\u00e3o sobre o pr\u00e9dio que ser\u00e1 demolido em breve para dar lugar a um condom\u00ednio de apartamentos. Os im\u00f3veis vizinhos n\u00e3o existem mais e o letreiro do centro cultural ficou abaixo da placa que anuncia o empreendimento residencial, na regi\u00e3o da Pompeia, zona oeste paulistana.<\/p>\n<p>O caso n\u00e3o \u00e9 o \u00fanico. Segundo a Cooperativa Paulista de Teatro, 20 espa\u00e7os culturais est\u00e3o amea\u00e7ados na cidade devido a processos semelhantes. \u201cN\u00e3o \u00e9 o \u00fanico, nem o mais violento de todos. Mas \u00e9 um processo emblem\u00e1tico porque demonstra como, se a gente deixar a cidade ser mediada pelo interesse da especula\u00e7\u00e3o e concentra\u00e7\u00e3o imobili\u00e1ria, a cidade vai se tornar impratic\u00e1vel\u201d, reclama um dos fundadores da companhia teatral, Eug\u00eanio Lima. A informa\u00e7\u00e3o do despejo iminente chegou ao grupo no final de 2013.<\/p>\n<p>Para evitar que a cultura continue perdendo espa\u00e7o na cidade, a cooperativa e coletivos art\u00edsticos est\u00e3o colhendo assinaturas para uma peti\u00e7\u00e3o eletr\u00f4nica que pede a implementa\u00e7\u00e3o das Zonas Especiais de Preserva\u00e7\u00e3o Cultural (Zepec). Para isso, dois artigos do plano diretor da cidade precisam ser regulamentados pelo prefeito Fernando Haddad. \u201cPor\u00e7\u00f5es do territ\u00f3rio destinadas \u00e0 preserva\u00e7\u00e3o, valoriza\u00e7\u00e3o e salvaguarda dos bens de valor hist\u00f3rico, art\u00edstico, arquitet\u00f4nico, arqueol\u00f3gico e paisag\u00edstico, doravante definidos como patrim\u00f4nio cultural\u201d, define o texto da proposta sobre os bens que poder\u00e3o ser tombados.<\/p>\n<blockquote><p>A pe\u00e7a que entrou em cartaz no Bartolomeu na noite de sexta 19 \u00e9 tamb\u00e9m uma forma de resist\u00eancia. \u201cN\u00e3o \u00e9 s\u00f3 resistir. \u00c9 ir, continuar em a\u00e7\u00e3o para frente\u201d, enfatizou Luaa Gabanini, a atriz que interpreta o solo <em>Baderna<\/em> enquanto se preparava no camarim. \u201cVai ser \u00f3timo eu contar [sobre a pe\u00e7a] me trocando. Tem super a ver com o que a atriz tem que fazer\u201d, comentou em alus\u00e3o \u00e0 natureza subversiva do personagem.<\/p><\/blockquote>\n<p>O espet\u00e1culo \u00e9 baseado na vida de Marietta Baderna, bailarina italiana que veio para o Brasil em 1849 e deu origem ao termo usado como sin\u00f4nimo de desordem. \u201cDesde que eu encontrei essa personagem, em 2008, eu fiquei encantada e fiquei procurando uma maneira de performar essa figura\u201d, relata Luaa. De acordo com a atriz, um dos motivos da conota\u00e7\u00e3o negativa dada ao nome da artista se deve ao fato de ela ter \u201cse misturado\u201d aos negros e incorporado a seus espet\u00e1culos passos de origem africana em um pa\u00eds ainda escravocrata.<\/p>\n<p>\u201cA minha imagem primeira era um corpo no escombro. Uma imagem disso: um teatro abandonado com uma bailarina perdida\u201d, explica Luaa sobre a constru\u00e7\u00e3o do \u00faltimo personagem que habitar\u00e1 o espa\u00e7o que o Bartolomeu ocupou por oito de seus 14 anos de exist\u00eancia. \u201cQuando eu vi, era o corpo de uma velha. Quando eu vi, era o corpo encarquilhado de uma bailarina. Quando eu vi, era uma bailarina enferrujada. Quando eu vi, nesse espa\u00e7o, virou uma sobrevivente. Vem da ideia de alguma coisa que n\u00e3o desenvolveu tudo que poderia desenvolver\u201d, acrescenta a atriz, j\u00e1 comparando a hist\u00f3ria da bailarina \u00e0 do teatro.<\/p>\n<p>Na \u00faltima semana, o grupo recebeu uma notifica\u00e7\u00e3o n\u00e3o oficial da incorporadora respons\u00e1vel pelo projeto para que deixasse o local em um m\u00eas. \u201cVoc\u00ea est\u00e1 destruindo onde eu pousei todos os meus sonhos. Voc\u00ea est\u00e1 destruindo onde o processo art\u00edstico acontece\u201d, protesta Lima que pede mais di\u00e1logo sobre essas quest\u00f5es. \u201cTem que come\u00e7ar a discutir o impacto dos carros nas ruas, do consumo de energia e sobre a \u00e1gua. E tamb\u00e9m tem que discutir o impacto sobre a vida p\u00fablica\u201d, acrescenta o artista.<\/p>\n<p>Lima defende que n\u00e3o se trata de uma disputa entre dois atores privados, o grupo teatral contra a incorporadora, mas um processo que envolve toda a sociedade. \u201cN\u00f3s n\u00e3o somos p\u00fablicos no sentido de sermos uma organiza\u00e7\u00e3o estatal. Somos um espa\u00e7o de interesse p\u00fablico. Um espa\u00e7o comum, de interesse comum, de livre troca. Trocas pol\u00edticas, de afetos e de constru\u00e7\u00f5es art\u00edsticas\u201d, argumenta.<\/p>\n<p>Nos escombros do que foi o teatro, Luaa faz Marietta ressurgir em um processo lento e doloroso, movimentando os m\u00fasculos que parecem ter ficado inertes por muito tempo. \u00c9 assim, entre gemidos, que come\u00e7a <em>Baderna<\/em>. Apesar da apar\u00eancia de sacrif\u00edcio, a atriz promete repetir o gesto todas as sextas-feiras e s\u00e1bados, \u00e0s 21h, e aos domingos, \u00e0s 20h. \u201cAt\u00e9 a gente ser expulso\u201d, destaca.<\/p>\n<p><strong>Daniel Melo, ABr<\/strong><\/p>\n","protected":false},"excerpt":{"rendered":"<p>Para preparar o cen\u00e1rio do espet\u00e1culo Baderna, o N\u00facleo Bartolomeu de Depoimentos convidou 39 artistas e apoiadores para destru\u00edrem o teatro que \u00e9 sede da companhia. As marretadas n\u00e3o foram, no entanto, um capricho art\u00edstico. Trata-se de uma interven\u00e7\u00e3o para chamar a aten\u00e7\u00e3o sobre o pr\u00e9dio que ser\u00e1 demolido em breve para dar lugar a [&hellip;]<\/p>\n","protected":false},"author":2,"featured_media":22707,"comment_status":"open","ping_status":"closed","sticky":false,"template":"","format":"standard","meta":{"_acf_changed":false,"footnotes":""},"categories":[16],"tags":[],"class_list":["post-22706","post","type-post","status-publish","format-standard","has-post-thumbnail","hentry","category-brasil"],"acf":[],"_links":{"self":[{"href":"https:\/\/www.notibras.com\/site\/wp-json\/wp\/v2\/posts\/22706","targetHints":{"allow":["GET"]}}],"collection":[{"href":"https:\/\/www.notibras.com\/site\/wp-json\/wp\/v2\/posts"}],"about":[{"href":"https:\/\/www.notibras.com\/site\/wp-json\/wp\/v2\/types\/post"}],"author":[{"embeddable":true,"href":"https:\/\/www.notibras.com\/site\/wp-json\/wp\/v2\/users\/2"}],"replies":[{"embeddable":true,"href":"https:\/\/www.notibras.com\/site\/wp-json\/wp\/v2\/comments?post=22706"}],"version-history":[{"count":0,"href":"https:\/\/www.notibras.com\/site\/wp-json\/wp\/v2\/posts\/22706\/revisions"}],"wp:featuredmedia":[{"embeddable":true,"href":"https:\/\/www.notibras.com\/site\/wp-json\/wp\/v2\/media\/22707"}],"wp:attachment":[{"href":"https:\/\/www.notibras.com\/site\/wp-json\/wp\/v2\/media?parent=22706"}],"wp:term":[{"taxonomy":"category","embeddable":true,"href":"https:\/\/www.notibras.com\/site\/wp-json\/wp\/v2\/categories?post=22706"},{"taxonomy":"post_tag","embeddable":true,"href":"https:\/\/www.notibras.com\/site\/wp-json\/wp\/v2\/tags?post=22706"}],"curies":[{"name":"wp","href":"https:\/\/api.w.org\/{rel}","templated":true}]}}