{"id":22723,"date":"2014-09-20T17:33:55","date_gmt":"2014-09-20T20:33:55","guid":{"rendered":"http:\/\/www.notibras.com\/site\/?p=22723"},"modified":"2014-09-22T07:31:37","modified_gmt":"2014-09-22T10:31:37","slug":"tucanos-levam-600-carros-para-as-ruas-e-criam-a-carreata-da-pitimania","status":"publish","type":"post","link":"https:\/\/www.notibras.com\/site\/tucanos-levam-600-carros-para-as-ruas-e-criam-a-carreata-da-pitimania\/","title":{"rendered":"Tucanos levam 600 carros para as ruas e criam carreata da &#8216;Pitimania&#8217;"},"content":{"rendered":"<p>Um carnaval fora de \u00e9poca. N\u00e3o uma &#8216;micar\u00ea&#8217;, mas uma Pitimania. Foi iso o que se viu nesta s\u00e1bado 20, em Taguatinga, na carreata promovida pela Coliga\u00e7\u00e3o Seriedade Para Mudar (PSDB\/PPS\/PSDC). O evento denominado &#8216;Arrancada para a vit\u00f3ria&#8217;, foi acompanhada por mais de 600 ve\u00edculos, segundo dados da Pol\u00edcia Militar.<\/p>\n<p>Os carros percorreram as principais ruas e avenidas de Taguatinga a Ceil\u00e2ndia. O entusiasmo dos participantes contagiou a todos, levando muitos moradores sa\u00edrem \u00e0s ruas demonstrando total apoio ao candidato a governador do Distrito Federal, Luiz Pitiman.<\/p>\n<blockquote><p>\u201cEssa carreata \u00e9 uma demonstra\u00e7\u00e3o da for\u00e7a da minha candidatura e de quanto estamos crescendo. Ao contr\u00e1rio do que os nossos advers\u00e1rios t\u00eam mostrado, estamos recebendo cada vez mais apoio e ades\u00f5es\u201d, defendeu Pitiman, acompanhado do candidato a vice-governador Ad\u00e3o C\u00e2ndido, o candidato a deputado federal Matheus Leone, e diversos candidatos distritais.<\/p><\/blockquote>\n<p>Ao chegar no centro de Ceil\u00e2ndia, Maria de Lourdes Abadia, candidata a deputada federal pelo PSDB, reafirmou seu compromisso de apoio ao tucano. \u201cPitiman, estamos juntos! A sua vit\u00f3ria \u00e9 certa&#8221;.<\/p>\n<p>Os militantes da carreata passaram ainda pelas ruas do P\u00f4r do Sol e Sol Nascente, e finalizaram os trabalhos no centro da Ceil\u00e2ndia.<\/p>\n<p>\u201cA minha felicidade, neste momento, \u00e9 ver que cada passo meu est\u00e1 certo e iremos coroar essa vit\u00f3ria com todos voc\u00eas. Vamos juntos at\u00e9 o final. S\u00f3 o dia 5 de outubro pode dizer o que vai acontecer. Nenhuma pesquisa mostra esse momento melhor do que n\u00f3s\u201d, concluiu o candidato tucano.<\/p>\n","protected":false},"excerpt":{"rendered":"<p>Um carnaval fora de \u00e9poca. N\u00e3o uma &#8216;micar\u00ea&#8217;, mas uma Pitimania. Foi iso o que se viu nesta s\u00e1bado 20, em Taguatinga, na carreata promovida pela Coliga\u00e7\u00e3o Seriedade Para Mudar (PSDB\/PPS\/PSDC). O evento denominado &#8216;Arrancada para a vit\u00f3ria&#8217;, foi acompanhada por mais de 600 ve\u00edculos, segundo dados da Pol\u00edcia Militar. Os carros percorreram as principais [&hellip;]<\/p>\n","protected":false},"author":2,"featured_media":22724,"comment_status":"open","ping_status":"closed","sticky":false,"template":"","format":"standard","meta":{"_acf_changed":false,"footnotes":""},"categories":[33],"tags":[],"class_list":["post-22723","post","type-post","status-publish","format-standard","has-post-thumbnail","hentry","category-eleicoes-2014"],"acf":[],"_links":{"self":[{"href":"https:\/\/www.notibras.com\/site\/wp-json\/wp\/v2\/posts\/22723","targetHints":{"allow":["GET"]}}],"collection":[{"href":"https:\/\/www.notibras.com\/site\/wp-json\/wp\/v2\/posts"}],"about":[{"href":"https:\/\/www.notibras.com\/site\/wp-json\/wp\/v2\/types\/post"}],"author":[{"embeddable":true,"href":"https:\/\/www.notibras.com\/site\/wp-json\/wp\/v2\/users\/2"}],"replies":[{"embeddable":true,"href":"https:\/\/www.notibras.com\/site\/wp-json\/wp\/v2\/comments?post=22723"}],"version-history":[{"count":0,"href":"https:\/\/www.notibras.com\/site\/wp-json\/wp\/v2\/posts\/22723\/revisions"}],"wp:featuredmedia":[{"embeddable":true,"href":"https:\/\/www.notibras.com\/site\/wp-json\/wp\/v2\/media\/22724"}],"wp:attachment":[{"href":"https:\/\/www.notibras.com\/site\/wp-json\/wp\/v2\/media?parent=22723"}],"wp:term":[{"taxonomy":"category","embeddable":true,"href":"https:\/\/www.notibras.com\/site\/wp-json\/wp\/v2\/categories?post=22723"},{"taxonomy":"post_tag","embeddable":true,"href":"https:\/\/www.notibras.com\/site\/wp-json\/wp\/v2\/tags?post=22723"}],"curies":[{"name":"wp","href":"https:\/\/api.w.org\/{rel}","templated":true}]}}