{"id":22738,"date":"2014-09-20T22:16:07","date_gmt":"2014-09-21T01:16:07","guid":{"rendered":"http:\/\/www.notibras.com\/site\/?p=22738"},"modified":"2014-09-21T10:22:13","modified_gmt":"2014-09-21T13:22:13","slug":"internacional-desbanca-atletico-pr-na-arena-da-baixada","status":"publish","type":"post","link":"https:\/\/www.notibras.com\/site\/internacional-desbanca-atletico-pr-na-arena-da-baixada\/","title":{"rendered":"Internacional desbanca Atl\u00e9tico-PR na Arena da Baixada"},"content":{"rendered":"<p class=\"text\">Na partida de abertura da 23\u00aa rodada do Campeonato Brasileiro, o Internacional sofreu, mas conseguiu superar o\u00a0Atl\u00e9tico-PR, neste s\u00e1bado, na Arena da Baixada. Atrapalhados por uma forte chuva durante o primeiro tempo, as equipes pouco produziram e\u00a0a qualidade t\u00e9cnica do jogo foi melhorar apenas na segunda etapa. J\u00e1 no final, Rafael Moura, que come\u00e7ou no banco, entrou e marcou o gol da vit\u00f3ria por 1 a 0 sobre os paranaenses.<\/p>\n<p class=\"text\">O gol salvador, ali\u00e1s, tirou um peso das costas do atacante colorado. Muito criticado pela torcida ga\u00facha, Rafael Moura n\u00e3o sabia o que era balan\u00e7ar as redes no torneio nacional\u00a0desde a 13\u00aa rodada, quando o Inter bateu o Santos, no Beira-Rio, no\u00a0long\u00ednquo 3 de agosto de 2014.<\/p>\n<p class=\"text\">O resultado n\u00e3o s\u00f3 mant\u00e9m o Internacional na terceira posi\u00e7\u00e3o da competi\u00e7\u00e3o, com 41 pontos, como tamb\u00e9m faz o clube encostar no vice-l\u00edder S\u00e3o Paulo, que enfrenta o Corinthians neste domingo e possui apenas um ponto a mais que o time ga\u00facho. J\u00e1 a derrota faz o Atl\u00e9tico-PR se manter na parte de baixo da tabela, em 11\u00ba, com 29 pontos conquistados. O rev\u00e9s faz acender um sinal de alerta no clube, j\u00e1 que a equipe agora est\u00e1 mais pr\u00f3xima da zona de rebaixamento, do que da classifica\u00e7\u00e3o para a Copa Libertadores.<\/p>\n<p class=\"text\">Atrapalhados pela forte chuva que caiu na Arena da Baixada, Atl\u00e9tico-PR e Internacional n\u00e3o conseguiram criar muitas oportunidades ofensivas com a bola rolando. A drenagem do gramado n\u00e3o resistiu a intensidade da \u00e1gua e muitas po\u00e7as apareceram no campo, prejudicando o toque de bola das duas equipes.<\/p>\n<p class=\"text\">A melhor chance de gol da primeira etapa aconteceu justamente antes da chuva come\u00e7ar. Aos 9min, M\u00e1rio S\u00e9rgio avan\u00e7ou pela direita e cruzou para Douglas Coutinho bater rasteiro. Dida saiu bem e salvou o Inter. J\u00e1 os visitantes foram ter uma boa oportunidade apenas aos 28min. Ap\u00f3s a bola parar em uma po\u00e7a, Eduardo Sasha chutou forte e assustou o goleiro Weverton.<\/p>\n<p class=\"text\">Com uma tr\u00e9gua da chuva, e os 15 minutos do intervalo, o gramado melhorou e as equipes tiveram mais facilidade para jogar na etapa final. Com a bola rolando, o Atl\u00e9tico-PR foi superior.<\/p>\n<blockquote>\n<p class=\"text\">Logo aos 3min, Bady cobrou falta perigosa, no cantinho, e Dida espalmou para a lateral do campo. Aos 11min, mais uma chance dos donos da casa: Willian Rocha aplicou uma &#8220;caneta&#8221; em D&#8217;Alessandro e arriscou de fora da \u00e1rea. A bola saiu com efeito e quase surpreendeu Dida, que precisou mandar para a linha de fundo para salvar o Inter novamente.<\/p>\n<\/blockquote>\n<p class=\"text\">Os donos da casa at\u00e9 chegaram a balan\u00e7ar as redes, mas o lance foi corretamente anulado pela arbitragem. Willian Rocha cruzou e Douglas Coutinho usou a m\u00e3o para desviar para o gol.<\/p>\n<p class=\"text\">Sem poder ofensivo, Abel Braga arriscou uma mudan\u00e7a e teve sucesso. O t\u00e9cnico tirou Wellington Paulista e apostou na entrada de Rafael Moura. O atacante, que n\u00e3o marcava h\u00e1 nove rodadas, desencantou e deu a vit\u00f3ria ao clube ga\u00facho. \u00a0Aos 36min,\u00a0Valdivia, que acabara de entrar, recebeu\u00a0na \u00e1rea e bateu cruzado. Ap\u00f3s desvio, Rafael Moura precisou apenas completar para o fundo do gol.<\/p>\n<p class=\"text\">Na pr\u00f3xima rodada, o Internacional rebece o Crici\u00fama, quarta-feira (24), \u00e0s 19h30, no Beira-Rio, em Porto Alegre. J\u00e1 o Atl\u00e9tico-PR visita a Chapecoense, no mesmo dia, mas \u00e0s 21h, na Arena Cond\u00e1, em Santa Catarina.<\/p>\n","protected":false},"excerpt":{"rendered":"<p>Na partida de abertura da 23\u00aa rodada do Campeonato Brasileiro, o Internacional sofreu, mas conseguiu superar o\u00a0Atl\u00e9tico-PR, neste s\u00e1bado, na Arena da Baixada. Atrapalhados por uma forte chuva durante o primeiro tempo, as equipes pouco produziram e\u00a0a qualidade t\u00e9cnica do jogo foi melhorar apenas na segunda etapa. J\u00e1 no final, Rafael Moura, que come\u00e7ou no [&hellip;]<\/p>\n","protected":false},"author":2,"featured_media":22739,"comment_status":"open","ping_status":"closed","sticky":false,"template":"","format":"standard","meta":{"_acf_changed":false,"footnotes":""},"categories":[19,29],"tags":[],"class_list":["post-22738","post","type-post","status-publish","format-standard","has-post-thumbnail","hentry","category-esportes","category-futebol"],"acf":[],"yoast_head":"<!-- This site is optimized with the Yoast SEO plugin v27.2 - https:\/\/yoast.com\/product\/yoast-seo-wordpress\/ -->\n<title>Internacional desbanca Atl\u00e9tico-PR na Arena da Baixada - Notibras<\/title>\n<meta name=\"robots\" content=\"index, follow, max-snippet:-1, max-image-preview:large, max-video-preview:-1\" \/>\n<link rel=\"canonical\" href=\"https:\/\/www.notibras.com\/site\/internacional-desbanca-atletico-pr-na-arena-da-baixada\/\" \/>\n<meta property=\"og:locale\" content=\"pt_BR\" \/>\n<meta property=\"og:type\" content=\"article\" \/>\n<meta property=\"og:title\" content=\"Internacional desbanca Atl\u00e9tico-PR na Arena da Baixada - Notibras\" \/>\n<meta property=\"og:description\" content=\"Na partida de abertura da 23\u00aa rodada do Campeonato Brasileiro, o Internacional sofreu, mas conseguiu superar o\u00a0Atl\u00e9tico-PR, neste s\u00e1bado, na Arena da Baixada. Atrapalhados por uma forte chuva durante o primeiro tempo, as equipes pouco produziram e\u00a0a qualidade t\u00e9cnica do jogo foi melhorar apenas na segunda etapa. J\u00e1 no final, Rafael Moura, que come\u00e7ou no [&hellip;]\" \/>\n<meta property=\"og:url\" content=\"https:\/\/www.notibras.com\/site\/internacional-desbanca-atletico-pr-na-arena-da-baixada\/\" \/>\n<meta property=\"og:site_name\" content=\"Notibras\" \/>\n<meta property=\"article:publisher\" content=\"https:\/\/www.facebook.com\/notibras\/\" \/>\n<meta property=\"article:published_time\" content=\"2014-09-21T01:16:07+00:00\" \/>\n<meta property=\"article:modified_time\" content=\"2014-09-21T13:22:13+00:00\" \/>\n<meta property=\"og:image\" content=\"https:\/\/www.notibras.com\/site\/wp-content\/uploads\/2014\/09\/badyaranguizatleticoprxinterheulerandreygetty.jpg\" \/>\n\t<meta property=\"og:image:width\" content=\"460\" \/>\n\t<meta property=\"og:image:height\" content=\"340\" \/>\n\t<meta property=\"og:image:type\" content=\"image\/jpeg\" \/>\n<meta name=\"author\" content=\"Reda\u00e7\u00e3o\" \/>\n<meta name=\"twitter:card\" content=\"summary_large_image\" \/>\n<meta name=\"twitter:creator\" content=\"@Notibras\" \/>\n<meta name=\"twitter:site\" content=\"@Notibras\" \/>\n<meta name=\"twitter:label1\" content=\"Escrito por\" \/>\n\t<meta name=\"twitter:data1\" content=\"Reda\u00e7\u00e3o\" \/>\n\t<meta name=\"twitter:label2\" content=\"Est. tempo de leitura\" \/>\n\t<meta name=\"twitter:data2\" content=\"3 minutos\" \/>\n<script type=\"application\/ld+json\" class=\"yoast-schema-graph\">{\"@context\":\"https:\/\/schema.org\",\"@graph\":[{\"@type\":\"Article\",\"@id\":\"https:\/\/www.notibras.com\/site\/internacional-desbanca-atletico-pr-na-arena-da-baixada\/#article\",\"isPartOf\":{\"@id\":\"https:\/\/www.notibras.com\/site\/internacional-desbanca-atletico-pr-na-arena-da-baixada\/\"},\"author\":{\"name\":\"Reda\u00e7\u00e3o\",\"@id\":\"https:\/\/www.notibras.com\/site\/#\/schema\/person\/36ab0979449956132d3e5b517ea76ac8\"},\"headline\":\"Internacional desbanca Atl\u00e9tico-PR na Arena da Baixada\",\"datePublished\":\"2014-09-21T01:16:07+00:00\",\"dateModified\":\"2014-09-21T13:22:13+00:00\",\"mainEntityOfPage\":{\"@id\":\"https:\/\/www.notibras.com\/site\/internacional-desbanca-atletico-pr-na-arena-da-baixada\/\"},\"wordCount\":589,\"commentCount\":0,\"publisher\":{\"@id\":\"https:\/\/www.notibras.com\/site\/#organization\"},\"image\":{\"@id\":\"https:\/\/www.notibras.com\/site\/internacional-desbanca-atletico-pr-na-arena-da-baixada\/#primaryimage\"},\"thumbnailUrl\":\"https:\/\/www.notibras.com\/site\/wp-content\/uploads\/2014\/09\/badyaranguizatleticoprxinterheulerandreygetty.jpg\",\"articleSection\":[\"Esportes\",\"Futebol\"],\"inLanguage\":\"pt-BR\",\"potentialAction\":[{\"@type\":\"CommentAction\",\"name\":\"Comment\",\"target\":[\"https:\/\/www.notibras.com\/site\/internacional-desbanca-atletico-pr-na-arena-da-baixada\/#respond\"]}]},{\"@type\":\"WebPage\",\"@id\":\"https:\/\/www.notibras.com\/site\/internacional-desbanca-atletico-pr-na-arena-da-baixada\/\",\"url\":\"https:\/\/www.notibras.com\/site\/internacional-desbanca-atletico-pr-na-arena-da-baixada\/\",\"name\":\"Internacional desbanca Atl\u00e9tico-PR na Arena da Baixada - Notibras\",\"isPartOf\":{\"@id\":\"https:\/\/www.notibras.com\/site\/#website\"},\"primaryImageOfPage\":{\"@id\":\"https:\/\/www.notibras.com\/site\/internacional-desbanca-atletico-pr-na-arena-da-baixada\/#primaryimage\"},\"image\":{\"@id\":\"https:\/\/www.notibras.com\/site\/internacional-desbanca-atletico-pr-na-arena-da-baixada\/#primaryimage\"},\"thumbnailUrl\":\"https:\/\/www.notibras.com\/site\/wp-content\/uploads\/2014\/09\/badyaranguizatleticoprxinterheulerandreygetty.jpg\",\"datePublished\":\"2014-09-21T01:16:07+00:00\",\"dateModified\":\"2014-09-21T13:22:13+00:00\",\"breadcrumb\":{\"@id\":\"https:\/\/www.notibras.com\/site\/internacional-desbanca-atletico-pr-na-arena-da-baixada\/#breadcrumb\"},\"inLanguage\":\"pt-BR\",\"potentialAction\":[{\"@type\":\"ReadAction\",\"target\":[\"https:\/\/www.notibras.com\/site\/internacional-desbanca-atletico-pr-na-arena-da-baixada\/\"]}]},{\"@type\":\"ImageObject\",\"inLanguage\":\"pt-BR\",\"@id\":\"https:\/\/www.notibras.com\/site\/internacional-desbanca-atletico-pr-na-arena-da-baixada\/#primaryimage\",\"url\":\"https:\/\/www.notibras.com\/site\/wp-content\/uploads\/2014\/09\/badyaranguizatleticoprxinterheulerandreygetty.jpg\",\"contentUrl\":\"https:\/\/www.notibras.com\/site\/wp-content\/uploads\/2014\/09\/badyaranguizatleticoprxinterheulerandreygetty.jpg\",\"width\":460,\"height\":340},{\"@type\":\"BreadcrumbList\",\"@id\":\"https:\/\/www.notibras.com\/site\/internacional-desbanca-atletico-pr-na-arena-da-baixada\/#breadcrumb\",\"itemListElement\":[{\"@type\":\"ListItem\",\"position\":1,\"name\":\"In\u00edcio\",\"item\":\"https:\/\/www.notibras.com\/site\/\"},{\"@type\":\"ListItem\",\"position\":2,\"name\":\"Internacional desbanca Atl\u00e9tico-PR na Arena da Baixada\"}]},{\"@type\":\"WebSite\",\"@id\":\"https:\/\/www.notibras.com\/site\/#website\",\"url\":\"https:\/\/www.notibras.com\/site\/\",\"name\":\"Notibras\",\"description\":\"Not\u00edcias de Bras\u00edlia, do Brasil e do Mundo\",\"publisher\":{\"@id\":\"https:\/\/www.notibras.com\/site\/#organization\"},\"potentialAction\":[{\"@type\":\"SearchAction\",\"target\":{\"@type\":\"EntryPoint\",\"urlTemplate\":\"https:\/\/www.notibras.com\/site\/?s={search_term_string}\"},\"query-input\":{\"@type\":\"PropertyValueSpecification\",\"valueRequired\":true,\"valueName\":\"search_term_string\"}}],\"inLanguage\":\"pt-BR\"},{\"@type\":\"Organization\",\"@id\":\"https:\/\/www.notibras.com\/site\/#organization\",\"name\":\"Grupo Notibras de Comunica\u00e7\u00e3o\",\"url\":\"https:\/\/www.notibras.com\/site\/\",\"logo\":{\"@type\":\"ImageObject\",\"inLanguage\":\"pt-BR\",\"@id\":\"https:\/\/www.notibras.com\/site\/#\/schema\/logo\/image\/\",\"url\":\"https:\/\/www.notibras.com\/site\/wp-content\/uploads\/2023\/01\/notibras23.png\",\"contentUrl\":\"https:\/\/www.notibras.com\/site\/wp-content\/uploads\/2023\/01\/notibras23.png\",\"width\":350,\"height\":87,\"caption\":\"Grupo Notibras de Comunica\u00e7\u00e3o\"},\"image\":{\"@id\":\"https:\/\/www.notibras.com\/site\/#\/schema\/logo\/image\/\"},\"sameAs\":[\"https:\/\/www.facebook.com\/notibras\/\",\"https:\/\/x.com\/Notibras\",\"https:\/\/www.instagram.com\/notibras\/\"]},{\"@type\":\"Person\",\"@id\":\"https:\/\/www.notibras.com\/site\/#\/schema\/person\/36ab0979449956132d3e5b517ea76ac8\",\"name\":\"Reda\u00e7\u00e3o\",\"image\":{\"@type\":\"ImageObject\",\"inLanguage\":\"pt-BR\",\"@id\":\"https:\/\/secure.gravatar.com\/avatar\/e0a867bdedb85fd243eadf09663511f96fc81e0720a4a42581f334ad4303aa6b?s=96&d=mm&r=g\",\"url\":\"https:\/\/secure.gravatar.com\/avatar\/e0a867bdedb85fd243eadf09663511f96fc81e0720a4a42581f334ad4303aa6b?s=96&d=mm&r=g\",\"contentUrl\":\"https:\/\/secure.gravatar.com\/avatar\/e0a867bdedb85fd243eadf09663511f96fc81e0720a4a42581f334ad4303aa6b?s=96&d=mm&r=g\",\"caption\":\"Reda\u00e7\u00e3o\"}}]}<\/script>\n<!-- \/ Yoast SEO plugin. -->","yoast_head_json":{"title":"Internacional desbanca Atl\u00e9tico-PR na Arena da Baixada - Notibras","robots":{"index":"index","follow":"follow","max-snippet":"max-snippet:-1","max-image-preview":"max-image-preview:large","max-video-preview":"max-video-preview:-1"},"canonical":"https:\/\/www.notibras.com\/site\/internacional-desbanca-atletico-pr-na-arena-da-baixada\/","og_locale":"pt_BR","og_type":"article","og_title":"Internacional desbanca Atl\u00e9tico-PR na Arena da Baixada - Notibras","og_description":"Na partida de abertura da 23\u00aa rodada do Campeonato Brasileiro, o Internacional sofreu, mas conseguiu superar o\u00a0Atl\u00e9tico-PR, neste s\u00e1bado, na Arena da Baixada. Atrapalhados por uma forte chuva durante o primeiro tempo, as equipes pouco produziram e\u00a0a qualidade t\u00e9cnica do jogo foi melhorar apenas na segunda etapa. J\u00e1 no final, Rafael Moura, que come\u00e7ou no [&hellip;]","og_url":"https:\/\/www.notibras.com\/site\/internacional-desbanca-atletico-pr-na-arena-da-baixada\/","og_site_name":"Notibras","article_publisher":"https:\/\/www.facebook.com\/notibras\/","article_published_time":"2014-09-21T01:16:07+00:00","article_modified_time":"2014-09-21T13:22:13+00:00","og_image":[{"width":460,"height":340,"url":"https:\/\/www.notibras.com\/site\/wp-content\/uploads\/2014\/09\/badyaranguizatleticoprxinterheulerandreygetty.jpg","type":"image\/jpeg"}],"author":"Reda\u00e7\u00e3o","twitter_card":"summary_large_image","twitter_creator":"@Notibras","twitter_site":"@Notibras","twitter_misc":{"Escrito por":"Reda\u00e7\u00e3o","Est. tempo de leitura":"3 minutos"},"schema":{"@context":"https:\/\/schema.org","@graph":[{"@type":"Article","@id":"https:\/\/www.notibras.com\/site\/internacional-desbanca-atletico-pr-na-arena-da-baixada\/#article","isPartOf":{"@id":"https:\/\/www.notibras.com\/site\/internacional-desbanca-atletico-pr-na-arena-da-baixada\/"},"author":{"name":"Reda\u00e7\u00e3o","@id":"https:\/\/www.notibras.com\/site\/#\/schema\/person\/36ab0979449956132d3e5b517ea76ac8"},"headline":"Internacional desbanca Atl\u00e9tico-PR na Arena da Baixada","datePublished":"2014-09-21T01:16:07+00:00","dateModified":"2014-09-21T13:22:13+00:00","mainEntityOfPage":{"@id":"https:\/\/www.notibras.com\/site\/internacional-desbanca-atletico-pr-na-arena-da-baixada\/"},"wordCount":589,"commentCount":0,"publisher":{"@id":"https:\/\/www.notibras.com\/site\/#organization"},"image":{"@id":"https:\/\/www.notibras.com\/site\/internacional-desbanca-atletico-pr-na-arena-da-baixada\/#primaryimage"},"thumbnailUrl":"https:\/\/www.notibras.com\/site\/wp-content\/uploads\/2014\/09\/badyaranguizatleticoprxinterheulerandreygetty.jpg","articleSection":["Esportes","Futebol"],"inLanguage":"pt-BR","potentialAction":[{"@type":"CommentAction","name":"Comment","target":["https:\/\/www.notibras.com\/site\/internacional-desbanca-atletico-pr-na-arena-da-baixada\/#respond"]}]},{"@type":"WebPage","@id":"https:\/\/www.notibras.com\/site\/internacional-desbanca-atletico-pr-na-arena-da-baixada\/","url":"https:\/\/www.notibras.com\/site\/internacional-desbanca-atletico-pr-na-arena-da-baixada\/","name":"Internacional desbanca Atl\u00e9tico-PR na Arena da Baixada - Notibras","isPartOf":{"@id":"https:\/\/www.notibras.com\/site\/#website"},"primaryImageOfPage":{"@id":"https:\/\/www.notibras.com\/site\/internacional-desbanca-atletico-pr-na-arena-da-baixada\/#primaryimage"},"image":{"@id":"https:\/\/www.notibras.com\/site\/internacional-desbanca-atletico-pr-na-arena-da-baixada\/#primaryimage"},"thumbnailUrl":"https:\/\/www.notibras.com\/site\/wp-content\/uploads\/2014\/09\/badyaranguizatleticoprxinterheulerandreygetty.jpg","datePublished":"2014-09-21T01:16:07+00:00","dateModified":"2014-09-21T13:22:13+00:00","breadcrumb":{"@id":"https:\/\/www.notibras.com\/site\/internacional-desbanca-atletico-pr-na-arena-da-baixada\/#breadcrumb"},"inLanguage":"pt-BR","potentialAction":[{"@type":"ReadAction","target":["https:\/\/www.notibras.com\/site\/internacional-desbanca-atletico-pr-na-arena-da-baixada\/"]}]},{"@type":"ImageObject","inLanguage":"pt-BR","@id":"https:\/\/www.notibras.com\/site\/internacional-desbanca-atletico-pr-na-arena-da-baixada\/#primaryimage","url":"https:\/\/www.notibras.com\/site\/wp-content\/uploads\/2014\/09\/badyaranguizatleticoprxinterheulerandreygetty.jpg","contentUrl":"https:\/\/www.notibras.com\/site\/wp-content\/uploads\/2014\/09\/badyaranguizatleticoprxinterheulerandreygetty.jpg","width":460,"height":340},{"@type":"BreadcrumbList","@id":"https:\/\/www.notibras.com\/site\/internacional-desbanca-atletico-pr-na-arena-da-baixada\/#breadcrumb","itemListElement":[{"@type":"ListItem","position":1,"name":"In\u00edcio","item":"https:\/\/www.notibras.com\/site\/"},{"@type":"ListItem","position":2,"name":"Internacional desbanca Atl\u00e9tico-PR na Arena da Baixada"}]},{"@type":"WebSite","@id":"https:\/\/www.notibras.com\/site\/#website","url":"https:\/\/www.notibras.com\/site\/","name":"Notibras","description":"Not\u00edcias de Bras\u00edlia, do Brasil e do Mundo","publisher":{"@id":"https:\/\/www.notibras.com\/site\/#organization"},"potentialAction":[{"@type":"SearchAction","target":{"@type":"EntryPoint","urlTemplate":"https:\/\/www.notibras.com\/site\/?s={search_term_string}"},"query-input":{"@type":"PropertyValueSpecification","valueRequired":true,"valueName":"search_term_string"}}],"inLanguage":"pt-BR"},{"@type":"Organization","@id":"https:\/\/www.notibras.com\/site\/#organization","name":"Grupo Notibras de Comunica\u00e7\u00e3o","url":"https:\/\/www.notibras.com\/site\/","logo":{"@type":"ImageObject","inLanguage":"pt-BR","@id":"https:\/\/www.notibras.com\/site\/#\/schema\/logo\/image\/","url":"https:\/\/www.notibras.com\/site\/wp-content\/uploads\/2023\/01\/notibras23.png","contentUrl":"https:\/\/www.notibras.com\/site\/wp-content\/uploads\/2023\/01\/notibras23.png","width":350,"height":87,"caption":"Grupo Notibras de Comunica\u00e7\u00e3o"},"image":{"@id":"https:\/\/www.notibras.com\/site\/#\/schema\/logo\/image\/"},"sameAs":["https:\/\/www.facebook.com\/notibras\/","https:\/\/x.com\/Notibras","https:\/\/www.instagram.com\/notibras\/"]},{"@type":"Person","@id":"https:\/\/www.notibras.com\/site\/#\/schema\/person\/36ab0979449956132d3e5b517ea76ac8","name":"Reda\u00e7\u00e3o","image":{"@type":"ImageObject","inLanguage":"pt-BR","@id":"https:\/\/secure.gravatar.com\/avatar\/e0a867bdedb85fd243eadf09663511f96fc81e0720a4a42581f334ad4303aa6b?s=96&d=mm&r=g","url":"https:\/\/secure.gravatar.com\/avatar\/e0a867bdedb85fd243eadf09663511f96fc81e0720a4a42581f334ad4303aa6b?s=96&d=mm&r=g","contentUrl":"https:\/\/secure.gravatar.com\/avatar\/e0a867bdedb85fd243eadf09663511f96fc81e0720a4a42581f334ad4303aa6b?s=96&d=mm&r=g","caption":"Reda\u00e7\u00e3o"}}]}},"amp_enabled":true,"_links":{"self":[{"href":"https:\/\/www.notibras.com\/site\/wp-json\/wp\/v2\/posts\/22738","targetHints":{"allow":["GET"]}}],"collection":[{"href":"https:\/\/www.notibras.com\/site\/wp-json\/wp\/v2\/posts"}],"about":[{"href":"https:\/\/www.notibras.com\/site\/wp-json\/wp\/v2\/types\/post"}],"author":[{"embeddable":true,"href":"https:\/\/www.notibras.com\/site\/wp-json\/wp\/v2\/users\/2"}],"replies":[{"embeddable":true,"href":"https:\/\/www.notibras.com\/site\/wp-json\/wp\/v2\/comments?post=22738"}],"version-history":[{"count":0,"href":"https:\/\/www.notibras.com\/site\/wp-json\/wp\/v2\/posts\/22738\/revisions"}],"wp:featuredmedia":[{"embeddable":true,"href":"https:\/\/www.notibras.com\/site\/wp-json\/wp\/v2\/media\/22739"}],"wp:attachment":[{"href":"https:\/\/www.notibras.com\/site\/wp-json\/wp\/v2\/media?parent=22738"}],"wp:term":[{"taxonomy":"category","embeddable":true,"href":"https:\/\/www.notibras.com\/site\/wp-json\/wp\/v2\/categories?post=22738"},{"taxonomy":"post_tag","embeddable":true,"href":"https:\/\/www.notibras.com\/site\/wp-json\/wp\/v2\/tags?post=22738"}],"curies":[{"name":"wp","href":"https:\/\/api.w.org\/{rel}","templated":true}]}}