{"id":22741,"date":"2014-09-20T22:23:00","date_gmt":"2014-09-21T01:23:00","guid":{"rendered":"http:\/\/www.notibras.com\/site\/?p=22741"},"modified":"2014-09-21T10:28:07","modified_gmt":"2014-09-21T13:28:07","slug":"criciuma-e-botafogo-empatam-em-1-a-1-no-jogo-dos-desesperados","status":"publish","type":"post","link":"https:\/\/www.notibras.com\/site\/criciuma-e-botafogo-empatam-em-1-a-1-no-jogo-dos-desesperados\/","title":{"rendered":"Crici\u00fama e Botafogo empatam em 1&#215;1 no jogo dos desesperados"},"content":{"rendered":"<p class=\"text\">Crici\u00fama e Botafogo fizeram o chamado &#8220;jogo de seis pontos&#8221;, neste s\u00e1bado, no Heriberto H\u00fclse, em Santa Catarina,\u00a0pela 23\u00aa rodada do Campeonato Brasileiro. A vit\u00f3ria\u00a0que,\u00a0al\u00e9m de fundamental\u00a0no confronto direto na luta contra o rebaixamento, tiraria o vencedor da degola, n\u00e3o aconteceu. As equipes lutaram, mas, com um p\u00eanalti para cada lado, cariocas e catarinense apenas empataram por 1 a 1 e seguem em situa\u00e7\u00e3o delicada no torneio. Zeballos, no primeiro tempo, e Paulo Baier, no segundo, foram os autores dos gols.<\/p>\n<p class=\"text\">A partida come\u00e7ou com os donos da casa na pen\u00faltima coloca\u00e7\u00e3o, com 22 pontos, mesma pontua\u00e7\u00e3o dos cariocas, que apareciam em 17\u00ba por conta de uma vit\u00f3ria a mais na competi\u00e7\u00e3o. Com o empate,\u00a0o Botafogo chegou aos 23 pontos e assumiu a 15\u00aa posi\u00e7\u00e3o, fora da zona da degola, deixando Bahia e Coritiba para tr\u00e1s no crit\u00e9rio de desempate. Por\u00e9m, os advers\u00e1rios jogam neste domingo, e podem recolocar o clube carioca na zona de rebaixamento. J\u00e1 o Crici\u00fama, que est\u00e1 com a mesma pontua\u00e7\u00e3o, sobe para 18\u00ba e passa o Palmeiras, que tamb\u00e9m entra em campo neste domingo e possui 22 pontos.<\/p>\n<p class=\"text\">A grande dificuldade para Vagner Mancini foi a forma de armar o Botafogo para o confronto deste s\u00e1bado. Sem cinco jogadores importantes, Emerson Sheik, Ram\u00edrez e Julio Cesar\u00a0foram expulsos contra o Bahia, e Bol\u00edvar e Gabriel receberam o terceiro cart\u00e3o amarelo, o t\u00e9cnico escalou uma equipe mais defensiva, com tr\u00eas volantes, e apostou nos contra-ataques. O esquema at\u00e9 funcionou na etapa inicial, mas n\u00e3o suportou a partida inteira.<\/p>\n<p class=\"text\">O primeiro tempo foi bem movimentado\u00a0no Heriberto H\u00fcllse. Precisando de uma vit\u00f3ria para sair da zona de rebaixamento,\u00a0o Crici\u00fama decidiu partir para o ataque e foi superior na etapa inicial. Com mais atitude e volume de jogo, os donos da casa pressionaram os cariocas, tiveram v\u00e1rias chances para abrir o placar, mas Z\u00e9 Carlos e Lucca\u00a0pararam em Jefferson, e Silvinho s\u00f3 acertou o travess\u00e3o.<\/p>\n<p class=\"text\">J\u00e1 o Botafogo, que jogava fechado, precisou de apenas um contra-ataque na medida para mudar a hist\u00f3ria do jogo. Aos 37min, ap\u00f3s cobran\u00e7a de escanteio do Crici\u00fama, Jefferson ficou com a bola e rep\u00f4s com velocidade para Wallyson. O atacante\u00a0atravessou todo o campo, invadiu a \u00e1rea e foi derrubado por Jo\u00e3o Vitor. Na cobran\u00e7a, Zeballos chutou forte, converteu a penalidade e abriu o placar para a equipe alvinegra.<\/p>\n<blockquote>\n<p class=\"text\">Se com o empate, que n\u00e3o melhorava sua situa\u00e7\u00e3o, o Botafogo j\u00e1 estava fechado no campo de defesa, com o 1 a 0 no placar, a retranca s\u00f3 aumentou na etapa final. J\u00e1 os donos da casa manteram\u00a0a mesma postura, ou at\u00e9 mais ofensiva. Na volta do intervalo, o t\u00e9cnico\u00a0Gilmar Dal Pozzo colocou\u00a0Bruno Cortez no lugar de Giovanni, apostando nas subidas do lateral pela esquerda.<\/p>\n<\/blockquote>\n<p class=\"text\">Foi em um dos ataques pelo lado esquerdo que nasceu a jogada de empate do Crici\u00fama. Aos 20min,\u00a0Lucca dividiu\u00a0com Sidney na grande \u00e1rea e caiu. O \u00e1rbitro assinalou p\u00eanalti. Na cobran\u00e7a, Paulo Baier converteu e igualou o marcador.<\/p>\n<p class=\"text\">Paulo Baier, que entrou na partida aos 16min do segundo tempo, ainda faria mais um, mas mal anulado pela arbitragem. Aos 27min, o meia recebeu sozinho na \u00e1rea e\u00a0balan\u00e7ou as redes. Andr\u00e9 Bahia dava condi\u00e7\u00f5es ao jogador, mas o bandeirinha n\u00e3o viu e acabou erguendo a bandeira, marcando impedimento. Os donos da casa ainda pressionaram o Botafogo, mas n\u00e3o alcan\u00e7aram o gol da virada.<\/p>\n<p class=\"text\">Na pr\u00f3xima rodada, o Botafogo recebe o Goi\u00e1s, quinta-feira (25), \u00e0s 19h30, no Maracan\u00e3. J\u00e1 o Crici\u00fama visita o Internacional, quarta-feira (24), no mesmo hor\u00e1rio, no Beira-Rio, em Porto Alegre.<\/p>\n","protected":false},"excerpt":{"rendered":"<p>Crici\u00fama e Botafogo fizeram o chamado &#8220;jogo de seis pontos&#8221;, neste s\u00e1bado, no Heriberto H\u00fclse, em Santa Catarina,\u00a0pela 23\u00aa rodada do Campeonato Brasileiro. A vit\u00f3ria\u00a0que,\u00a0al\u00e9m de fundamental\u00a0no confronto direto na luta contra o rebaixamento, tiraria o vencedor da degola, n\u00e3o aconteceu. As equipes lutaram, mas, com um p\u00eanalti para cada lado, cariocas e catarinense apenas [&hellip;]<\/p>\n","protected":false},"author":2,"featured_media":22742,"comment_status":"open","ping_status":"closed","sticky":false,"template":"","format":"standard","meta":{"_acf_changed":false,"footnotes":""},"categories":[19,29],"tags":[],"class_list":["post-22741","post","type-post","status-publish","format-standard","has-post-thumbnail","hentry","category-esportes","category-futebol"],"acf":[],"yoast_head":"<!-- This site is optimized with the Yoast SEO plugin v27.2 - https:\/\/yoast.com\/product\/yoast-seo-wordpress\/ -->\n<title>Crici\u00fama e Botafogo empatam em 1x1 no jogo dos desesperados - Notibras<\/title>\n<meta name=\"robots\" content=\"index, follow, max-snippet:-1, max-image-preview:large, max-video-preview:-1\" \/>\n<link rel=\"canonical\" href=\"https:\/\/www.notibras.com\/site\/criciuma-e-botafogo-empatam-em-1-a-1-no-jogo-dos-desesperados\/\" \/>\n<meta property=\"og:locale\" content=\"pt_BR\" \/>\n<meta property=\"og:type\" content=\"article\" \/>\n<meta property=\"og:title\" content=\"Crici\u00fama e Botafogo empatam em 1x1 no jogo dos desesperados - Notibras\" \/>\n<meta property=\"og:description\" content=\"Crici\u00fama e Botafogo fizeram o chamado &#8220;jogo de seis pontos&#8221;, neste s\u00e1bado, no Heriberto H\u00fclse, em Santa Catarina,\u00a0pela 23\u00aa rodada do Campeonato Brasileiro. A vit\u00f3ria\u00a0que,\u00a0al\u00e9m de fundamental\u00a0no confronto direto na luta contra o rebaixamento, tiraria o vencedor da degola, n\u00e3o aconteceu. As equipes lutaram, mas, com um p\u00eanalti para cada lado, cariocas e catarinense apenas [&hellip;]\" \/>\n<meta property=\"og:url\" content=\"https:\/\/www.notibras.com\/site\/criciuma-e-botafogo-empatam-em-1-a-1-no-jogo-dos-desesperados\/\" \/>\n<meta property=\"og:site_name\" content=\"Notibras\" \/>\n<meta property=\"article:publisher\" content=\"https:\/\/www.facebook.com\/notibras\/\" \/>\n<meta property=\"article:published_time\" content=\"2014-09-21T01:23:00+00:00\" \/>\n<meta property=\"article:modified_time\" content=\"2014-09-21T13:28:07+00:00\" \/>\n<meta property=\"og:image\" content=\"https:\/\/www.notibras.com\/site\/wp-content\/uploads\/2014\/09\/bopta.jpg\" \/>\n\t<meta property=\"og:image:width\" content=\"460\" \/>\n\t<meta property=\"og:image:height\" content=\"340\" \/>\n\t<meta property=\"og:image:type\" content=\"image\/jpeg\" \/>\n<meta name=\"author\" content=\"Reda\u00e7\u00e3o\" \/>\n<meta name=\"twitter:card\" content=\"summary_large_image\" \/>\n<meta name=\"twitter:creator\" content=\"@Notibras\" \/>\n<meta name=\"twitter:site\" content=\"@Notibras\" \/>\n<meta name=\"twitter:label1\" content=\"Escrito por\" \/>\n\t<meta name=\"twitter:data1\" content=\"Reda\u00e7\u00e3o\" \/>\n\t<meta name=\"twitter:label2\" content=\"Est. tempo de leitura\" \/>\n\t<meta name=\"twitter:data2\" content=\"3 minutos\" \/>\n<script type=\"application\/ld+json\" class=\"yoast-schema-graph\">{\"@context\":\"https:\/\/schema.org\",\"@graph\":[{\"@type\":\"Article\",\"@id\":\"https:\/\/www.notibras.com\/site\/criciuma-e-botafogo-empatam-em-1-a-1-no-jogo-dos-desesperados\/#article\",\"isPartOf\":{\"@id\":\"https:\/\/www.notibras.com\/site\/criciuma-e-botafogo-empatam-em-1-a-1-no-jogo-dos-desesperados\/\"},\"author\":{\"name\":\"Reda\u00e7\u00e3o\",\"@id\":\"https:\/\/www.notibras.com\/site\/#\/schema\/person\/36ab0979449956132d3e5b517ea76ac8\"},\"headline\":\"Crici\u00fama e Botafogo empatam em 1&#215;1 no jogo dos desesperados\",\"datePublished\":\"2014-09-21T01:23:00+00:00\",\"dateModified\":\"2014-09-21T13:28:07+00:00\",\"mainEntityOfPage\":{\"@id\":\"https:\/\/www.notibras.com\/site\/criciuma-e-botafogo-empatam-em-1-a-1-no-jogo-dos-desesperados\/\"},\"wordCount\":650,\"commentCount\":0,\"publisher\":{\"@id\":\"https:\/\/www.notibras.com\/site\/#organization\"},\"image\":{\"@id\":\"https:\/\/www.notibras.com\/site\/criciuma-e-botafogo-empatam-em-1-a-1-no-jogo-dos-desesperados\/#primaryimage\"},\"thumbnailUrl\":\"https:\/\/www.notibras.com\/site\/wp-content\/uploads\/2014\/09\/bopta.jpg\",\"articleSection\":[\"Esportes\",\"Futebol\"],\"inLanguage\":\"pt-BR\",\"potentialAction\":[{\"@type\":\"CommentAction\",\"name\":\"Comment\",\"target\":[\"https:\/\/www.notibras.com\/site\/criciuma-e-botafogo-empatam-em-1-a-1-no-jogo-dos-desesperados\/#respond\"]}]},{\"@type\":\"WebPage\",\"@id\":\"https:\/\/www.notibras.com\/site\/criciuma-e-botafogo-empatam-em-1-a-1-no-jogo-dos-desesperados\/\",\"url\":\"https:\/\/www.notibras.com\/site\/criciuma-e-botafogo-empatam-em-1-a-1-no-jogo-dos-desesperados\/\",\"name\":\"Crici\u00fama e Botafogo empatam em 1x1 no jogo dos desesperados - Notibras\",\"isPartOf\":{\"@id\":\"https:\/\/www.notibras.com\/site\/#website\"},\"primaryImageOfPage\":{\"@id\":\"https:\/\/www.notibras.com\/site\/criciuma-e-botafogo-empatam-em-1-a-1-no-jogo-dos-desesperados\/#primaryimage\"},\"image\":{\"@id\":\"https:\/\/www.notibras.com\/site\/criciuma-e-botafogo-empatam-em-1-a-1-no-jogo-dos-desesperados\/#primaryimage\"},\"thumbnailUrl\":\"https:\/\/www.notibras.com\/site\/wp-content\/uploads\/2014\/09\/bopta.jpg\",\"datePublished\":\"2014-09-21T01:23:00+00:00\",\"dateModified\":\"2014-09-21T13:28:07+00:00\",\"breadcrumb\":{\"@id\":\"https:\/\/www.notibras.com\/site\/criciuma-e-botafogo-empatam-em-1-a-1-no-jogo-dos-desesperados\/#breadcrumb\"},\"inLanguage\":\"pt-BR\",\"potentialAction\":[{\"@type\":\"ReadAction\",\"target\":[\"https:\/\/www.notibras.com\/site\/criciuma-e-botafogo-empatam-em-1-a-1-no-jogo-dos-desesperados\/\"]}]},{\"@type\":\"ImageObject\",\"inLanguage\":\"pt-BR\",\"@id\":\"https:\/\/www.notibras.com\/site\/criciuma-e-botafogo-empatam-em-1-a-1-no-jogo-dos-desesperados\/#primaryimage\",\"url\":\"https:\/\/www.notibras.com\/site\/wp-content\/uploads\/2014\/09\/bopta.jpg\",\"contentUrl\":\"https:\/\/www.notibras.com\/site\/wp-content\/uploads\/2014\/09\/bopta.jpg\",\"width\":460,\"height\":340},{\"@type\":\"BreadcrumbList\",\"@id\":\"https:\/\/www.notibras.com\/site\/criciuma-e-botafogo-empatam-em-1-a-1-no-jogo-dos-desesperados\/#breadcrumb\",\"itemListElement\":[{\"@type\":\"ListItem\",\"position\":1,\"name\":\"In\u00edcio\",\"item\":\"https:\/\/www.notibras.com\/site\/\"},{\"@type\":\"ListItem\",\"position\":2,\"name\":\"Crici\u00fama e Botafogo empatam em 1&#215;1 no jogo dos desesperados\"}]},{\"@type\":\"WebSite\",\"@id\":\"https:\/\/www.notibras.com\/site\/#website\",\"url\":\"https:\/\/www.notibras.com\/site\/\",\"name\":\"Notibras\",\"description\":\"Not\u00edcias de Bras\u00edlia, do Brasil e do Mundo\",\"publisher\":{\"@id\":\"https:\/\/www.notibras.com\/site\/#organization\"},\"potentialAction\":[{\"@type\":\"SearchAction\",\"target\":{\"@type\":\"EntryPoint\",\"urlTemplate\":\"https:\/\/www.notibras.com\/site\/?s={search_term_string}\"},\"query-input\":{\"@type\":\"PropertyValueSpecification\",\"valueRequired\":true,\"valueName\":\"search_term_string\"}}],\"inLanguage\":\"pt-BR\"},{\"@type\":\"Organization\",\"@id\":\"https:\/\/www.notibras.com\/site\/#organization\",\"name\":\"Grupo Notibras de Comunica\u00e7\u00e3o\",\"url\":\"https:\/\/www.notibras.com\/site\/\",\"logo\":{\"@type\":\"ImageObject\",\"inLanguage\":\"pt-BR\",\"@id\":\"https:\/\/www.notibras.com\/site\/#\/schema\/logo\/image\/\",\"url\":\"https:\/\/www.notibras.com\/site\/wp-content\/uploads\/2023\/01\/notibras23.png\",\"contentUrl\":\"https:\/\/www.notibras.com\/site\/wp-content\/uploads\/2023\/01\/notibras23.png\",\"width\":350,\"height\":87,\"caption\":\"Grupo Notibras de Comunica\u00e7\u00e3o\"},\"image\":{\"@id\":\"https:\/\/www.notibras.com\/site\/#\/schema\/logo\/image\/\"},\"sameAs\":[\"https:\/\/www.facebook.com\/notibras\/\",\"https:\/\/x.com\/Notibras\",\"https:\/\/www.instagram.com\/notibras\/\"]},{\"@type\":\"Person\",\"@id\":\"https:\/\/www.notibras.com\/site\/#\/schema\/person\/36ab0979449956132d3e5b517ea76ac8\",\"name\":\"Reda\u00e7\u00e3o\",\"image\":{\"@type\":\"ImageObject\",\"inLanguage\":\"pt-BR\",\"@id\":\"https:\/\/secure.gravatar.com\/avatar\/e0a867bdedb85fd243eadf09663511f96fc81e0720a4a42581f334ad4303aa6b?s=96&d=mm&r=g\",\"url\":\"https:\/\/secure.gravatar.com\/avatar\/e0a867bdedb85fd243eadf09663511f96fc81e0720a4a42581f334ad4303aa6b?s=96&d=mm&r=g\",\"contentUrl\":\"https:\/\/secure.gravatar.com\/avatar\/e0a867bdedb85fd243eadf09663511f96fc81e0720a4a42581f334ad4303aa6b?s=96&d=mm&r=g\",\"caption\":\"Reda\u00e7\u00e3o\"}}]}<\/script>\n<!-- \/ Yoast SEO plugin. -->","yoast_head_json":{"title":"Crici\u00fama e Botafogo empatam em 1x1 no jogo dos desesperados - Notibras","robots":{"index":"index","follow":"follow","max-snippet":"max-snippet:-1","max-image-preview":"max-image-preview:large","max-video-preview":"max-video-preview:-1"},"canonical":"https:\/\/www.notibras.com\/site\/criciuma-e-botafogo-empatam-em-1-a-1-no-jogo-dos-desesperados\/","og_locale":"pt_BR","og_type":"article","og_title":"Crici\u00fama e Botafogo empatam em 1x1 no jogo dos desesperados - Notibras","og_description":"Crici\u00fama e Botafogo fizeram o chamado &#8220;jogo de seis pontos&#8221;, neste s\u00e1bado, no Heriberto H\u00fclse, em Santa Catarina,\u00a0pela 23\u00aa rodada do Campeonato Brasileiro. A vit\u00f3ria\u00a0que,\u00a0al\u00e9m de fundamental\u00a0no confronto direto na luta contra o rebaixamento, tiraria o vencedor da degola, n\u00e3o aconteceu. As equipes lutaram, mas, com um p\u00eanalti para cada lado, cariocas e catarinense apenas [&hellip;]","og_url":"https:\/\/www.notibras.com\/site\/criciuma-e-botafogo-empatam-em-1-a-1-no-jogo-dos-desesperados\/","og_site_name":"Notibras","article_publisher":"https:\/\/www.facebook.com\/notibras\/","article_published_time":"2014-09-21T01:23:00+00:00","article_modified_time":"2014-09-21T13:28:07+00:00","og_image":[{"width":460,"height":340,"url":"https:\/\/www.notibras.com\/site\/wp-content\/uploads\/2014\/09\/bopta.jpg","type":"image\/jpeg"}],"author":"Reda\u00e7\u00e3o","twitter_card":"summary_large_image","twitter_creator":"@Notibras","twitter_site":"@Notibras","twitter_misc":{"Escrito por":"Reda\u00e7\u00e3o","Est. tempo de leitura":"3 minutos"},"schema":{"@context":"https:\/\/schema.org","@graph":[{"@type":"Article","@id":"https:\/\/www.notibras.com\/site\/criciuma-e-botafogo-empatam-em-1-a-1-no-jogo-dos-desesperados\/#article","isPartOf":{"@id":"https:\/\/www.notibras.com\/site\/criciuma-e-botafogo-empatam-em-1-a-1-no-jogo-dos-desesperados\/"},"author":{"name":"Reda\u00e7\u00e3o","@id":"https:\/\/www.notibras.com\/site\/#\/schema\/person\/36ab0979449956132d3e5b517ea76ac8"},"headline":"Crici\u00fama e Botafogo empatam em 1&#215;1 no jogo dos desesperados","datePublished":"2014-09-21T01:23:00+00:00","dateModified":"2014-09-21T13:28:07+00:00","mainEntityOfPage":{"@id":"https:\/\/www.notibras.com\/site\/criciuma-e-botafogo-empatam-em-1-a-1-no-jogo-dos-desesperados\/"},"wordCount":650,"commentCount":0,"publisher":{"@id":"https:\/\/www.notibras.com\/site\/#organization"},"image":{"@id":"https:\/\/www.notibras.com\/site\/criciuma-e-botafogo-empatam-em-1-a-1-no-jogo-dos-desesperados\/#primaryimage"},"thumbnailUrl":"https:\/\/www.notibras.com\/site\/wp-content\/uploads\/2014\/09\/bopta.jpg","articleSection":["Esportes","Futebol"],"inLanguage":"pt-BR","potentialAction":[{"@type":"CommentAction","name":"Comment","target":["https:\/\/www.notibras.com\/site\/criciuma-e-botafogo-empatam-em-1-a-1-no-jogo-dos-desesperados\/#respond"]}]},{"@type":"WebPage","@id":"https:\/\/www.notibras.com\/site\/criciuma-e-botafogo-empatam-em-1-a-1-no-jogo-dos-desesperados\/","url":"https:\/\/www.notibras.com\/site\/criciuma-e-botafogo-empatam-em-1-a-1-no-jogo-dos-desesperados\/","name":"Crici\u00fama e Botafogo empatam em 1x1 no jogo dos desesperados - Notibras","isPartOf":{"@id":"https:\/\/www.notibras.com\/site\/#website"},"primaryImageOfPage":{"@id":"https:\/\/www.notibras.com\/site\/criciuma-e-botafogo-empatam-em-1-a-1-no-jogo-dos-desesperados\/#primaryimage"},"image":{"@id":"https:\/\/www.notibras.com\/site\/criciuma-e-botafogo-empatam-em-1-a-1-no-jogo-dos-desesperados\/#primaryimage"},"thumbnailUrl":"https:\/\/www.notibras.com\/site\/wp-content\/uploads\/2014\/09\/bopta.jpg","datePublished":"2014-09-21T01:23:00+00:00","dateModified":"2014-09-21T13:28:07+00:00","breadcrumb":{"@id":"https:\/\/www.notibras.com\/site\/criciuma-e-botafogo-empatam-em-1-a-1-no-jogo-dos-desesperados\/#breadcrumb"},"inLanguage":"pt-BR","potentialAction":[{"@type":"ReadAction","target":["https:\/\/www.notibras.com\/site\/criciuma-e-botafogo-empatam-em-1-a-1-no-jogo-dos-desesperados\/"]}]},{"@type":"ImageObject","inLanguage":"pt-BR","@id":"https:\/\/www.notibras.com\/site\/criciuma-e-botafogo-empatam-em-1-a-1-no-jogo-dos-desesperados\/#primaryimage","url":"https:\/\/www.notibras.com\/site\/wp-content\/uploads\/2014\/09\/bopta.jpg","contentUrl":"https:\/\/www.notibras.com\/site\/wp-content\/uploads\/2014\/09\/bopta.jpg","width":460,"height":340},{"@type":"BreadcrumbList","@id":"https:\/\/www.notibras.com\/site\/criciuma-e-botafogo-empatam-em-1-a-1-no-jogo-dos-desesperados\/#breadcrumb","itemListElement":[{"@type":"ListItem","position":1,"name":"In\u00edcio","item":"https:\/\/www.notibras.com\/site\/"},{"@type":"ListItem","position":2,"name":"Crici\u00fama e Botafogo empatam em 1&#215;1 no jogo dos desesperados"}]},{"@type":"WebSite","@id":"https:\/\/www.notibras.com\/site\/#website","url":"https:\/\/www.notibras.com\/site\/","name":"Notibras","description":"Not\u00edcias de Bras\u00edlia, do Brasil e do Mundo","publisher":{"@id":"https:\/\/www.notibras.com\/site\/#organization"},"potentialAction":[{"@type":"SearchAction","target":{"@type":"EntryPoint","urlTemplate":"https:\/\/www.notibras.com\/site\/?s={search_term_string}"},"query-input":{"@type":"PropertyValueSpecification","valueRequired":true,"valueName":"search_term_string"}}],"inLanguage":"pt-BR"},{"@type":"Organization","@id":"https:\/\/www.notibras.com\/site\/#organization","name":"Grupo Notibras de Comunica\u00e7\u00e3o","url":"https:\/\/www.notibras.com\/site\/","logo":{"@type":"ImageObject","inLanguage":"pt-BR","@id":"https:\/\/www.notibras.com\/site\/#\/schema\/logo\/image\/","url":"https:\/\/www.notibras.com\/site\/wp-content\/uploads\/2023\/01\/notibras23.png","contentUrl":"https:\/\/www.notibras.com\/site\/wp-content\/uploads\/2023\/01\/notibras23.png","width":350,"height":87,"caption":"Grupo Notibras de Comunica\u00e7\u00e3o"},"image":{"@id":"https:\/\/www.notibras.com\/site\/#\/schema\/logo\/image\/"},"sameAs":["https:\/\/www.facebook.com\/notibras\/","https:\/\/x.com\/Notibras","https:\/\/www.instagram.com\/notibras\/"]},{"@type":"Person","@id":"https:\/\/www.notibras.com\/site\/#\/schema\/person\/36ab0979449956132d3e5b517ea76ac8","name":"Reda\u00e7\u00e3o","image":{"@type":"ImageObject","inLanguage":"pt-BR","@id":"https:\/\/secure.gravatar.com\/avatar\/e0a867bdedb85fd243eadf09663511f96fc81e0720a4a42581f334ad4303aa6b?s=96&d=mm&r=g","url":"https:\/\/secure.gravatar.com\/avatar\/e0a867bdedb85fd243eadf09663511f96fc81e0720a4a42581f334ad4303aa6b?s=96&d=mm&r=g","contentUrl":"https:\/\/secure.gravatar.com\/avatar\/e0a867bdedb85fd243eadf09663511f96fc81e0720a4a42581f334ad4303aa6b?s=96&d=mm&r=g","caption":"Reda\u00e7\u00e3o"}}]}},"amp_enabled":true,"_links":{"self":[{"href":"https:\/\/www.notibras.com\/site\/wp-json\/wp\/v2\/posts\/22741","targetHints":{"allow":["GET"]}}],"collection":[{"href":"https:\/\/www.notibras.com\/site\/wp-json\/wp\/v2\/posts"}],"about":[{"href":"https:\/\/www.notibras.com\/site\/wp-json\/wp\/v2\/types\/post"}],"author":[{"embeddable":true,"href":"https:\/\/www.notibras.com\/site\/wp-json\/wp\/v2\/users\/2"}],"replies":[{"embeddable":true,"href":"https:\/\/www.notibras.com\/site\/wp-json\/wp\/v2\/comments?post=22741"}],"version-history":[{"count":0,"href":"https:\/\/www.notibras.com\/site\/wp-json\/wp\/v2\/posts\/22741\/revisions"}],"wp:featuredmedia":[{"embeddable":true,"href":"https:\/\/www.notibras.com\/site\/wp-json\/wp\/v2\/media\/22742"}],"wp:attachment":[{"href":"https:\/\/www.notibras.com\/site\/wp-json\/wp\/v2\/media?parent=22741"}],"wp:term":[{"taxonomy":"category","embeddable":true,"href":"https:\/\/www.notibras.com\/site\/wp-json\/wp\/v2\/categories?post=22741"},{"taxonomy":"post_tag","embeddable":true,"href":"https:\/\/www.notibras.com\/site\/wp-json\/wp\/v2\/tags?post=22741"}],"curies":[{"name":"wp","href":"https:\/\/api.w.org\/{rel}","templated":true}]}}