{"id":22749,"date":"2014-09-21T10:36:26","date_gmt":"2014-09-21T13:36:26","guid":{"rendered":"http:\/\/www.notibras.com\/site\/?p=22749"},"modified":"2014-09-21T22:10:07","modified_gmt":"2014-09-22T01:10:07","slug":"reservatorios-de-agua-tem-o-pior-nivel-em-10-anos","status":"publish","type":"post","link":"https:\/\/www.notibras.com\/site\/reservatorios-de-agua-tem-o-pior-nivel-em-10-anos\/","title":{"rendered":"Reservat\u00f3rios de hidrel\u00e9tricas t\u00eam o pior n\u00edvel em 10 anos"},"content":{"rendered":"<p>Os reservat\u00f3rios das usinas hidrel\u00e9tricas devem fechar o m\u00eas de setembro no n\u00edvel mais baixo desde 2005, quando a s\u00e9rie do Operador Nacional do Sistema (ONS) come\u00e7ou a ser publicada, segundo informa\u00e7\u00f5es publicadas neste domingo pelo jornal Folha de S.Paulo.<\/p>\n<p>No in\u00edcio de 2014, o governo federal decidiu n\u00e3o fazer campanha de racionamento de energia el\u00e9trica imaginando que ao fim do per\u00edodo seco, em novembro, o abastecimento estaria entre 30% e 40% &#8211; neste momento, os reservat\u00f3rios Sudeste\/Centro-Oeste, respons\u00e1veis por 70% da capacidade de abastecimento do Pa\u00eds, est\u00e3o com 27%.<\/p>\n<blockquote>\n<p class=\"text\">Como outubro ainda faz parte do per\u00edodo de seca nessas regi\u00f5es, a tend\u00eancia \u00e9 que ainda haja redu\u00e7\u00e3o no n\u00edvel no per\u00edodo. O baixo n\u00edvel dos reservat\u00f3rios pode representar um risco do sistema n\u00e3o conseguir atender a demanda dos consumidores durante os hor\u00e1rios de consumo mais intendo, aponta o jornal.<\/p>\n<\/blockquote>\n<p class=\"text\">\u00c0 Folha, a consultoria PSR afirmou que reflexo dos baixos n\u00edveis dos reservat\u00f3rios ser\u00e1 o aumento de pre\u00e7os nas tarifas ao consumidor, que deve aparecer nos pr\u00f3ximos reajustes. A ONS defendeu os n\u00edveis atuais e a disse que a perspectiva de chuva indica uma transi\u00e7\u00e3o da esta\u00e7\u00e3o seca para a esta\u00e7\u00e3o \u00famida dentro da normalidade.<\/p>\n","protected":false},"excerpt":{"rendered":"<p>Os reservat\u00f3rios das usinas hidrel\u00e9tricas devem fechar o m\u00eas de setembro no n\u00edvel mais baixo desde 2005, quando a s\u00e9rie do Operador Nacional do Sistema (ONS) come\u00e7ou a ser publicada, segundo informa\u00e7\u00f5es publicadas neste domingo pelo jornal Folha de S.Paulo. No in\u00edcio de 2014, o governo federal decidiu n\u00e3o fazer campanha de racionamento de energia [&hellip;]<\/p>\n","protected":false},"author":2,"featured_media":22750,"comment_status":"open","ping_status":"closed","sticky":false,"template":"","format":"standard","meta":{"_acf_changed":false,"footnotes":""},"categories":[16],"tags":[],"class_list":["post-22749","post","type-post","status-publish","format-standard","has-post-thumbnail","hentry","category-brasil"],"acf":[],"_links":{"self":[{"href":"https:\/\/www.notibras.com\/site\/wp-json\/wp\/v2\/posts\/22749","targetHints":{"allow":["GET"]}}],"collection":[{"href":"https:\/\/www.notibras.com\/site\/wp-json\/wp\/v2\/posts"}],"about":[{"href":"https:\/\/www.notibras.com\/site\/wp-json\/wp\/v2\/types\/post"}],"author":[{"embeddable":true,"href":"https:\/\/www.notibras.com\/site\/wp-json\/wp\/v2\/users\/2"}],"replies":[{"embeddable":true,"href":"https:\/\/www.notibras.com\/site\/wp-json\/wp\/v2\/comments?post=22749"}],"version-history":[{"count":0,"href":"https:\/\/www.notibras.com\/site\/wp-json\/wp\/v2\/posts\/22749\/revisions"}],"wp:featuredmedia":[{"embeddable":true,"href":"https:\/\/www.notibras.com\/site\/wp-json\/wp\/v2\/media\/22750"}],"wp:attachment":[{"href":"https:\/\/www.notibras.com\/site\/wp-json\/wp\/v2\/media?parent=22749"}],"wp:term":[{"taxonomy":"category","embeddable":true,"href":"https:\/\/www.notibras.com\/site\/wp-json\/wp\/v2\/categories?post=22749"},{"taxonomy":"post_tag","embeddable":true,"href":"https:\/\/www.notibras.com\/site\/wp-json\/wp\/v2\/tags?post=22749"}],"curies":[{"name":"wp","href":"https:\/\/api.w.org\/{rel}","templated":true}]}}