{"id":22762,"date":"2014-09-21T11:22:18","date_gmt":"2014-09-21T14:22:18","guid":{"rendered":"http:\/\/www.notibras.com\/site\/?p=22762"},"modified":"2014-09-21T11:22:18","modified_gmt":"2014-09-21T14:22:18","slug":"candidatos-viram-alvo-de-memes-e-invadem-paginas-dos-internautas","status":"publish","type":"post","link":"https:\/\/www.notibras.com\/site\/candidatos-viram-alvo-de-memes-e-invadem-paginas-dos-internautas\/","title":{"rendered":"Candidatos viram alvo de memes e invadem p\u00e1ginas dos internautas"},"content":{"rendered":"<p>Jogadores de futebol, artistas, modelos, cantores ou qualquer outro profissional que tenha direito a r\u00e1pidos 15 minutos de fama s\u00e3o alvos frequentes de brincadeiras na Internet. Agora com a campanha eleitoral a todo vapor, os pol\u00edticos entram na berlinda e d\u00e3o origem a memes, termo usado para rotular um v\u00eddeo ou uma foto que faz sucesso e se espalha de clique em clique via computadores, smartphones e tablets. A mat\u00e9ria-prima dessas piadas virtuais pode ser um gesto ou uma frase. \u00c0s vezes, nem isso \u00e9 necess\u00e1rio.<\/p>\n<p>Os presidenci\u00e1veis Dilma Rousseff (PT), Marina Silva (PSB), A\u00e9cio Neves (PSDB), pastor Everaldo (PSC), Levy Fidelix (PRTB), Eduardo Jorge (PV) e Luciana Genro (PSOL) j\u00e1 tiveram sua imagem associada a memes. Algumas montagens s\u00e3o mais inocentes. Outras feitas para ressaltar uma caracter\u00edstica negativa ou positiva do alvo escolhido de acordo com o posicionamento pol\u00edtico de quem cria a brincadeira.<\/p>\n<p>Por ser presidente da Rep\u00fablica, Dilma \u00e9 a campe\u00e3 de montagens na Internet. Uma r\u00e1pida busca no Google mostra dezenas de brincadeiras com a imagem da petista. Mas os memes pol\u00edticos n\u00e3o surgiram nesta elei\u00e7\u00e3o. Em 2012, quando disputava a prefeitura de S\u00e3o Paulo, Jos\u00e9 Serra (PSDB) perdeu o sapato ao chutar uma bola em um ato de sua campanha. A imagem logo ganhou vers\u00f5es divertidas na internet. \u201cNa p\u00e1gina do candidato no Facebook, a equipe de campanha pediu para que os eleitores enviassem suas vers\u00f5es. \u00c9 preciso saber tirar proveito dessas situa\u00e7\u00f5es\u201d, explica o especialista em marketing pol\u00edtico Gabriel Rossi.<\/p>\n<p>De acordo com ele, as equipes de marketing pol\u00edtico precisam estar atentas para aproveitar melhor as oportunidades envolvendo seus clientes a exemplo do que fez Jos\u00e9 Serra em 2012. \u201cFalta um pouco mais de bom humor e a Internet est\u00e1 cada vez mais visual. Os marqueteiros precisam perder o preconceito com a Internet at\u00e9 porque a penetra\u00e7\u00e3o da banda larga no pa\u00eds \u00e9 bem maior do que h\u00e1 quatro anos quando houve a \u00faltima campanha presidencial\u201d, fala.<\/p>\n<p>A rela\u00e7\u00e3o do humor com a pol\u00edtica \u00e9 antiga e come\u00e7ou com os primeiros jornais impressos a partir de caricaturas de autoridades. Hoje, \u00e9 normal que os principais personagens pol\u00edticos do pa\u00eds gerem farto material para charges. Foi apostando nesse fil\u00e3o que o jornalista Diogo Ramalho criou o site Humor Politico (www.humorpolitico). \u201cRecebemos colabora\u00e7\u00f5es de todo o Brasil e temos cerca de 70 chargistas cadastrados\u201d, informa. A cada dia, novos desenhos s\u00e3o disponibilizados na p\u00e1gina. \u201cN\u00e3o ha censura, a n\u00e3o ser que o conte\u00fado seja racista, homof\u00f3bico ou difunda algum tipo de preconceito\u201d, garante.<\/p>\n<p>Para Diogo, seja a partir de charges ou memes, o humor sempre estar\u00e1 presente na pol\u00edtica. \u201cO humor mostra o outro lado da pol\u00edtica, se utiliza da ironia e do c\u00f4mico para denunciar, mostrar inten\u00e7\u00f5es e falar o que a not\u00edcia n\u00e3o diz por inteiro\u201d, avalia. Ele afirma que nunca enfrentou nenhum problema com o alvo das charges. \u201cO que acontece \u00e9 que as vezes pessoas chamam nas redes sociais o Humor Pol\u00edtico de tucano ou de petista, a depender da pauta do dia\u201d, declara.<\/p>\n<blockquote><p>Voc\u00ea abre o Facebook ou o whatsapp e l\u00e1 est\u00e1 aquela foto ou v\u00eddeo engra\u00e7ad\u00edssimo. Logo manda para os amigos, que replicam a brincadeira para outra turma. Assim nasce um meme. Algumas montagens, de t\u00e3o bem-feitas, parecem ter sa\u00eddo da cabe\u00e7a de um renomado publicit\u00e1rio ou designer. Mas nem \u00e9 preciso tanto conhecimento, digamos, &#8220;art\u00edstico&#8221; para produzir um meme. H\u00e1 diversos sites que d\u00e3o uma forcinha para quem quer contribuir com o besteirol do mundo virtual. Um deles \u00e9 www.geradormemes.com a partir do qual o internauta escolhe imagens pr\u00e9-existentes no site ou envia uma foto para o sistema. Depois, basta escrever uma frase, salvar a montagem e compartilhar com os amigos.<\/p><\/blockquote>\n<p>Para quem quer aliar praticidade e criatividade na palma da m\u00e3o, as dicas s\u00e3o os aplicativos para smartphones. Um dos apps mais conhecidos \u00e9 o Keep Calm Creator, gratuito e dispon\u00edvel para Iphones. Os usu\u00e1rios de aparelhos com o sistema operacional Android t\u00eam \u00e0 disposi\u00e7\u00e3o o Keep Calm Generator, tamb\u00e9m gratuito. Se voc\u00ea tem tempo livre de sobra na frente do computador, o YouTube disponibiliza v\u00eddeos com dicas para criar uma montagem pelo programa de edi\u00e7\u00e3o de fotos Photoshop.<\/p>\n<p>Antes de se aventurar na cria\u00e7\u00e3o de qualquer montagem, ainda mais com conte\u00fado pol\u00edtico, \u00e9 preciso ter no\u00e7\u00e3o das consequ\u00eancias decorrentes da brincadeira. \u201cA internet n\u00e3o \u00e9 um mundo \u00e0 parte. \u00c9 preciso ter cuidado para n\u00e3o cometer os crimes de cal\u00fania, difama\u00e7\u00e3o ou inj\u00faria\u201d, alerta o professor de Direito da Faculdade Boa Viagem, Fernando Tasso. Ele destaca que a responsabilidade n\u00e3o \u00e9 apenas de quem cria o meme, mas tamb\u00e9m de quem divulga. \u201cA pessoa que criou ou compartilhou a brincadeira pode ser responsabilizada se ficar provado que houve a inten\u00e7\u00e3o de ofender\u201d, destaca.<\/p>\n<p>O advogado lembra que no Direito h\u00e1 o termo animus jocandi, no qual os humoristas se amparam juridicamente quando acionados. \u201cEsse termo \u00e9 usado por aqueles que dizem apenas fazer gra\u00e7a. No entanto, quem cria a brincadeira tem que provar que realmente n\u00e3o teve a inten\u00e7\u00e3o de ofender ningu\u00e9m\u201d, ressalta.<\/p>\n","protected":false},"excerpt":{"rendered":"<p>Jogadores de futebol, artistas, modelos, cantores ou qualquer outro profissional que tenha direito a r\u00e1pidos 15 minutos de fama s\u00e3o alvos frequentes de brincadeiras na Internet. Agora com a campanha eleitoral a todo vapor, os pol\u00edticos entram na berlinda e d\u00e3o origem a memes, termo usado para rotular um v\u00eddeo ou uma foto que faz [&hellip;]<\/p>\n","protected":false},"author":2,"featured_media":22763,"comment_status":"open","ping_status":"closed","sticky":false,"template":"","format":"standard","meta":{"_acf_changed":false,"footnotes":""},"categories":[33],"tags":[],"class_list":["post-22762","post","type-post","status-publish","format-standard","has-post-thumbnail","hentry","category-eleicoes-2014"],"acf":[],"_links":{"self":[{"href":"https:\/\/www.notibras.com\/site\/wp-json\/wp\/v2\/posts\/22762","targetHints":{"allow":["GET"]}}],"collection":[{"href":"https:\/\/www.notibras.com\/site\/wp-json\/wp\/v2\/posts"}],"about":[{"href":"https:\/\/www.notibras.com\/site\/wp-json\/wp\/v2\/types\/post"}],"author":[{"embeddable":true,"href":"https:\/\/www.notibras.com\/site\/wp-json\/wp\/v2\/users\/2"}],"replies":[{"embeddable":true,"href":"https:\/\/www.notibras.com\/site\/wp-json\/wp\/v2\/comments?post=22762"}],"version-history":[{"count":0,"href":"https:\/\/www.notibras.com\/site\/wp-json\/wp\/v2\/posts\/22762\/revisions"}],"wp:featuredmedia":[{"embeddable":true,"href":"https:\/\/www.notibras.com\/site\/wp-json\/wp\/v2\/media\/22763"}],"wp:attachment":[{"href":"https:\/\/www.notibras.com\/site\/wp-json\/wp\/v2\/media?parent=22762"}],"wp:term":[{"taxonomy":"category","embeddable":true,"href":"https:\/\/www.notibras.com\/site\/wp-json\/wp\/v2\/categories?post=22762"},{"taxonomy":"post_tag","embeddable":true,"href":"https:\/\/www.notibras.com\/site\/wp-json\/wp\/v2\/tags?post=22762"}],"curies":[{"name":"wp","href":"https:\/\/api.w.org\/{rel}","templated":true}]}}