{"id":22765,"date":"2014-09-21T09:24:53","date_gmt":"2014-09-21T12:24:53","guid":{"rendered":"http:\/\/www.notibras.com\/site\/?p=22765"},"modified":"2014-09-21T11:30:56","modified_gmt":"2014-09-21T14:30:56","slug":"pesquisas-indicam-que-velhos-conservadores-vao-permanecer-na-camara","status":"publish","type":"post","link":"https:\/\/www.notibras.com\/site\/pesquisas-indicam-que-velhos-conservadores-vao-permanecer-na-camara\/","title":{"rendered":"Pesquisas indicam que velhos conservadores ficar\u00e3o na C\u00e2mara"},"content":{"rendered":"<p>Se 70% dos brasileiros afirmam esperar mudan\u00e7as em rela\u00e7\u00e3o ao pr\u00f3ximo presidente, uma s\u00e9rie de pesquisas realizada pelo Ibope indica que uma renova\u00e7\u00e3o expressiva dificilmente ocorrer\u00e1 na C\u00e2mara dos Deputados. Dos 90 candidatos a deputado federal mais lembrados pelos eleitores em 18 unidades da Federa\u00e7\u00e3o, apenas tr\u00eas s\u00e3o estreantes nas urnas e n\u00e3o v\u00eam de fam\u00edlias de pol\u00edticos. Todos os outros 87 j\u00e1 t\u00eam um passado na pol\u00edtica, seja por experi\u00eancia pr\u00f3pria ou pelo sobrenome.<\/p>\n<p>Os dados foram calculados com base nos resultados das pesquisas da s\u00e9rie Deputados do Ibope. O levantamento pode ser contratado pelos pr\u00f3prios candidatos que desejam saber os cinco mais citados espontaneamente pelos eleitores nos maiores Estados, al\u00e9m da sua pr\u00f3pria posi\u00e7\u00e3o no ranking geral da pesquisa.<\/p>\n<blockquote><p>A conclus\u00e3o \u00e9 de que o discurso da renova\u00e7\u00e3o na pol\u00edtica, bandeira que ganhou for\u00e7a ap\u00f3s a onda de manifesta\u00e7\u00f5es iniciada em junho do ano passado e, na corrida \u00e0 Presid\u00eancia da Rep\u00fablica se personalizou na lideran\u00e7a e na candidatura da ex-ministra do Meio Ambiente Marina Silva (PSB) entre os que defendem mais mudan\u00e7as do que continuidade no Pa\u00eds, n\u00e3o dever\u00e1 se manifestar com tanta for\u00e7a na nova composi\u00e7\u00e3o do Legislativo federal.<\/p><\/blockquote>\n<p>Dos 90 candidatos a deputado federal preferidos dos eleitores at\u00e9 agora, 83 j\u00e1 s\u00e3o pol\u00edticos e foram eleitos para cargos eletivos em pelo menos uma ocasi\u00e3o anterior. A maioria &#8211; 51 nomes &#8211; j\u00e1 est\u00e1 na C\u00e2mara dos Deputados, e outros quatro estiveram em legislaturas passadas. Al\u00e9m deles, 17 s\u00e3o deputados estaduais atualmente, que tentam pela primeira vez chegar \u00e0 esfera federal concorrendo ao cargo.<\/p>\n<p>O restante dos concorrentes j\u00e1 teve mandato de vereador em alguma cidade importante do seu Estado ou ocupou algum cargo executivo, como \u00e9 o caso do ex-prefeito de Bel\u00e9m Edmilson Rodrigues, do PSOL, ou do vice-governador de Mato Grosso Chico Daltro, do PSD.<\/p>\n<p>Dos sete estreantes nas urnas neste ano, quatro podem atribuir ao sobrenome o motivo para estar na lista dos preferidos do eleitorado. Dulce Miranda, do PMDB, \u00e9 ex-primeira-dama do Tocantins, casada com Marcelo Miranda, ex-governador e candidato ao cargo este ano. J\u00e1 o alagoano Pedro Vilela, candidato do PSDB, carrega o sobrenome do ex-senador Teot\u00f4nio Vilela, seu av\u00f4, e do governador Teot\u00f4nio Vilela Filho, seu tio.<\/p>\n<p>Tamb\u00e9m em Alagoas concorre este ano pelo PRP Nivaldo Albuquerque. Nivaldo \u00e9 filho do deputado estadual e ex-presidente da Assembleia Legislativa Ant\u00f4nio Albuquerque. Vicentinho J\u00fanior, candidato do PSB, s\u00f3 se diferencia do trio porque n\u00e3o precisa usar o sobrenome do pai, o senador Vicentinho Alves.<\/p>\n<p>Restam os tr\u00eas estreantes que n\u00e3o s\u00e3o parentes de pol\u00edticos, embora dois j\u00e1 tenham ocupado cargos de confian\u00e7a em gest\u00f5es municipais: Tiago Andrino, do PP, foi secret\u00e1rio em Palmas, capital do Tocantins, e Felipe Carreras, do PSB, no Recife. O candidato \u00c9der Mauro (PSD-PA) \u00e9 um delegado com fama de linha-dura.<\/p>\n<p>Quando se leva em conta todos os 90 candidatos a deputado federal mais lembrados pelo eleitorado na s\u00e9rie de pesquisas do Ibope, a taxa dos que possuem algum parente na pol\u00edtica \u00e9 considerada alta &#8211; chega a 44%.<\/p>\n<p>O Rio Grande do Norte chama a aten\u00e7\u00e3o nesse quesito: todos os cinco candidatos a deputado federal mais lembrados v\u00eam de fam\u00edlias tradicionais da pol\u00edtica no Estado.<\/p>\n<p>A lista dos concorrentes nas elei\u00e7\u00f5es de outubro cont\u00e9m todos os sobrenomes locais mais importantes &#8211; Walter Alves, do PMDB, filho do senador Garibaldi Alves Filho; F\u00e1bio Faria, do PSD, filho do vice-governador e candidato a governador Robinson Faria; Felipe Maia, do DEM, filho do senador Jos\u00e9 Agripino Maia; e Faf\u00e1 Rosado, do PMDB, e Sandra Rosado, do PSB &#8211; as duas candidatas s\u00e3o primas, vindas da fam\u00edlia pol\u00edtica mais importante e tradicional de Mossor\u00f3.<\/p>\n<p>A pesquisadora da organiza\u00e7\u00e3o n\u00e3o governamental Transpar\u00eancia Brasil Nat\u00e1lia Paiva afirma que a taxa de parentesco entre os candidatos este ano \u00e9 a mesma que a entidade j\u00e1 havia apurado para a atual legislatura da C\u00e2mara dos Deputados.<\/p>\n<p>&#8220;O discurso pela mudan\u00e7a \u00e9 bastante forte, mas v\u00e1rios pol\u00edticos tentam se apropriar disso para lan\u00e7ar parentes mais novos, que tentam se eleger com a bandeira da renova\u00e7\u00e3o&#8221;, diz a pesquisadora. De acordo com Nat\u00e1lia, a manuten\u00e7\u00e3o de cl\u00e3s pol\u00edticos no Congresso Nacional dificulta a realiza\u00e7\u00e3o de reformas abrangentes na legisla\u00e7\u00e3o. &#8220;Passando o cargo de parente para parente, cria-se uma C\u00e2mara avessa a mudan\u00e7as.&#8221;<\/p>\n<p>A pesquisadora afirma que \u00e9 necess\u00e1rio realizar mais pesquisas para entender a diferen\u00e7a de comportamento do eleitor ao decidir seu voto para presidente e para deputado. &#8220;H\u00e1 diversas diferen\u00e7as. No \u00e2mbito estadual, por exemplo, \u00e9 mais f\u00e1cil que as mesmas figuras se repitam, o que inibe a renova\u00e7\u00e3o. De qualquer maneira, n\u00e3o se pode cobrar coer\u00eancia pol\u00edtica do eleitorado&#8221;, diz Nat\u00e1lia.<\/p>\n","protected":false},"excerpt":{"rendered":"<p>Se 70% dos brasileiros afirmam esperar mudan\u00e7as em rela\u00e7\u00e3o ao pr\u00f3ximo presidente, uma s\u00e9rie de pesquisas realizada pelo Ibope indica que uma renova\u00e7\u00e3o expressiva dificilmente ocorrer\u00e1 na C\u00e2mara dos Deputados. Dos 90 candidatos a deputado federal mais lembrados pelos eleitores em 18 unidades da Federa\u00e7\u00e3o, apenas tr\u00eas s\u00e3o estreantes nas urnas e n\u00e3o v\u00eam de [&hellip;]<\/p>\n","protected":false},"author":2,"featured_media":22766,"comment_status":"open","ping_status":"closed","sticky":false,"template":"","format":"standard","meta":{"_acf_changed":false,"footnotes":""},"categories":[33],"tags":[],"class_list":["post-22765","post","type-post","status-publish","format-standard","has-post-thumbnail","hentry","category-eleicoes-2014"],"acf":[],"yoast_head":"<!-- This site is optimized with the Yoast SEO plugin v27.2 - https:\/\/yoast.com\/product\/yoast-seo-wordpress\/ -->\n<title>Pesquisas indicam que velhos conservadores ficar\u00e3o na C\u00e2mara - Notibras<\/title>\n<meta name=\"robots\" content=\"index, follow, max-snippet:-1, max-image-preview:large, max-video-preview:-1\" \/>\n<link rel=\"canonical\" href=\"https:\/\/www.notibras.com\/site\/pesquisas-indicam-que-velhos-conservadores-vao-permanecer-na-camara\/\" \/>\n<meta property=\"og:locale\" content=\"pt_BR\" \/>\n<meta property=\"og:type\" content=\"article\" \/>\n<meta property=\"og:title\" content=\"Pesquisas indicam que velhos conservadores ficar\u00e3o na C\u00e2mara - Notibras\" \/>\n<meta property=\"og:description\" content=\"Se 70% dos brasileiros afirmam esperar mudan\u00e7as em rela\u00e7\u00e3o ao pr\u00f3ximo presidente, uma s\u00e9rie de pesquisas realizada pelo Ibope indica que uma renova\u00e7\u00e3o expressiva dificilmente ocorrer\u00e1 na C\u00e2mara dos Deputados. Dos 90 candidatos a deputado federal mais lembrados pelos eleitores em 18 unidades da Federa\u00e7\u00e3o, apenas tr\u00eas s\u00e3o estreantes nas urnas e n\u00e3o v\u00eam de [&hellip;]\" \/>\n<meta property=\"og:url\" content=\"https:\/\/www.notibras.com\/site\/pesquisas-indicam-que-velhos-conservadores-vao-permanecer-na-camara\/\" \/>\n<meta property=\"og:site_name\" content=\"Notibras\" \/>\n<meta property=\"article:publisher\" content=\"https:\/\/www.facebook.com\/notibras\/\" \/>\n<meta property=\"article:published_time\" content=\"2014-09-21T12:24:53+00:00\" \/>\n<meta property=\"article:modified_time\" content=\"2014-09-21T14:30:56+00:00\" \/>\n<meta property=\"og:image\" content=\"https:\/\/www.notibras.com\/site\/wp-content\/uploads\/2014\/09\/plenario-camara.jpg\" \/>\n\t<meta property=\"og:image:width\" content=\"800\" \/>\n\t<meta property=\"og:image:height\" content=\"600\" \/>\n\t<meta property=\"og:image:type\" content=\"image\/jpeg\" \/>\n<meta name=\"author\" content=\"Reda\u00e7\u00e3o\" \/>\n<meta name=\"twitter:card\" content=\"summary_large_image\" \/>\n<meta name=\"twitter:creator\" content=\"@Notibras\" \/>\n<meta name=\"twitter:site\" content=\"@Notibras\" \/>\n<meta name=\"twitter:label1\" content=\"Escrito por\" \/>\n\t<meta name=\"twitter:data1\" content=\"Reda\u00e7\u00e3o\" \/>\n\t<meta name=\"twitter:label2\" content=\"Est. tempo de leitura\" \/>\n\t<meta name=\"twitter:data2\" content=\"4 minutos\" \/>\n<script type=\"application\/ld+json\" class=\"yoast-schema-graph\">{\"@context\":\"https:\/\/schema.org\",\"@graph\":[{\"@type\":\"Article\",\"@id\":\"https:\/\/www.notibras.com\/site\/pesquisas-indicam-que-velhos-conservadores-vao-permanecer-na-camara\/#article\",\"isPartOf\":{\"@id\":\"https:\/\/www.notibras.com\/site\/pesquisas-indicam-que-velhos-conservadores-vao-permanecer-na-camara\/\"},\"author\":{\"name\":\"Reda\u00e7\u00e3o\",\"@id\":\"https:\/\/www.notibras.com\/site\/#\/schema\/person\/36ab0979449956132d3e5b517ea76ac8\"},\"headline\":\"Pesquisas indicam que velhos conservadores ficar\u00e3o na C\u00e2mara\",\"datePublished\":\"2014-09-21T12:24:53+00:00\",\"dateModified\":\"2014-09-21T14:30:56+00:00\",\"mainEntityOfPage\":{\"@id\":\"https:\/\/www.notibras.com\/site\/pesquisas-indicam-que-velhos-conservadores-vao-permanecer-na-camara\/\"},\"wordCount\":849,\"commentCount\":0,\"publisher\":{\"@id\":\"https:\/\/www.notibras.com\/site\/#organization\"},\"image\":{\"@id\":\"https:\/\/www.notibras.com\/site\/pesquisas-indicam-que-velhos-conservadores-vao-permanecer-na-camara\/#primaryimage\"},\"thumbnailUrl\":\"https:\/\/www.notibras.com\/site\/wp-content\/uploads\/2014\/09\/plenario-camara.jpg\",\"articleSection\":[\"Elei\u00e7\u00f5es 2014\"],\"inLanguage\":\"pt-BR\",\"potentialAction\":[{\"@type\":\"CommentAction\",\"name\":\"Comment\",\"target\":[\"https:\/\/www.notibras.com\/site\/pesquisas-indicam-que-velhos-conservadores-vao-permanecer-na-camara\/#respond\"]}]},{\"@type\":\"WebPage\",\"@id\":\"https:\/\/www.notibras.com\/site\/pesquisas-indicam-que-velhos-conservadores-vao-permanecer-na-camara\/\",\"url\":\"https:\/\/www.notibras.com\/site\/pesquisas-indicam-que-velhos-conservadores-vao-permanecer-na-camara\/\",\"name\":\"Pesquisas indicam que velhos conservadores ficar\u00e3o na C\u00e2mara - Notibras\",\"isPartOf\":{\"@id\":\"https:\/\/www.notibras.com\/site\/#website\"},\"primaryImageOfPage\":{\"@id\":\"https:\/\/www.notibras.com\/site\/pesquisas-indicam-que-velhos-conservadores-vao-permanecer-na-camara\/#primaryimage\"},\"image\":{\"@id\":\"https:\/\/www.notibras.com\/site\/pesquisas-indicam-que-velhos-conservadores-vao-permanecer-na-camara\/#primaryimage\"},\"thumbnailUrl\":\"https:\/\/www.notibras.com\/site\/wp-content\/uploads\/2014\/09\/plenario-camara.jpg\",\"datePublished\":\"2014-09-21T12:24:53+00:00\",\"dateModified\":\"2014-09-21T14:30:56+00:00\",\"breadcrumb\":{\"@id\":\"https:\/\/www.notibras.com\/site\/pesquisas-indicam-que-velhos-conservadores-vao-permanecer-na-camara\/#breadcrumb\"},\"inLanguage\":\"pt-BR\",\"potentialAction\":[{\"@type\":\"ReadAction\",\"target\":[\"https:\/\/www.notibras.com\/site\/pesquisas-indicam-que-velhos-conservadores-vao-permanecer-na-camara\/\"]}]},{\"@type\":\"ImageObject\",\"inLanguage\":\"pt-BR\",\"@id\":\"https:\/\/www.notibras.com\/site\/pesquisas-indicam-que-velhos-conservadores-vao-permanecer-na-camara\/#primaryimage\",\"url\":\"https:\/\/www.notibras.com\/site\/wp-content\/uploads\/2014\/09\/plenario-camara.jpg\",\"contentUrl\":\"https:\/\/www.notibras.com\/site\/wp-content\/uploads\/2014\/09\/plenario-camara.jpg\",\"width\":800,\"height\":600},{\"@type\":\"BreadcrumbList\",\"@id\":\"https:\/\/www.notibras.com\/site\/pesquisas-indicam-que-velhos-conservadores-vao-permanecer-na-camara\/#breadcrumb\",\"itemListElement\":[{\"@type\":\"ListItem\",\"position\":1,\"name\":\"In\u00edcio\",\"item\":\"https:\/\/www.notibras.com\/site\/\"},{\"@type\":\"ListItem\",\"position\":2,\"name\":\"Pesquisas indicam que velhos conservadores ficar\u00e3o na C\u00e2mara\"}]},{\"@type\":\"WebSite\",\"@id\":\"https:\/\/www.notibras.com\/site\/#website\",\"url\":\"https:\/\/www.notibras.com\/site\/\",\"name\":\"Notibras\",\"description\":\"Not\u00edcias de Bras\u00edlia, do Brasil e do Mundo\",\"publisher\":{\"@id\":\"https:\/\/www.notibras.com\/site\/#organization\"},\"potentialAction\":[{\"@type\":\"SearchAction\",\"target\":{\"@type\":\"EntryPoint\",\"urlTemplate\":\"https:\/\/www.notibras.com\/site\/?s={search_term_string}\"},\"query-input\":{\"@type\":\"PropertyValueSpecification\",\"valueRequired\":true,\"valueName\":\"search_term_string\"}}],\"inLanguage\":\"pt-BR\"},{\"@type\":\"Organization\",\"@id\":\"https:\/\/www.notibras.com\/site\/#organization\",\"name\":\"Grupo Notibras de Comunica\u00e7\u00e3o\",\"url\":\"https:\/\/www.notibras.com\/site\/\",\"logo\":{\"@type\":\"ImageObject\",\"inLanguage\":\"pt-BR\",\"@id\":\"https:\/\/www.notibras.com\/site\/#\/schema\/logo\/image\/\",\"url\":\"https:\/\/www.notibras.com\/site\/wp-content\/uploads\/2023\/01\/notibras23.png\",\"contentUrl\":\"https:\/\/www.notibras.com\/site\/wp-content\/uploads\/2023\/01\/notibras23.png\",\"width\":350,\"height\":87,\"caption\":\"Grupo Notibras de Comunica\u00e7\u00e3o\"},\"image\":{\"@id\":\"https:\/\/www.notibras.com\/site\/#\/schema\/logo\/image\/\"},\"sameAs\":[\"https:\/\/www.facebook.com\/notibras\/\",\"https:\/\/x.com\/Notibras\",\"https:\/\/www.instagram.com\/notibras\/\"]},{\"@type\":\"Person\",\"@id\":\"https:\/\/www.notibras.com\/site\/#\/schema\/person\/36ab0979449956132d3e5b517ea76ac8\",\"name\":\"Reda\u00e7\u00e3o\",\"image\":{\"@type\":\"ImageObject\",\"inLanguage\":\"pt-BR\",\"@id\":\"https:\/\/secure.gravatar.com\/avatar\/e0a867bdedb85fd243eadf09663511f96fc81e0720a4a42581f334ad4303aa6b?s=96&d=mm&r=g\",\"url\":\"https:\/\/secure.gravatar.com\/avatar\/e0a867bdedb85fd243eadf09663511f96fc81e0720a4a42581f334ad4303aa6b?s=96&d=mm&r=g\",\"contentUrl\":\"https:\/\/secure.gravatar.com\/avatar\/e0a867bdedb85fd243eadf09663511f96fc81e0720a4a42581f334ad4303aa6b?s=96&d=mm&r=g\",\"caption\":\"Reda\u00e7\u00e3o\"}}]}<\/script>\n<!-- \/ Yoast SEO plugin. -->","yoast_head_json":{"title":"Pesquisas indicam que velhos conservadores ficar\u00e3o na C\u00e2mara - Notibras","robots":{"index":"index","follow":"follow","max-snippet":"max-snippet:-1","max-image-preview":"max-image-preview:large","max-video-preview":"max-video-preview:-1"},"canonical":"https:\/\/www.notibras.com\/site\/pesquisas-indicam-que-velhos-conservadores-vao-permanecer-na-camara\/","og_locale":"pt_BR","og_type":"article","og_title":"Pesquisas indicam que velhos conservadores ficar\u00e3o na C\u00e2mara - Notibras","og_description":"Se 70% dos brasileiros afirmam esperar mudan\u00e7as em rela\u00e7\u00e3o ao pr\u00f3ximo presidente, uma s\u00e9rie de pesquisas realizada pelo Ibope indica que uma renova\u00e7\u00e3o expressiva dificilmente ocorrer\u00e1 na C\u00e2mara dos Deputados. Dos 90 candidatos a deputado federal mais lembrados pelos eleitores em 18 unidades da Federa\u00e7\u00e3o, apenas tr\u00eas s\u00e3o estreantes nas urnas e n\u00e3o v\u00eam de [&hellip;]","og_url":"https:\/\/www.notibras.com\/site\/pesquisas-indicam-que-velhos-conservadores-vao-permanecer-na-camara\/","og_site_name":"Notibras","article_publisher":"https:\/\/www.facebook.com\/notibras\/","article_published_time":"2014-09-21T12:24:53+00:00","article_modified_time":"2014-09-21T14:30:56+00:00","og_image":[{"width":800,"height":600,"url":"https:\/\/www.notibras.com\/site\/wp-content\/uploads\/2014\/09\/plenario-camara.jpg","type":"image\/jpeg"}],"author":"Reda\u00e7\u00e3o","twitter_card":"summary_large_image","twitter_creator":"@Notibras","twitter_site":"@Notibras","twitter_misc":{"Escrito por":"Reda\u00e7\u00e3o","Est. tempo de leitura":"4 minutos"},"schema":{"@context":"https:\/\/schema.org","@graph":[{"@type":"Article","@id":"https:\/\/www.notibras.com\/site\/pesquisas-indicam-que-velhos-conservadores-vao-permanecer-na-camara\/#article","isPartOf":{"@id":"https:\/\/www.notibras.com\/site\/pesquisas-indicam-que-velhos-conservadores-vao-permanecer-na-camara\/"},"author":{"name":"Reda\u00e7\u00e3o","@id":"https:\/\/www.notibras.com\/site\/#\/schema\/person\/36ab0979449956132d3e5b517ea76ac8"},"headline":"Pesquisas indicam que velhos conservadores ficar\u00e3o na C\u00e2mara","datePublished":"2014-09-21T12:24:53+00:00","dateModified":"2014-09-21T14:30:56+00:00","mainEntityOfPage":{"@id":"https:\/\/www.notibras.com\/site\/pesquisas-indicam-que-velhos-conservadores-vao-permanecer-na-camara\/"},"wordCount":849,"commentCount":0,"publisher":{"@id":"https:\/\/www.notibras.com\/site\/#organization"},"image":{"@id":"https:\/\/www.notibras.com\/site\/pesquisas-indicam-que-velhos-conservadores-vao-permanecer-na-camara\/#primaryimage"},"thumbnailUrl":"https:\/\/www.notibras.com\/site\/wp-content\/uploads\/2014\/09\/plenario-camara.jpg","articleSection":["Elei\u00e7\u00f5es 2014"],"inLanguage":"pt-BR","potentialAction":[{"@type":"CommentAction","name":"Comment","target":["https:\/\/www.notibras.com\/site\/pesquisas-indicam-que-velhos-conservadores-vao-permanecer-na-camara\/#respond"]}]},{"@type":"WebPage","@id":"https:\/\/www.notibras.com\/site\/pesquisas-indicam-que-velhos-conservadores-vao-permanecer-na-camara\/","url":"https:\/\/www.notibras.com\/site\/pesquisas-indicam-que-velhos-conservadores-vao-permanecer-na-camara\/","name":"Pesquisas indicam que velhos conservadores ficar\u00e3o na C\u00e2mara - Notibras","isPartOf":{"@id":"https:\/\/www.notibras.com\/site\/#website"},"primaryImageOfPage":{"@id":"https:\/\/www.notibras.com\/site\/pesquisas-indicam-que-velhos-conservadores-vao-permanecer-na-camara\/#primaryimage"},"image":{"@id":"https:\/\/www.notibras.com\/site\/pesquisas-indicam-que-velhos-conservadores-vao-permanecer-na-camara\/#primaryimage"},"thumbnailUrl":"https:\/\/www.notibras.com\/site\/wp-content\/uploads\/2014\/09\/plenario-camara.jpg","datePublished":"2014-09-21T12:24:53+00:00","dateModified":"2014-09-21T14:30:56+00:00","breadcrumb":{"@id":"https:\/\/www.notibras.com\/site\/pesquisas-indicam-que-velhos-conservadores-vao-permanecer-na-camara\/#breadcrumb"},"inLanguage":"pt-BR","potentialAction":[{"@type":"ReadAction","target":["https:\/\/www.notibras.com\/site\/pesquisas-indicam-que-velhos-conservadores-vao-permanecer-na-camara\/"]}]},{"@type":"ImageObject","inLanguage":"pt-BR","@id":"https:\/\/www.notibras.com\/site\/pesquisas-indicam-que-velhos-conservadores-vao-permanecer-na-camara\/#primaryimage","url":"https:\/\/www.notibras.com\/site\/wp-content\/uploads\/2014\/09\/plenario-camara.jpg","contentUrl":"https:\/\/www.notibras.com\/site\/wp-content\/uploads\/2014\/09\/plenario-camara.jpg","width":800,"height":600},{"@type":"BreadcrumbList","@id":"https:\/\/www.notibras.com\/site\/pesquisas-indicam-que-velhos-conservadores-vao-permanecer-na-camara\/#breadcrumb","itemListElement":[{"@type":"ListItem","position":1,"name":"In\u00edcio","item":"https:\/\/www.notibras.com\/site\/"},{"@type":"ListItem","position":2,"name":"Pesquisas indicam que velhos conservadores ficar\u00e3o na C\u00e2mara"}]},{"@type":"WebSite","@id":"https:\/\/www.notibras.com\/site\/#website","url":"https:\/\/www.notibras.com\/site\/","name":"Notibras","description":"Not\u00edcias de Bras\u00edlia, do Brasil e do Mundo","publisher":{"@id":"https:\/\/www.notibras.com\/site\/#organization"},"potentialAction":[{"@type":"SearchAction","target":{"@type":"EntryPoint","urlTemplate":"https:\/\/www.notibras.com\/site\/?s={search_term_string}"},"query-input":{"@type":"PropertyValueSpecification","valueRequired":true,"valueName":"search_term_string"}}],"inLanguage":"pt-BR"},{"@type":"Organization","@id":"https:\/\/www.notibras.com\/site\/#organization","name":"Grupo Notibras de Comunica\u00e7\u00e3o","url":"https:\/\/www.notibras.com\/site\/","logo":{"@type":"ImageObject","inLanguage":"pt-BR","@id":"https:\/\/www.notibras.com\/site\/#\/schema\/logo\/image\/","url":"https:\/\/www.notibras.com\/site\/wp-content\/uploads\/2023\/01\/notibras23.png","contentUrl":"https:\/\/www.notibras.com\/site\/wp-content\/uploads\/2023\/01\/notibras23.png","width":350,"height":87,"caption":"Grupo Notibras de Comunica\u00e7\u00e3o"},"image":{"@id":"https:\/\/www.notibras.com\/site\/#\/schema\/logo\/image\/"},"sameAs":["https:\/\/www.facebook.com\/notibras\/","https:\/\/x.com\/Notibras","https:\/\/www.instagram.com\/notibras\/"]},{"@type":"Person","@id":"https:\/\/www.notibras.com\/site\/#\/schema\/person\/36ab0979449956132d3e5b517ea76ac8","name":"Reda\u00e7\u00e3o","image":{"@type":"ImageObject","inLanguage":"pt-BR","@id":"https:\/\/secure.gravatar.com\/avatar\/e0a867bdedb85fd243eadf09663511f96fc81e0720a4a42581f334ad4303aa6b?s=96&d=mm&r=g","url":"https:\/\/secure.gravatar.com\/avatar\/e0a867bdedb85fd243eadf09663511f96fc81e0720a4a42581f334ad4303aa6b?s=96&d=mm&r=g","contentUrl":"https:\/\/secure.gravatar.com\/avatar\/e0a867bdedb85fd243eadf09663511f96fc81e0720a4a42581f334ad4303aa6b?s=96&d=mm&r=g","caption":"Reda\u00e7\u00e3o"}}]}},"amp_enabled":true,"_links":{"self":[{"href":"https:\/\/www.notibras.com\/site\/wp-json\/wp\/v2\/posts\/22765","targetHints":{"allow":["GET"]}}],"collection":[{"href":"https:\/\/www.notibras.com\/site\/wp-json\/wp\/v2\/posts"}],"about":[{"href":"https:\/\/www.notibras.com\/site\/wp-json\/wp\/v2\/types\/post"}],"author":[{"embeddable":true,"href":"https:\/\/www.notibras.com\/site\/wp-json\/wp\/v2\/users\/2"}],"replies":[{"embeddable":true,"href":"https:\/\/www.notibras.com\/site\/wp-json\/wp\/v2\/comments?post=22765"}],"version-history":[{"count":0,"href":"https:\/\/www.notibras.com\/site\/wp-json\/wp\/v2\/posts\/22765\/revisions"}],"wp:featuredmedia":[{"embeddable":true,"href":"https:\/\/www.notibras.com\/site\/wp-json\/wp\/v2\/media\/22766"}],"wp:attachment":[{"href":"https:\/\/www.notibras.com\/site\/wp-json\/wp\/v2\/media?parent=22765"}],"wp:term":[{"taxonomy":"category","embeddable":true,"href":"https:\/\/www.notibras.com\/site\/wp-json\/wp\/v2\/categories?post=22765"},{"taxonomy":"post_tag","embeddable":true,"href":"https:\/\/www.notibras.com\/site\/wp-json\/wp\/v2\/tags?post=22765"}],"curies":[{"name":"wp","href":"https:\/\/api.w.org\/{rel}","templated":true}]}}