{"id":22772,"date":"2014-09-21T11:45:41","date_gmt":"2014-09-21T14:45:41","guid":{"rendered":"http:\/\/www.notibras.com\/site\/?p=22772"},"modified":"2014-09-21T11:50:29","modified_gmt":"2014-09-21T14:50:29","slug":"ocidente-forma-coalizacao-hipocrita-contra-o-estado-islamico","status":"publish","type":"post","link":"https:\/\/www.notibras.com\/site\/ocidente-forma-coalizacao-hipocrita-contra-o-estado-islamico\/","title":{"rendered":"Ocidente forma coaliz\u00e3o hip\u00f3crita contra o Estado Isl\u00e2mico"},"content":{"rendered":"<p>A forma\u00e7\u00e3o da Coaliz\u00e3o Internacional contra o Estado Isl\u00e2mico (EI) ocorre no momento em que pa\u00edses membros dessa Coaliz\u00e3o direta ou indiretamente desempenharam um papel na\u00a0 cria\u00e7\u00e3o deste movimento terrorista, ajudando na sua estrura\u00e7\u00e3o e continuando a apoia-lo\u00a0 de\u00a0 formas variadas.<\/p>\n<p>Os Estados Unidos e seus aliados, com objetivo de desviar e enganar a opini\u00e3o p\u00fablica mundial, est\u00e3o agrupando os\u00a0 rebeldes armados que lutam contra o governo da S\u00edria, em \u201cterroristas bons e maus\u201d ou seja de radicais e moderados. E logo depois anunciaram o seu apoio abrangente aos moderados.<\/p>\n<p>Em primeiro lugar, os grupos, tais como o Estado Isl\u00e2mico do Iraque ou Frente Al-Nosra que agora os Estados Unidos os chamam terroristas, sempre recebiam o apoio dos EUA e seus aliados e foram\u00a0 criados basicamente com a ajuda desse pa\u00eds. Em segundo lugar, a gravidade dos crimes cometidos contra o povo e o governo da S\u00edria pelo movimento que os Estados Unidos nomearam combatentes armados moderados, e enfatizaram em apoia-los, n\u00e3o s\u00e3o menores do que do Estado Isl\u00e2mico (EI) no Iraque, e na ess\u00eancia e natureza, n\u00e3o h\u00e1 distin\u00e7\u00e3o entre o Estado Isl\u00e2mico (EI). H\u00e1 previs\u00e3o de que muitos dos que hoje est\u00e3o lutando em nome de Estado Isl\u00e2mico (EI) e j\u00e1 agiram como Ex\u00e9rcito Livre da S\u00edria ou Frente isl\u00e2mica, com as crescentes press\u00f5es ao Estado Isl\u00e2mico (EI),\u00a0 conservando sua natureza, aproveitam da situa\u00e7\u00e3o e se englobam nos chamados \u201cgrupos moderados\u201d.<\/p>\n<blockquote><p>A crise na S\u00edria come\u00e7ou em 2011 , enquanto o Estado Isl\u00e2mico (EI)\u00a0 foi formado em 2013. At\u00e9 o an\u00fancio da sua exist\u00eancia, foram\u00a0 praticados in\u00fameros crimes contra o povo e o governo da S\u00edria, pelos grupos terroristas como Ex\u00e9rcito Livre da S\u00edria, ou Frente Al-Nosra e Ahrar al-Sham ou por outros grupos armados cujos crimes n\u00e3o s\u00e3o menores do que o Estado Isl\u00e2mico (EI) . Todos eles\u00a0 tamb\u00e9m foram apoiados pelos Estados Unidos e seus aliados e agora s\u00e3o conhecidos como moderados. Podemos enumerar e exemplificar alguns desses crimes cometidos por estes rebeldes e que ainda continuam sendo praticados:<\/p><\/blockquote>\n<p>-Execu\u00e7\u00e3o em massa de mais de 120 soldados do ex\u00e9rcito e pol\u00edcias pelo Ex\u00e9rcito Livre da S\u00edria nos primeiros dias de conflito na regi\u00e3o de Jisr al-Shughur na prov\u00edncia do Idlib.<\/p>\n<p>-Em 2013, nos arredores de Damascus, um grande n\u00famero de civis foram queimados vivos e alguns executados ou decapitados na pra\u00e7a da cidade. Estes crime foram atuados pelo Al-sham e Ahrar al-Aqsa.<\/p>\n<p>-Ahrar al-sham, atuamente \u00e9 um membro da Frente Isl\u00e2mica o qual devidamente, apoiado pos for\u00e7as estrangeiro faz parte da oposi\u00e7\u00e3o armada chamada moderados.<\/p>\n<p>-Em 2011 o grupo terrorista Ex\u00e9rcito Livre da S\u00edria na regi\u00e3o Daraa massacrou um grande n\u00famero de soldados capturados do ex\u00e9rcito S\u00edrio.<\/p>\n<p>&#8211; Na sequ\u00eancia do ataque qu\u00edmico em Khan al-Assal em 2012, na periferia de Aleppo, os inqu\u00e9ritos determinaram que esta a\u00e7\u00e3o foi feita pela Frente Al-Nosra. De acordo com Embaixador Russo na ONU, Vitali Tchurkine,\u00a0 especialistas russos recolheram amostras do local do ataque, em Khan al-Assal, e as provas que foram enviadas em um documento de 80 p\u00e1ginas ao Secret\u00e1rio geral das Na\u00e7\u00f5es Unidas, Ban Ki-moon aprovaram que os rebeldes s\u00edrios utilizavam g\u00e1s Sarin no dia 19 de mar\u00e7o de 2012 , perto de Aleppo (norte).<\/p>\n<p>-O tragico crime na aldeia Holeh da prov\u00edncia de Hama, pelo Ex\u00e9rcito Livre da S\u00edria e a Frente Al-Nosra que massacram\u00a0 mais de 110 civis, a maioria deles mulheres e crian\u00e7as, em suas casas.<\/p>\n<p>-Ataques aos locais religiosos, incluindo a cidade crist\u00e3 Malula, e a captura de freiras, todos estes crimes foram e s\u00e3o praticados por rebeldes sirios que os EUA alega que s\u00e3o elementos moderados (bom terroristas) e\u00a0 que devem ser armados e apoiados financeiramente.<\/p>\n<p>O Estado Isl\u00e2mico (EI) surgiu no in\u00edcio de 2013, enquanto j\u00e1 ele era conhecido, sob o nome Estado Isl\u00e2mico no Iraque e era comandado por Abu Bakr Al-Baghdadi. Desde o in\u00edcio da crise ele entrou em a\u00e7\u00e3o praticando muitos crimes. Quem formou o grupo Frente Al-Nosra na S\u00edria sob comando de Abu Mohammed Al Jolani foi o Abu Bakr al-Bagdadi. Em abril de 2013, Bagdadi anunciou que o Estado Isl\u00e2mico do Iraque e a Frente Al-Nosra, um grupo jihadista presente na S\u00edria, se fundiram para se converter no Estado Isl\u00e2mico do Iraque e Levante, mas a Al-Nosra negou-se a aderir a este movimento e os dois grupos come\u00e7aram a agir separadamente at\u00e9 o in\u00edcio de janeiro de 2014.Tudo isso aprova que EI antes da sua forma\u00e7\u00e3o no Iraque agia e lutava na S\u00edria com o apoio dos EUA e os seus aliados. Agora a Frente Al-Nosra \u00e9 um dos principais grupos armados contra Governo S\u00edrio que tamb\u00e9m tem o suporte externo.<\/p>\n<p>Hillary Clinton, ex-secret\u00e1ria do Estado norte americano, nas suas mem\u00f3rias sob o t\u00edtulo \u201cEscolhas Dif\u00edceis\u201d escreve:\u201d numa reuni\u00e3o com os parceiros estrat\u00e9gicos dos EUA e o pa\u00edses do Golfo P\u00e9rsico em Riade discutimos sobre a oposi\u00e7\u00e3o S\u00edria. Eu l\u00e1 disse enquanto se fala de assist\u00eancia, \u00e9 na verdade sobre uma extensa ajuda que cada um pode prestar\u201d. Ela falou em v\u00e1rios capitulos do seu livro sobre a a\u00e7\u00e3o americana em arma\u00e7\u00e3o a\u00a0 oposi\u00e7\u00e3o S\u00edria que na sua vis\u00e3o eram bom terroristas.<\/p>\n<p>Diferenciar os grupos armados na S\u00edria \u00e9 hipocrisia e enganar a opini\u00e3o p\u00fablica. N\u00e3o existem diferen\u00e7as em termos de sua fonte de alimenta\u00e7\u00e3o financeira e intelectual, entre grupos como o Ex\u00e9rcito Livre da S\u00edria, Frente Isl\u00e2mica ou Ahrar Al-Islam. Assassinato e terror s\u00e3o as semelhan\u00e7as entre todos estes grupos terroristas. Todos eles na sua ess\u00eancia procuram estabelecer o seu califado isl\u00e2mico.<\/p>\n<p>O Estado Isl\u00e2mico(EI) n\u00e3o \u00e9 uma criatura estranha que tenha surgido de repente. Um grande n\u00famero de membros do EI s\u00e3o estrangeiros que entraram na S\u00edria com assist\u00eancia externa e atrav\u00e9s dos pa\u00edses da regi\u00e3o ou das fronteiras de pa\u00edses vizinhos. Mesmo assim a maior parte dos rebeldes s\u00e3o s\u00edrios que lutam com o apoio externo e o seu objetivo \u00e9\u00a0 derrubar o regime S\u00edrio.<\/p>\n<p>Os EUA e seus aliados na OTAN anunciaram que na luta contra o terrorismo, o primeiro passo \u00e9 barrar o envio de\u00a0 armas e recursos ao EI. Enquanto que na sua maioria, os que forneceram armamentos ou foram meios de envio dos recursos para os rebeldes, s\u00e3o aliados dos EUA hoje est\u00e3o presentes na coaliz\u00e3o anti-EI.<\/p>\n<p>N\u00e3o existe a luta armada boa ou m\u00e1. A luta armada contra um governo legitimo \u00e9 terrorismo e apoia-la \u00e9 ser c\u00famplice dessas a\u00e7\u00f5es terroristas.<\/p>\n<p>Em conformidade com o direito internacional e da Carta das Na\u00e7\u00f5es Unidas em particular, \u00e9 proibida a interven\u00e7\u00e3o nos assuntos internos dos pa\u00edses. Enquanto os Estados Unidos e os aliados n\u00e3o s\u00f3 apoiaram \u00e0 oposi\u00e7\u00e3o politica na S\u00edria, mas claramente tinham suportados os rebeldes\u00a0 armados e o fluxo do terrorismo. Este ato n\u00e3o s\u00f3 viola as regras internacionais, mas \u00e9 participa\u00e7\u00e3o nos crimes contra humanidade que ocorrem na S\u00edria e no Iraque.<\/p>\n<p>A Rep\u00fablica Isl\u00e2mica do Ir\u00e3 desde o in\u00edcio da crise na S\u00edria, ajudou o governo e o povo S\u00edrio na luta contra os grupos terroristas. Desde o in\u00edcio, n\u00f3s advertimos que esta guerra \u00e9 um confronto entre o governo e os grupos terroristas S\u00edrios e que n\u00e3o existe uma saudavel oposi\u00e7\u00e3o pol\u00edtica. Infelizmente, pa\u00edses que hoje se formaram coaliz\u00e3o anti-EI, sempre protegeram estes grupos terroristas, cometeram erros\u00a0 no passado, e hoje com alguns pretextos procuram lutar aparentemente com a origem de um problema que eram c\u00famplice e compartilharam na sua cria\u00e7\u00e3o.<\/p>\n<p>A luta contra o terrorismo deve ser baseada em uma agenda clara, l\u00f3gica e realista e em coordena\u00e7\u00e3o com as Na\u00e7\u00f5es Unidas. A Coaliz\u00e3o na a\u00e7\u00e3o anti-terrorista deve colaborar com os pa\u00edses onde est\u00e3o contaminados com os grupos terroristas e o EI. Caso contr\u00e1rio, considera-se uma invas\u00e3o, consequentemente sem efeito, agravando ainda mais a crise.<\/p>\n<p>A Rep\u00fablica Isl\u00e2mica do Ir\u00e3 tamb\u00e9m devido \u00e0 ambig\u00fcidade e pontos de interroga\u00e7\u00e3o na forma\u00e7\u00e3o e conte\u00fado da luta contra o terrorismo que \u00e9 considerado il\u00f3gico e n\u00e3o-realista, n\u00e3o se envolveu nas atividades. Ao mesmo tempo, a Rep\u00fablica Isl\u00e2mica do Ir\u00e3, n\u00e3o hesita nos esfor\u00e7os que possam ajudar os pa\u00edses que est\u00e3o lutando contra terroristas, em particular, com Estado Isl\u00e2mica (EI).<\/p>\n<p><strong>Mehdi Agha Mohammad Zanjani<\/strong><\/p>\n","protected":false},"excerpt":{"rendered":"<p>A forma\u00e7\u00e3o da Coaliz\u00e3o Internacional contra o Estado Isl\u00e2mico (EI) ocorre no momento em que pa\u00edses membros dessa Coaliz\u00e3o direta ou indiretamente desempenharam um papel na\u00a0 cria\u00e7\u00e3o deste movimento terrorista, ajudando na sua estrura\u00e7\u00e3o e continuando a apoia-lo\u00a0 de\u00a0 formas variadas. Os Estados Unidos e seus aliados, com objetivo de desviar e enganar a opini\u00e3o [&hellip;]<\/p>\n","protected":false},"author":2,"featured_media":22773,"comment_status":"open","ping_status":"closed","sticky":false,"template":"","format":"standard","meta":{"_acf_changed":false,"footnotes":""},"categories":[25],"tags":[],"class_list":["post-22772","post","type-post","status-publish","format-standard","has-post-thumbnail","hentry","category-opina-ai"],"acf":[],"yoast_head":"<!-- This site is optimized with the Yoast SEO plugin v27.5 - https:\/\/yoast.com\/product\/yoast-seo-wordpress\/ -->\n<title>Ocidente forma coaliz\u00e3o hip\u00f3crita contra o Estado Isl\u00e2mico - Notibras<\/title>\n<meta name=\"robots\" content=\"index, follow, max-snippet:-1, max-image-preview:large, max-video-preview:-1\" \/>\n<link rel=\"canonical\" href=\"https:\/\/www.notibras.com\/site\/ocidente-forma-coalizacao-hipocrita-contra-o-estado-islamico\/\" \/>\n<meta property=\"og:locale\" content=\"pt_BR\" \/>\n<meta property=\"og:type\" content=\"article\" \/>\n<meta property=\"og:title\" content=\"Ocidente forma coaliz\u00e3o hip\u00f3crita contra o Estado Isl\u00e2mico - Notibras\" \/>\n<meta property=\"og:description\" content=\"A forma\u00e7\u00e3o da Coaliz\u00e3o Internacional contra o Estado Isl\u00e2mico (EI) ocorre no momento em que pa\u00edses membros dessa Coaliz\u00e3o direta ou indiretamente desempenharam um papel na\u00a0 cria\u00e7\u00e3o deste movimento terrorista, ajudando na sua estrura\u00e7\u00e3o e continuando a apoia-lo\u00a0 de\u00a0 formas variadas. Os Estados Unidos e seus aliados, com objetivo de desviar e enganar a opini\u00e3o [&hellip;]\" \/>\n<meta property=\"og:url\" content=\"https:\/\/www.notibras.com\/site\/ocidente-forma-coalizacao-hipocrita-contra-o-estado-islamico\/\" \/>\n<meta property=\"og:site_name\" content=\"Notibras\" \/>\n<meta property=\"article:publisher\" content=\"https:\/\/www.facebook.com\/notibras\/\" \/>\n<meta property=\"article:published_time\" content=\"2014-09-21T14:45:41+00:00\" \/>\n<meta property=\"article:modified_time\" content=\"2014-09-21T14:50:29+00:00\" \/>\n<meta property=\"og:image\" content=\"https:\/\/www.notibras.com\/site\/wp-content\/uploads\/2014\/09\/estado-islamico2.jpg\" \/>\n\t<meta property=\"og:image:width\" content=\"620\" \/>\n\t<meta property=\"og:image:height\" content=\"348\" \/>\n\t<meta property=\"og:image:type\" content=\"image\/jpeg\" \/>\n<meta name=\"author\" content=\"Reda\u00e7\u00e3o\" \/>\n<meta name=\"twitter:card\" content=\"summary_large_image\" \/>\n<meta name=\"twitter:creator\" content=\"@Notibras\" \/>\n<meta name=\"twitter:site\" content=\"@Notibras\" \/>\n<meta name=\"twitter:label1\" content=\"Escrito por\" \/>\n\t<meta name=\"twitter:data1\" content=\"Reda\u00e7\u00e3o\" \/>\n\t<meta name=\"twitter:label2\" content=\"Est. tempo de leitura\" \/>\n\t<meta name=\"twitter:data2\" content=\"7 minutos\" \/>\n<script type=\"application\/ld+json\" class=\"yoast-schema-graph\">{\"@context\":\"https:\\\/\\\/schema.org\",\"@graph\":[{\"@type\":\"Article\",\"@id\":\"https:\\\/\\\/www.notibras.com\\\/site\\\/ocidente-forma-coalizacao-hipocrita-contra-o-estado-islamico\\\/#article\",\"isPartOf\":{\"@id\":\"https:\\\/\\\/www.notibras.com\\\/site\\\/ocidente-forma-coalizacao-hipocrita-contra-o-estado-islamico\\\/\"},\"author\":{\"name\":\"Reda\u00e7\u00e3o\",\"@id\":\"https:\\\/\\\/www.notibras.com\\\/site\\\/#\\\/schema\\\/person\\\/36ab0979449956132d3e5b517ea76ac8\"},\"headline\":\"Ocidente forma coaliz\u00e3o hip\u00f3crita contra o Estado Isl\u00e2mico\",\"datePublished\":\"2014-09-21T14:45:41+00:00\",\"dateModified\":\"2014-09-21T14:50:29+00:00\",\"mainEntityOfPage\":{\"@id\":\"https:\\\/\\\/www.notibras.com\\\/site\\\/ocidente-forma-coalizacao-hipocrita-contra-o-estado-islamico\\\/\"},\"wordCount\":1509,\"commentCount\":0,\"publisher\":{\"@id\":\"https:\\\/\\\/www.notibras.com\\\/site\\\/#organization\"},\"image\":{\"@id\":\"https:\\\/\\\/www.notibras.com\\\/site\\\/ocidente-forma-coalizacao-hipocrita-contra-o-estado-islamico\\\/#primaryimage\"},\"thumbnailUrl\":\"https:\\\/\\\/www.notibras.com\\\/site\\\/wp-content\\\/uploads\\\/2014\\\/09\\\/estado-islamico2.jpg\",\"articleSection\":[\"Opina a\u00ed\"],\"inLanguage\":\"pt-BR\",\"potentialAction\":[{\"@type\":\"CommentAction\",\"name\":\"Comment\",\"target\":[\"https:\\\/\\\/www.notibras.com\\\/site\\\/ocidente-forma-coalizacao-hipocrita-contra-o-estado-islamico\\\/#respond\"]}]},{\"@type\":\"WebPage\",\"@id\":\"https:\\\/\\\/www.notibras.com\\\/site\\\/ocidente-forma-coalizacao-hipocrita-contra-o-estado-islamico\\\/\",\"url\":\"https:\\\/\\\/www.notibras.com\\\/site\\\/ocidente-forma-coalizacao-hipocrita-contra-o-estado-islamico\\\/\",\"name\":\"Ocidente forma coaliz\u00e3o hip\u00f3crita contra o Estado Isl\u00e2mico - Notibras\",\"isPartOf\":{\"@id\":\"https:\\\/\\\/www.notibras.com\\\/site\\\/#website\"},\"primaryImageOfPage\":{\"@id\":\"https:\\\/\\\/www.notibras.com\\\/site\\\/ocidente-forma-coalizacao-hipocrita-contra-o-estado-islamico\\\/#primaryimage\"},\"image\":{\"@id\":\"https:\\\/\\\/www.notibras.com\\\/site\\\/ocidente-forma-coalizacao-hipocrita-contra-o-estado-islamico\\\/#primaryimage\"},\"thumbnailUrl\":\"https:\\\/\\\/www.notibras.com\\\/site\\\/wp-content\\\/uploads\\\/2014\\\/09\\\/estado-islamico2.jpg\",\"datePublished\":\"2014-09-21T14:45:41+00:00\",\"dateModified\":\"2014-09-21T14:50:29+00:00\",\"breadcrumb\":{\"@id\":\"https:\\\/\\\/www.notibras.com\\\/site\\\/ocidente-forma-coalizacao-hipocrita-contra-o-estado-islamico\\\/#breadcrumb\"},\"inLanguage\":\"pt-BR\",\"potentialAction\":[{\"@type\":\"ReadAction\",\"target\":[\"https:\\\/\\\/www.notibras.com\\\/site\\\/ocidente-forma-coalizacao-hipocrita-contra-o-estado-islamico\\\/\"]}]},{\"@type\":\"ImageObject\",\"inLanguage\":\"pt-BR\",\"@id\":\"https:\\\/\\\/www.notibras.com\\\/site\\\/ocidente-forma-coalizacao-hipocrita-contra-o-estado-islamico\\\/#primaryimage\",\"url\":\"https:\\\/\\\/www.notibras.com\\\/site\\\/wp-content\\\/uploads\\\/2014\\\/09\\\/estado-islamico2.jpg\",\"contentUrl\":\"https:\\\/\\\/www.notibras.com\\\/site\\\/wp-content\\\/uploads\\\/2014\\\/09\\\/estado-islamico2.jpg\",\"width\":620,\"height\":348},{\"@type\":\"BreadcrumbList\",\"@id\":\"https:\\\/\\\/www.notibras.com\\\/site\\\/ocidente-forma-coalizacao-hipocrita-contra-o-estado-islamico\\\/#breadcrumb\",\"itemListElement\":[{\"@type\":\"ListItem\",\"position\":1,\"name\":\"In\u00edcio\",\"item\":\"https:\\\/\\\/www.notibras.com\\\/site\\\/\"},{\"@type\":\"ListItem\",\"position\":2,\"name\":\"Ocidente forma coaliz\u00e3o hip\u00f3crita contra o Estado Isl\u00e2mico\"}]},{\"@type\":\"WebSite\",\"@id\":\"https:\\\/\\\/www.notibras.com\\\/site\\\/#website\",\"url\":\"https:\\\/\\\/www.notibras.com\\\/site\\\/\",\"name\":\"Notibras\",\"description\":\"Not\u00edcias de Bras\u00edlia, do Brasil e do Mundo\",\"publisher\":{\"@id\":\"https:\\\/\\\/www.notibras.com\\\/site\\\/#organization\"},\"potentialAction\":[{\"@type\":\"SearchAction\",\"target\":{\"@type\":\"EntryPoint\",\"urlTemplate\":\"https:\\\/\\\/www.notibras.com\\\/site\\\/?s={search_term_string}\"},\"query-input\":{\"@type\":\"PropertyValueSpecification\",\"valueRequired\":true,\"valueName\":\"search_term_string\"}}],\"inLanguage\":\"pt-BR\"},{\"@type\":\"Organization\",\"@id\":\"https:\\\/\\\/www.notibras.com\\\/site\\\/#organization\",\"name\":\"Grupo Notibras de Comunica\u00e7\u00e3o\",\"url\":\"https:\\\/\\\/www.notibras.com\\\/site\\\/\",\"logo\":{\"@type\":\"ImageObject\",\"inLanguage\":\"pt-BR\",\"@id\":\"https:\\\/\\\/www.notibras.com\\\/site\\\/#\\\/schema\\\/logo\\\/image\\\/\",\"url\":\"https:\\\/\\\/www.notibras.com\\\/site\\\/wp-content\\\/uploads\\\/2023\\\/01\\\/notibras23.png\",\"contentUrl\":\"https:\\\/\\\/www.notibras.com\\\/site\\\/wp-content\\\/uploads\\\/2023\\\/01\\\/notibras23.png\",\"width\":350,\"height\":87,\"caption\":\"Grupo Notibras de Comunica\u00e7\u00e3o\"},\"image\":{\"@id\":\"https:\\\/\\\/www.notibras.com\\\/site\\\/#\\\/schema\\\/logo\\\/image\\\/\"},\"sameAs\":[\"https:\\\/\\\/www.facebook.com\\\/notibras\\\/\",\"https:\\\/\\\/x.com\\\/Notibras\",\"https:\\\/\\\/www.instagram.com\\\/notibras\\\/\"]},{\"@type\":\"Person\",\"@id\":\"https:\\\/\\\/www.notibras.com\\\/site\\\/#\\\/schema\\\/person\\\/36ab0979449956132d3e5b517ea76ac8\",\"name\":\"Reda\u00e7\u00e3o\",\"image\":{\"@type\":\"ImageObject\",\"inLanguage\":\"pt-BR\",\"@id\":\"https:\\\/\\\/secure.gravatar.com\\\/avatar\\\/e0a867bdedb85fd243eadf09663511f96fc81e0720a4a42581f334ad4303aa6b?s=96&d=mm&r=g\",\"url\":\"https:\\\/\\\/secure.gravatar.com\\\/avatar\\\/e0a867bdedb85fd243eadf09663511f96fc81e0720a4a42581f334ad4303aa6b?s=96&d=mm&r=g\",\"contentUrl\":\"https:\\\/\\\/secure.gravatar.com\\\/avatar\\\/e0a867bdedb85fd243eadf09663511f96fc81e0720a4a42581f334ad4303aa6b?s=96&d=mm&r=g\",\"caption\":\"Reda\u00e7\u00e3o\"}}]}<\/script>\n<!-- \/ Yoast SEO plugin. -->","yoast_head_json":{"title":"Ocidente forma coaliz\u00e3o hip\u00f3crita contra o Estado Isl\u00e2mico - Notibras","robots":{"index":"index","follow":"follow","max-snippet":"max-snippet:-1","max-image-preview":"max-image-preview:large","max-video-preview":"max-video-preview:-1"},"canonical":"https:\/\/www.notibras.com\/site\/ocidente-forma-coalizacao-hipocrita-contra-o-estado-islamico\/","og_locale":"pt_BR","og_type":"article","og_title":"Ocidente forma coaliz\u00e3o hip\u00f3crita contra o Estado Isl\u00e2mico - Notibras","og_description":"A forma\u00e7\u00e3o da Coaliz\u00e3o Internacional contra o Estado Isl\u00e2mico (EI) ocorre no momento em que pa\u00edses membros dessa Coaliz\u00e3o direta ou indiretamente desempenharam um papel na\u00a0 cria\u00e7\u00e3o deste movimento terrorista, ajudando na sua estrura\u00e7\u00e3o e continuando a apoia-lo\u00a0 de\u00a0 formas variadas. Os Estados Unidos e seus aliados, com objetivo de desviar e enganar a opini\u00e3o [&hellip;]","og_url":"https:\/\/www.notibras.com\/site\/ocidente-forma-coalizacao-hipocrita-contra-o-estado-islamico\/","og_site_name":"Notibras","article_publisher":"https:\/\/www.facebook.com\/notibras\/","article_published_time":"2014-09-21T14:45:41+00:00","article_modified_time":"2014-09-21T14:50:29+00:00","og_image":[{"width":620,"height":348,"url":"https:\/\/www.notibras.com\/site\/wp-content\/uploads\/2014\/09\/estado-islamico2.jpg","type":"image\/jpeg"}],"author":"Reda\u00e7\u00e3o","twitter_card":"summary_large_image","twitter_creator":"@Notibras","twitter_site":"@Notibras","twitter_misc":{"Escrito por":"Reda\u00e7\u00e3o","Est. tempo de leitura":"7 minutos"},"schema":{"@context":"https:\/\/schema.org","@graph":[{"@type":"Article","@id":"https:\/\/www.notibras.com\/site\/ocidente-forma-coalizacao-hipocrita-contra-o-estado-islamico\/#article","isPartOf":{"@id":"https:\/\/www.notibras.com\/site\/ocidente-forma-coalizacao-hipocrita-contra-o-estado-islamico\/"},"author":{"name":"Reda\u00e7\u00e3o","@id":"https:\/\/www.notibras.com\/site\/#\/schema\/person\/36ab0979449956132d3e5b517ea76ac8"},"headline":"Ocidente forma coaliz\u00e3o hip\u00f3crita contra o Estado Isl\u00e2mico","datePublished":"2014-09-21T14:45:41+00:00","dateModified":"2014-09-21T14:50:29+00:00","mainEntityOfPage":{"@id":"https:\/\/www.notibras.com\/site\/ocidente-forma-coalizacao-hipocrita-contra-o-estado-islamico\/"},"wordCount":1509,"commentCount":0,"publisher":{"@id":"https:\/\/www.notibras.com\/site\/#organization"},"image":{"@id":"https:\/\/www.notibras.com\/site\/ocidente-forma-coalizacao-hipocrita-contra-o-estado-islamico\/#primaryimage"},"thumbnailUrl":"https:\/\/www.notibras.com\/site\/wp-content\/uploads\/2014\/09\/estado-islamico2.jpg","articleSection":["Opina a\u00ed"],"inLanguage":"pt-BR","potentialAction":[{"@type":"CommentAction","name":"Comment","target":["https:\/\/www.notibras.com\/site\/ocidente-forma-coalizacao-hipocrita-contra-o-estado-islamico\/#respond"]}]},{"@type":"WebPage","@id":"https:\/\/www.notibras.com\/site\/ocidente-forma-coalizacao-hipocrita-contra-o-estado-islamico\/","url":"https:\/\/www.notibras.com\/site\/ocidente-forma-coalizacao-hipocrita-contra-o-estado-islamico\/","name":"Ocidente forma coaliz\u00e3o hip\u00f3crita contra o Estado Isl\u00e2mico - Notibras","isPartOf":{"@id":"https:\/\/www.notibras.com\/site\/#website"},"primaryImageOfPage":{"@id":"https:\/\/www.notibras.com\/site\/ocidente-forma-coalizacao-hipocrita-contra-o-estado-islamico\/#primaryimage"},"image":{"@id":"https:\/\/www.notibras.com\/site\/ocidente-forma-coalizacao-hipocrita-contra-o-estado-islamico\/#primaryimage"},"thumbnailUrl":"https:\/\/www.notibras.com\/site\/wp-content\/uploads\/2014\/09\/estado-islamico2.jpg","datePublished":"2014-09-21T14:45:41+00:00","dateModified":"2014-09-21T14:50:29+00:00","breadcrumb":{"@id":"https:\/\/www.notibras.com\/site\/ocidente-forma-coalizacao-hipocrita-contra-o-estado-islamico\/#breadcrumb"},"inLanguage":"pt-BR","potentialAction":[{"@type":"ReadAction","target":["https:\/\/www.notibras.com\/site\/ocidente-forma-coalizacao-hipocrita-contra-o-estado-islamico\/"]}]},{"@type":"ImageObject","inLanguage":"pt-BR","@id":"https:\/\/www.notibras.com\/site\/ocidente-forma-coalizacao-hipocrita-contra-o-estado-islamico\/#primaryimage","url":"https:\/\/www.notibras.com\/site\/wp-content\/uploads\/2014\/09\/estado-islamico2.jpg","contentUrl":"https:\/\/www.notibras.com\/site\/wp-content\/uploads\/2014\/09\/estado-islamico2.jpg","width":620,"height":348},{"@type":"BreadcrumbList","@id":"https:\/\/www.notibras.com\/site\/ocidente-forma-coalizacao-hipocrita-contra-o-estado-islamico\/#breadcrumb","itemListElement":[{"@type":"ListItem","position":1,"name":"In\u00edcio","item":"https:\/\/www.notibras.com\/site\/"},{"@type":"ListItem","position":2,"name":"Ocidente forma coaliz\u00e3o hip\u00f3crita contra o Estado Isl\u00e2mico"}]},{"@type":"WebSite","@id":"https:\/\/www.notibras.com\/site\/#website","url":"https:\/\/www.notibras.com\/site\/","name":"Notibras","description":"Not\u00edcias de Bras\u00edlia, do Brasil e do Mundo","publisher":{"@id":"https:\/\/www.notibras.com\/site\/#organization"},"potentialAction":[{"@type":"SearchAction","target":{"@type":"EntryPoint","urlTemplate":"https:\/\/www.notibras.com\/site\/?s={search_term_string}"},"query-input":{"@type":"PropertyValueSpecification","valueRequired":true,"valueName":"search_term_string"}}],"inLanguage":"pt-BR"},{"@type":"Organization","@id":"https:\/\/www.notibras.com\/site\/#organization","name":"Grupo Notibras de Comunica\u00e7\u00e3o","url":"https:\/\/www.notibras.com\/site\/","logo":{"@type":"ImageObject","inLanguage":"pt-BR","@id":"https:\/\/www.notibras.com\/site\/#\/schema\/logo\/image\/","url":"https:\/\/www.notibras.com\/site\/wp-content\/uploads\/2023\/01\/notibras23.png","contentUrl":"https:\/\/www.notibras.com\/site\/wp-content\/uploads\/2023\/01\/notibras23.png","width":350,"height":87,"caption":"Grupo Notibras de Comunica\u00e7\u00e3o"},"image":{"@id":"https:\/\/www.notibras.com\/site\/#\/schema\/logo\/image\/"},"sameAs":["https:\/\/www.facebook.com\/notibras\/","https:\/\/x.com\/Notibras","https:\/\/www.instagram.com\/notibras\/"]},{"@type":"Person","@id":"https:\/\/www.notibras.com\/site\/#\/schema\/person\/36ab0979449956132d3e5b517ea76ac8","name":"Reda\u00e7\u00e3o","image":{"@type":"ImageObject","inLanguage":"pt-BR","@id":"https:\/\/secure.gravatar.com\/avatar\/e0a867bdedb85fd243eadf09663511f96fc81e0720a4a42581f334ad4303aa6b?s=96&d=mm&r=g","url":"https:\/\/secure.gravatar.com\/avatar\/e0a867bdedb85fd243eadf09663511f96fc81e0720a4a42581f334ad4303aa6b?s=96&d=mm&r=g","contentUrl":"https:\/\/secure.gravatar.com\/avatar\/e0a867bdedb85fd243eadf09663511f96fc81e0720a4a42581f334ad4303aa6b?s=96&d=mm&r=g","caption":"Reda\u00e7\u00e3o"}}]}},"amp_enabled":true,"_links":{"self":[{"href":"https:\/\/www.notibras.com\/site\/wp-json\/wp\/v2\/posts\/22772","targetHints":{"allow":["GET"]}}],"collection":[{"href":"https:\/\/www.notibras.com\/site\/wp-json\/wp\/v2\/posts"}],"about":[{"href":"https:\/\/www.notibras.com\/site\/wp-json\/wp\/v2\/types\/post"}],"author":[{"embeddable":true,"href":"https:\/\/www.notibras.com\/site\/wp-json\/wp\/v2\/users\/2"}],"replies":[{"embeddable":true,"href":"https:\/\/www.notibras.com\/site\/wp-json\/wp\/v2\/comments?post=22772"}],"version-history":[{"count":0,"href":"https:\/\/www.notibras.com\/site\/wp-json\/wp\/v2\/posts\/22772\/revisions"}],"wp:featuredmedia":[{"embeddable":true,"href":"https:\/\/www.notibras.com\/site\/wp-json\/wp\/v2\/media\/22773"}],"wp:attachment":[{"href":"https:\/\/www.notibras.com\/site\/wp-json\/wp\/v2\/media?parent=22772"}],"wp:term":[{"taxonomy":"category","embeddable":true,"href":"https:\/\/www.notibras.com\/site\/wp-json\/wp\/v2\/categories?post=22772"},{"taxonomy":"post_tag","embeddable":true,"href":"https:\/\/www.notibras.com\/site\/wp-json\/wp\/v2\/tags?post=22772"}],"curies":[{"name":"wp","href":"https:\/\/api.w.org\/{rel}","templated":true}]}}