{"id":22779,"date":"2014-09-21T10:04:40","date_gmt":"2014-09-21T13:04:40","guid":{"rendered":"http:\/\/www.notibras.com\/site\/?p=22779"},"modified":"2014-09-21T12:07:44","modified_gmt":"2014-09-21T15:07:44","slug":"professora-presa-por-bater-e-raspar-cabeca-de-filha-embriagada","status":"publish","type":"post","link":"https:\/\/www.notibras.com\/site\/professora-presa-por-bater-e-raspar-cabeca-de-filha-embriagada\/","title":{"rendered":"Professora presa por bater e raspar cabe\u00e7a de filha embriagada"},"content":{"rendered":"<p>Uma professora da rede p\u00fablica foi detida por suspeita de espancar e raspar o cabelo da filha de 15 anos ap\u00f3s encontrar a adolescente embriagada na casa de amigos em Formosa (GO). A mulher, que d\u00e1 aulas em uma escola de Planaltina, vai responder por maus-tratos, informou a Pol\u00edcia Civil. Ao delegado que registrou a ocorr\u00eancia, a mulher admitiu ter agredido a menina e disse que \u201cqueria corrigir a pr\u00f3pria filha\u201d.<\/p>\n<p>A m\u00e3e da adolescente, que n\u00e3o quis se identificar, disse que agiu sem pensar. &#8220;Encontrei ela b\u00eabada com dois rapazes. Uma menina de 15 anos! Na hora, isso \u00e9 um choque para uma m\u00e3e. Nada do que eu fiz foi pensado, n\u00e3o fiz de maldade. Estou em tratamento psicol\u00f3gico&#8221;, disse.<\/p>\n<blockquote><p>De acordo com a ocorr\u00eancia registrada na delegacia, a menina saiu de casa na companhia de dois amigos na noite do dia 7 dizendo \u00e0 m\u00e3e que iria comer pizza. Na manh\u00e3 seguinte, a m\u00e3e foi \u00e0 casa de um dos jovens buscar a adolescente, que deveria ter ido para a escola, e a encontrou b\u00eabada.<\/p><\/blockquote>\n<div class=\"frase-materia componente_materia expandido\">\n<div class=\"frase\">&#8211; A crian\u00e7a estava com um hematoma, ent\u00e3o o procedimento \u00e9 levar na delegacia para o delegado dar encaminhamento para ir para o IML, para fazer o exame de corpo de delito. Depois fomos at\u00e9 a resid\u00eancia da adolescente, pegamos as roupas dela e coloquei no carro junto com o pai, e foram embora para Bras\u00edlia&#8221;<\/div>\n<div class=\"autor\">Maria Sarafim, conselheira tutelar<\/div>\n<\/div>\n<p>Segundo um amigo da fam\u00edlia que n\u00e3o quis se identificar, a menina n\u00e3o conseguia sequer se levantar. \u201cEla estava muito b\u00eabada de vodca, n\u00e3o conseguia nem andar direito. A m\u00e3e pegou ela imediatamente e levou para um cabeleireiro de homem e raspou a cabe\u00e7a dela. Ela tinha o cabelo loiro, comprido, nas costas\u201d, diz. \u201cDepois ela levou [a filha] para dentro de casa, deu chute, soco, a cara dela ficou muito machucada.\u201d<\/p>\n","protected":false},"excerpt":{"rendered":"<p>Uma professora da rede p\u00fablica foi detida por suspeita de espancar e raspar o cabelo da filha de 15 anos ap\u00f3s encontrar a adolescente embriagada na casa de amigos em Formosa (GO). A mulher, que d\u00e1 aulas em uma escola de Planaltina, vai responder por maus-tratos, informou a Pol\u00edcia Civil. Ao delegado que registrou a [&hellip;]<\/p>\n","protected":false},"author":2,"featured_media":22780,"comment_status":"open","ping_status":"closed","sticky":false,"template":"","format":"standard","meta":{"_acf_changed":false,"footnotes":""},"categories":[1],"tags":[],"class_list":["post-22779","post","type-post","status-publish","format-standard","has-post-thumbnail","hentry","category-brasilia"],"acf":[],"_links":{"self":[{"href":"https:\/\/www.notibras.com\/site\/wp-json\/wp\/v2\/posts\/22779","targetHints":{"allow":["GET"]}}],"collection":[{"href":"https:\/\/www.notibras.com\/site\/wp-json\/wp\/v2\/posts"}],"about":[{"href":"https:\/\/www.notibras.com\/site\/wp-json\/wp\/v2\/types\/post"}],"author":[{"embeddable":true,"href":"https:\/\/www.notibras.com\/site\/wp-json\/wp\/v2\/users\/2"}],"replies":[{"embeddable":true,"href":"https:\/\/www.notibras.com\/site\/wp-json\/wp\/v2\/comments?post=22779"}],"version-history":[{"count":0,"href":"https:\/\/www.notibras.com\/site\/wp-json\/wp\/v2\/posts\/22779\/revisions"}],"wp:featuredmedia":[{"embeddable":true,"href":"https:\/\/www.notibras.com\/site\/wp-json\/wp\/v2\/media\/22780"}],"wp:attachment":[{"href":"https:\/\/www.notibras.com\/site\/wp-json\/wp\/v2\/media?parent=22779"}],"wp:term":[{"taxonomy":"category","embeddable":true,"href":"https:\/\/www.notibras.com\/site\/wp-json\/wp\/v2\/categories?post=22779"},{"taxonomy":"post_tag","embeddable":true,"href":"https:\/\/www.notibras.com\/site\/wp-json\/wp\/v2\/tags?post=22779"}],"curies":[{"name":"wp","href":"https:\/\/api.w.org\/{rel}","templated":true}]}}