{"id":22793,"date":"2014-09-21T18:20:43","date_gmt":"2014-09-21T21:20:43","guid":{"rendered":"http:\/\/www.notibras.com\/site\/?p=22793"},"modified":"2014-09-21T18:20:43","modified_gmt":"2014-09-21T21:20:43","slug":"vitoria-do-galo-trava-corrida-do-cruzeiro-rumo-ao-titulo","status":"publish","type":"post","link":"https:\/\/www.notibras.com\/site\/vitoria-do-galo-trava-corrida-do-cruzeiro-rumo-ao-titulo\/","title":{"rendered":"Vit\u00f3ria do Galo trava corrida do Cruzeiro rumo ao t\u00edtulo"},"content":{"rendered":"<p>Em partida muito disputada, com problemas causados por torcedores antes e depois do jogo \u2013 que chegou a ficar paralisado por poucos minutos no primeiro tempo, o Atl\u00e9tico-MG venceu o l\u00edder Cruzeiro, por 3 a 2, neste domingo, no Mineir\u00e3o. O resultado segura o time celeste com 49 pontos e leva a equipe atleticana aos 37, mostrando efetivamente que entrou na briga pelo G4. A partida foi marcada pelo emo\u00e7\u00e3o e pelas muitas alternativas.<\/p>\n<p>O gol do triunfo alvinegro saiu aos 46 min do segundo tempo, marcado por Carlos. S\u00f3 n\u00e3o foi pior para o Cruzeiro, por causa da vit\u00f3ria do Corinthians sobre o S\u00e3o Paulo, pelo mesmo placar, o que manteve a diferen\u00e7a entre l\u00edder e vice em sete pontos.<\/p>\n<p>Levir Culpi ousou e escalou um time com um s\u00f3 volante e com meias e atacantes de velocidade. O Atl\u00e9tico-MG levou sufoco do advers\u00e1rio a maior parte do tempo, mas teve \u00eaxito nos contra-ataques. A partida foi nervosa fora de campo. Os atleticanos, que tiveram acesso a apenas 10% dos ingressos, para provocar os rivais, em maioria, usaram bombas e sinalizadores, enfuma\u00e7ando o Mineir\u00e3o, interrompendo o jogo e gerando a a\u00e7\u00e3o policial para reprimir. Com a derrota, o Cruzeiro perde longa invencibilidade em casa e no Gigante da Pampulha.<\/p>\n<p>Uma bola na trave, logo no 1\u00ba minuto, chutada por Alisson funcionou como um cart\u00e3o de visitas do mandante Cruzeiro, que teve o dom\u00ednio na etapa inicial, tomando a iniciativa do ataque, mostrando-se mais organizado em campo e at\u00e9 mesmo com maior vontade. Os jogadores do l\u00edder do Brasileiro levavam vantagem na maior parte das disputadas. Armado no papel, de forma mais ousada, apenas com Leandro Donizete como volante, o alvinegro mineiro n\u00e3o conseguia atacar.<\/p>\n<p>Victor fez \u00f3timas defesas, como aos 33 min, em chute de Everton Ribeiro. Do outro lado, F\u00e1bio n\u00e3o tinha trabalho. Mas, em intervalo de dois minutos, aos 38 min e 40m, o Atl\u00e9tico-MG superou o goleiro celeste e colocou a bola duas vezes na rede cruzeirense. No primeiro, Carlos marcou, em lance bastante reclamado pelo time celeste, que queria impedimento. Dois minutos depois, Diego Tardelli marcou o segundo. A torcida atleticana soltou fogos e o jogo foi interrompido pelo \u00e1rbitro Marcelo de Lima Henriques. O Cruzeiro ainda reduziu a vantagem no primeiro tempo, com Ricardo Goulart, aos 47 min.<\/p>\n<p>Embalado pelo gol no finalzinho da etapa anterior, o Cruzeiro n\u00e3o demorou para empatar o cl\u00e1ssico, aos 6 min, com um belo gol, de voleio, marcado por Alisson. A\u00ed foi a vez do lado celeste soltar bomba na comemora\u00e7\u00e3o. O time anfitri\u00e3o seguia melhor em campo, pressionando e encurralando o advers\u00e1rio, que n\u00e3o conseguia chegar \u00e0 frente. Levir Culpi tirou Luan para colocar Josu\u00e9 e Emerson Concei\u00e7\u00e3o cedendo vaga a Douglas Santos. No Cruzeiro, Alisson sentiu um problema m\u00e9dico e foi substitu\u00eddo por Dagoberto. As mudan\u00e7as n\u00e3o alteraram o cen\u00e1rio em que o time estrelado era superior ao advers\u00e1rio, masz aos 46 min, Carlos fez o gol do triunfo.<\/p>\n","protected":false},"excerpt":{"rendered":"<p>Em partida muito disputada, com problemas causados por torcedores antes e depois do jogo \u2013 que chegou a ficar paralisado por poucos minutos no primeiro tempo, o Atl\u00e9tico-MG venceu o l\u00edder Cruzeiro, por 3 a 2, neste domingo, no Mineir\u00e3o. O resultado segura o time celeste com 49 pontos e leva a equipe atleticana aos [&hellip;]<\/p>\n","protected":false},"author":2,"featured_media":22794,"comment_status":"open","ping_status":"closed","sticky":false,"template":"","format":"standard","meta":{"_acf_changed":false,"footnotes":""},"categories":[19,29],"tags":[],"class_list":["post-22793","post","type-post","status-publish","format-standard","has-post-thumbnail","hentry","category-esportes","category-futebol"],"acf":[],"yoast_head":"<!-- This site is optimized with the Yoast SEO plugin v27.2 - https:\/\/yoast.com\/product\/yoast-seo-wordpress\/ -->\n<title>Vit\u00f3ria do Galo trava corrida do Cruzeiro rumo ao t\u00edtulo - Notibras<\/title>\n<meta name=\"robots\" content=\"index, follow, max-snippet:-1, max-image-preview:large, max-video-preview:-1\" \/>\n<link rel=\"canonical\" href=\"https:\/\/www.notibras.com\/site\/vitoria-do-galo-trava-corrida-do-cruzeiro-rumo-ao-titulo\/\" \/>\n<meta property=\"og:locale\" content=\"pt_BR\" \/>\n<meta property=\"og:type\" content=\"article\" \/>\n<meta property=\"og:title\" content=\"Vit\u00f3ria do Galo trava corrida do Cruzeiro rumo ao t\u00edtulo - Notibras\" \/>\n<meta property=\"og:description\" content=\"Em partida muito disputada, com problemas causados por torcedores antes e depois do jogo \u2013 que chegou a ficar paralisado por poucos minutos no primeiro tempo, o Atl\u00e9tico-MG venceu o l\u00edder Cruzeiro, por 3 a 2, neste domingo, no Mineir\u00e3o. O resultado segura o time celeste com 49 pontos e leva a equipe atleticana aos [&hellip;]\" \/>\n<meta property=\"og:url\" content=\"https:\/\/www.notibras.com\/site\/vitoria-do-galo-trava-corrida-do-cruzeiro-rumo-ao-titulo\/\" \/>\n<meta property=\"og:site_name\" content=\"Notibras\" \/>\n<meta property=\"article:publisher\" content=\"https:\/\/www.facebook.com\/notibras\/\" \/>\n<meta property=\"article:published_time\" content=\"2014-09-21T21:20:43+00:00\" \/>\n<meta property=\"og:image\" content=\"https:\/\/www.notibras.com\/site\/wp-content\/uploads\/2014\/09\/tardelli_maicosuel_reu_95.jpg\" \/>\n\t<meta property=\"og:image:width\" content=\"690\" \/>\n\t<meta property=\"og:image:height\" content=\"390\" \/>\n\t<meta property=\"og:image:type\" content=\"image\/jpeg\" \/>\n<meta name=\"author\" content=\"Reda\u00e7\u00e3o\" \/>\n<meta name=\"twitter:card\" content=\"summary_large_image\" \/>\n<meta name=\"twitter:creator\" content=\"@Notibras\" \/>\n<meta name=\"twitter:site\" content=\"@Notibras\" \/>\n<meta name=\"twitter:label1\" content=\"Escrito por\" \/>\n\t<meta name=\"twitter:data1\" content=\"Reda\u00e7\u00e3o\" \/>\n\t<meta name=\"twitter:label2\" content=\"Est. tempo de leitura\" \/>\n\t<meta name=\"twitter:data2\" content=\"3 minutos\" \/>\n<script type=\"application\/ld+json\" class=\"yoast-schema-graph\">{\"@context\":\"https:\/\/schema.org\",\"@graph\":[{\"@type\":\"Article\",\"@id\":\"https:\/\/www.notibras.com\/site\/vitoria-do-galo-trava-corrida-do-cruzeiro-rumo-ao-titulo\/#article\",\"isPartOf\":{\"@id\":\"https:\/\/www.notibras.com\/site\/vitoria-do-galo-trava-corrida-do-cruzeiro-rumo-ao-titulo\/\"},\"author\":{\"name\":\"Reda\u00e7\u00e3o\",\"@id\":\"https:\/\/www.notibras.com\/site\/#\/schema\/person\/36ab0979449956132d3e5b517ea76ac8\"},\"headline\":\"Vit\u00f3ria do Galo trava corrida do Cruzeiro rumo ao t\u00edtulo\",\"datePublished\":\"2014-09-21T21:20:43+00:00\",\"mainEntityOfPage\":{\"@id\":\"https:\/\/www.notibras.com\/site\/vitoria-do-galo-trava-corrida-do-cruzeiro-rumo-ao-titulo\/\"},\"wordCount\":525,\"commentCount\":0,\"publisher\":{\"@id\":\"https:\/\/www.notibras.com\/site\/#organization\"},\"image\":{\"@id\":\"https:\/\/www.notibras.com\/site\/vitoria-do-galo-trava-corrida-do-cruzeiro-rumo-ao-titulo\/#primaryimage\"},\"thumbnailUrl\":\"https:\/\/www.notibras.com\/site\/wp-content\/uploads\/2014\/09\/tardelli_maicosuel_reu_95.jpg\",\"articleSection\":[\"Esportes\",\"Futebol\"],\"inLanguage\":\"pt-BR\",\"potentialAction\":[{\"@type\":\"CommentAction\",\"name\":\"Comment\",\"target\":[\"https:\/\/www.notibras.com\/site\/vitoria-do-galo-trava-corrida-do-cruzeiro-rumo-ao-titulo\/#respond\"]}]},{\"@type\":\"WebPage\",\"@id\":\"https:\/\/www.notibras.com\/site\/vitoria-do-galo-trava-corrida-do-cruzeiro-rumo-ao-titulo\/\",\"url\":\"https:\/\/www.notibras.com\/site\/vitoria-do-galo-trava-corrida-do-cruzeiro-rumo-ao-titulo\/\",\"name\":\"Vit\u00f3ria do Galo trava corrida do Cruzeiro rumo ao t\u00edtulo - Notibras\",\"isPartOf\":{\"@id\":\"https:\/\/www.notibras.com\/site\/#website\"},\"primaryImageOfPage\":{\"@id\":\"https:\/\/www.notibras.com\/site\/vitoria-do-galo-trava-corrida-do-cruzeiro-rumo-ao-titulo\/#primaryimage\"},\"image\":{\"@id\":\"https:\/\/www.notibras.com\/site\/vitoria-do-galo-trava-corrida-do-cruzeiro-rumo-ao-titulo\/#primaryimage\"},\"thumbnailUrl\":\"https:\/\/www.notibras.com\/site\/wp-content\/uploads\/2014\/09\/tardelli_maicosuel_reu_95.jpg\",\"datePublished\":\"2014-09-21T21:20:43+00:00\",\"breadcrumb\":{\"@id\":\"https:\/\/www.notibras.com\/site\/vitoria-do-galo-trava-corrida-do-cruzeiro-rumo-ao-titulo\/#breadcrumb\"},\"inLanguage\":\"pt-BR\",\"potentialAction\":[{\"@type\":\"ReadAction\",\"target\":[\"https:\/\/www.notibras.com\/site\/vitoria-do-galo-trava-corrida-do-cruzeiro-rumo-ao-titulo\/\"]}]},{\"@type\":\"ImageObject\",\"inLanguage\":\"pt-BR\",\"@id\":\"https:\/\/www.notibras.com\/site\/vitoria-do-galo-trava-corrida-do-cruzeiro-rumo-ao-titulo\/#primaryimage\",\"url\":\"https:\/\/www.notibras.com\/site\/wp-content\/uploads\/2014\/09\/tardelli_maicosuel_reu_95.jpg\",\"contentUrl\":\"https:\/\/www.notibras.com\/site\/wp-content\/uploads\/2014\/09\/tardelli_maicosuel_reu_95.jpg\",\"width\":690,\"height\":390},{\"@type\":\"BreadcrumbList\",\"@id\":\"https:\/\/www.notibras.com\/site\/vitoria-do-galo-trava-corrida-do-cruzeiro-rumo-ao-titulo\/#breadcrumb\",\"itemListElement\":[{\"@type\":\"ListItem\",\"position\":1,\"name\":\"In\u00edcio\",\"item\":\"https:\/\/www.notibras.com\/site\/\"},{\"@type\":\"ListItem\",\"position\":2,\"name\":\"Vit\u00f3ria do Galo trava corrida do Cruzeiro rumo ao t\u00edtulo\"}]},{\"@type\":\"WebSite\",\"@id\":\"https:\/\/www.notibras.com\/site\/#website\",\"url\":\"https:\/\/www.notibras.com\/site\/\",\"name\":\"Notibras\",\"description\":\"Not\u00edcias de Bras\u00edlia, do Brasil e do Mundo\",\"publisher\":{\"@id\":\"https:\/\/www.notibras.com\/site\/#organization\"},\"potentialAction\":[{\"@type\":\"SearchAction\",\"target\":{\"@type\":\"EntryPoint\",\"urlTemplate\":\"https:\/\/www.notibras.com\/site\/?s={search_term_string}\"},\"query-input\":{\"@type\":\"PropertyValueSpecification\",\"valueRequired\":true,\"valueName\":\"search_term_string\"}}],\"inLanguage\":\"pt-BR\"},{\"@type\":\"Organization\",\"@id\":\"https:\/\/www.notibras.com\/site\/#organization\",\"name\":\"Grupo Notibras de Comunica\u00e7\u00e3o\",\"url\":\"https:\/\/www.notibras.com\/site\/\",\"logo\":{\"@type\":\"ImageObject\",\"inLanguage\":\"pt-BR\",\"@id\":\"https:\/\/www.notibras.com\/site\/#\/schema\/logo\/image\/\",\"url\":\"https:\/\/www.notibras.com\/site\/wp-content\/uploads\/2023\/01\/notibras23.png\",\"contentUrl\":\"https:\/\/www.notibras.com\/site\/wp-content\/uploads\/2023\/01\/notibras23.png\",\"width\":350,\"height\":87,\"caption\":\"Grupo Notibras de Comunica\u00e7\u00e3o\"},\"image\":{\"@id\":\"https:\/\/www.notibras.com\/site\/#\/schema\/logo\/image\/\"},\"sameAs\":[\"https:\/\/www.facebook.com\/notibras\/\",\"https:\/\/x.com\/Notibras\",\"https:\/\/www.instagram.com\/notibras\/\"]},{\"@type\":\"Person\",\"@id\":\"https:\/\/www.notibras.com\/site\/#\/schema\/person\/36ab0979449956132d3e5b517ea76ac8\",\"name\":\"Reda\u00e7\u00e3o\",\"image\":{\"@type\":\"ImageObject\",\"inLanguage\":\"pt-BR\",\"@id\":\"https:\/\/secure.gravatar.com\/avatar\/e0a867bdedb85fd243eadf09663511f96fc81e0720a4a42581f334ad4303aa6b?s=96&d=mm&r=g\",\"url\":\"https:\/\/secure.gravatar.com\/avatar\/e0a867bdedb85fd243eadf09663511f96fc81e0720a4a42581f334ad4303aa6b?s=96&d=mm&r=g\",\"contentUrl\":\"https:\/\/secure.gravatar.com\/avatar\/e0a867bdedb85fd243eadf09663511f96fc81e0720a4a42581f334ad4303aa6b?s=96&d=mm&r=g\",\"caption\":\"Reda\u00e7\u00e3o\"}}]}<\/script>\n<!-- \/ Yoast SEO plugin. -->","yoast_head_json":{"title":"Vit\u00f3ria do Galo trava corrida do Cruzeiro rumo ao t\u00edtulo - Notibras","robots":{"index":"index","follow":"follow","max-snippet":"max-snippet:-1","max-image-preview":"max-image-preview:large","max-video-preview":"max-video-preview:-1"},"canonical":"https:\/\/www.notibras.com\/site\/vitoria-do-galo-trava-corrida-do-cruzeiro-rumo-ao-titulo\/","og_locale":"pt_BR","og_type":"article","og_title":"Vit\u00f3ria do Galo trava corrida do Cruzeiro rumo ao t\u00edtulo - Notibras","og_description":"Em partida muito disputada, com problemas causados por torcedores antes e depois do jogo \u2013 que chegou a ficar paralisado por poucos minutos no primeiro tempo, o Atl\u00e9tico-MG venceu o l\u00edder Cruzeiro, por 3 a 2, neste domingo, no Mineir\u00e3o. O resultado segura o time celeste com 49 pontos e leva a equipe atleticana aos [&hellip;]","og_url":"https:\/\/www.notibras.com\/site\/vitoria-do-galo-trava-corrida-do-cruzeiro-rumo-ao-titulo\/","og_site_name":"Notibras","article_publisher":"https:\/\/www.facebook.com\/notibras\/","article_published_time":"2014-09-21T21:20:43+00:00","og_image":[{"width":690,"height":390,"url":"https:\/\/www.notibras.com\/site\/wp-content\/uploads\/2014\/09\/tardelli_maicosuel_reu_95.jpg","type":"image\/jpeg"}],"author":"Reda\u00e7\u00e3o","twitter_card":"summary_large_image","twitter_creator":"@Notibras","twitter_site":"@Notibras","twitter_misc":{"Escrito por":"Reda\u00e7\u00e3o","Est. tempo de leitura":"3 minutos"},"schema":{"@context":"https:\/\/schema.org","@graph":[{"@type":"Article","@id":"https:\/\/www.notibras.com\/site\/vitoria-do-galo-trava-corrida-do-cruzeiro-rumo-ao-titulo\/#article","isPartOf":{"@id":"https:\/\/www.notibras.com\/site\/vitoria-do-galo-trava-corrida-do-cruzeiro-rumo-ao-titulo\/"},"author":{"name":"Reda\u00e7\u00e3o","@id":"https:\/\/www.notibras.com\/site\/#\/schema\/person\/36ab0979449956132d3e5b517ea76ac8"},"headline":"Vit\u00f3ria do Galo trava corrida do Cruzeiro rumo ao t\u00edtulo","datePublished":"2014-09-21T21:20:43+00:00","mainEntityOfPage":{"@id":"https:\/\/www.notibras.com\/site\/vitoria-do-galo-trava-corrida-do-cruzeiro-rumo-ao-titulo\/"},"wordCount":525,"commentCount":0,"publisher":{"@id":"https:\/\/www.notibras.com\/site\/#organization"},"image":{"@id":"https:\/\/www.notibras.com\/site\/vitoria-do-galo-trava-corrida-do-cruzeiro-rumo-ao-titulo\/#primaryimage"},"thumbnailUrl":"https:\/\/www.notibras.com\/site\/wp-content\/uploads\/2014\/09\/tardelli_maicosuel_reu_95.jpg","articleSection":["Esportes","Futebol"],"inLanguage":"pt-BR","potentialAction":[{"@type":"CommentAction","name":"Comment","target":["https:\/\/www.notibras.com\/site\/vitoria-do-galo-trava-corrida-do-cruzeiro-rumo-ao-titulo\/#respond"]}]},{"@type":"WebPage","@id":"https:\/\/www.notibras.com\/site\/vitoria-do-galo-trava-corrida-do-cruzeiro-rumo-ao-titulo\/","url":"https:\/\/www.notibras.com\/site\/vitoria-do-galo-trava-corrida-do-cruzeiro-rumo-ao-titulo\/","name":"Vit\u00f3ria do Galo trava corrida do Cruzeiro rumo ao t\u00edtulo - Notibras","isPartOf":{"@id":"https:\/\/www.notibras.com\/site\/#website"},"primaryImageOfPage":{"@id":"https:\/\/www.notibras.com\/site\/vitoria-do-galo-trava-corrida-do-cruzeiro-rumo-ao-titulo\/#primaryimage"},"image":{"@id":"https:\/\/www.notibras.com\/site\/vitoria-do-galo-trava-corrida-do-cruzeiro-rumo-ao-titulo\/#primaryimage"},"thumbnailUrl":"https:\/\/www.notibras.com\/site\/wp-content\/uploads\/2014\/09\/tardelli_maicosuel_reu_95.jpg","datePublished":"2014-09-21T21:20:43+00:00","breadcrumb":{"@id":"https:\/\/www.notibras.com\/site\/vitoria-do-galo-trava-corrida-do-cruzeiro-rumo-ao-titulo\/#breadcrumb"},"inLanguage":"pt-BR","potentialAction":[{"@type":"ReadAction","target":["https:\/\/www.notibras.com\/site\/vitoria-do-galo-trava-corrida-do-cruzeiro-rumo-ao-titulo\/"]}]},{"@type":"ImageObject","inLanguage":"pt-BR","@id":"https:\/\/www.notibras.com\/site\/vitoria-do-galo-trava-corrida-do-cruzeiro-rumo-ao-titulo\/#primaryimage","url":"https:\/\/www.notibras.com\/site\/wp-content\/uploads\/2014\/09\/tardelli_maicosuel_reu_95.jpg","contentUrl":"https:\/\/www.notibras.com\/site\/wp-content\/uploads\/2014\/09\/tardelli_maicosuel_reu_95.jpg","width":690,"height":390},{"@type":"BreadcrumbList","@id":"https:\/\/www.notibras.com\/site\/vitoria-do-galo-trava-corrida-do-cruzeiro-rumo-ao-titulo\/#breadcrumb","itemListElement":[{"@type":"ListItem","position":1,"name":"In\u00edcio","item":"https:\/\/www.notibras.com\/site\/"},{"@type":"ListItem","position":2,"name":"Vit\u00f3ria do Galo trava corrida do Cruzeiro rumo ao t\u00edtulo"}]},{"@type":"WebSite","@id":"https:\/\/www.notibras.com\/site\/#website","url":"https:\/\/www.notibras.com\/site\/","name":"Notibras","description":"Not\u00edcias de Bras\u00edlia, do Brasil e do Mundo","publisher":{"@id":"https:\/\/www.notibras.com\/site\/#organization"},"potentialAction":[{"@type":"SearchAction","target":{"@type":"EntryPoint","urlTemplate":"https:\/\/www.notibras.com\/site\/?s={search_term_string}"},"query-input":{"@type":"PropertyValueSpecification","valueRequired":true,"valueName":"search_term_string"}}],"inLanguage":"pt-BR"},{"@type":"Organization","@id":"https:\/\/www.notibras.com\/site\/#organization","name":"Grupo Notibras de Comunica\u00e7\u00e3o","url":"https:\/\/www.notibras.com\/site\/","logo":{"@type":"ImageObject","inLanguage":"pt-BR","@id":"https:\/\/www.notibras.com\/site\/#\/schema\/logo\/image\/","url":"https:\/\/www.notibras.com\/site\/wp-content\/uploads\/2023\/01\/notibras23.png","contentUrl":"https:\/\/www.notibras.com\/site\/wp-content\/uploads\/2023\/01\/notibras23.png","width":350,"height":87,"caption":"Grupo Notibras de Comunica\u00e7\u00e3o"},"image":{"@id":"https:\/\/www.notibras.com\/site\/#\/schema\/logo\/image\/"},"sameAs":["https:\/\/www.facebook.com\/notibras\/","https:\/\/x.com\/Notibras","https:\/\/www.instagram.com\/notibras\/"]},{"@type":"Person","@id":"https:\/\/www.notibras.com\/site\/#\/schema\/person\/36ab0979449956132d3e5b517ea76ac8","name":"Reda\u00e7\u00e3o","image":{"@type":"ImageObject","inLanguage":"pt-BR","@id":"https:\/\/secure.gravatar.com\/avatar\/e0a867bdedb85fd243eadf09663511f96fc81e0720a4a42581f334ad4303aa6b?s=96&d=mm&r=g","url":"https:\/\/secure.gravatar.com\/avatar\/e0a867bdedb85fd243eadf09663511f96fc81e0720a4a42581f334ad4303aa6b?s=96&d=mm&r=g","contentUrl":"https:\/\/secure.gravatar.com\/avatar\/e0a867bdedb85fd243eadf09663511f96fc81e0720a4a42581f334ad4303aa6b?s=96&d=mm&r=g","caption":"Reda\u00e7\u00e3o"}}]}},"amp_enabled":true,"_links":{"self":[{"href":"https:\/\/www.notibras.com\/site\/wp-json\/wp\/v2\/posts\/22793","targetHints":{"allow":["GET"]}}],"collection":[{"href":"https:\/\/www.notibras.com\/site\/wp-json\/wp\/v2\/posts"}],"about":[{"href":"https:\/\/www.notibras.com\/site\/wp-json\/wp\/v2\/types\/post"}],"author":[{"embeddable":true,"href":"https:\/\/www.notibras.com\/site\/wp-json\/wp\/v2\/users\/2"}],"replies":[{"embeddable":true,"href":"https:\/\/www.notibras.com\/site\/wp-json\/wp\/v2\/comments?post=22793"}],"version-history":[{"count":0,"href":"https:\/\/www.notibras.com\/site\/wp-json\/wp\/v2\/posts\/22793\/revisions"}],"wp:featuredmedia":[{"embeddable":true,"href":"https:\/\/www.notibras.com\/site\/wp-json\/wp\/v2\/media\/22794"}],"wp:attachment":[{"href":"https:\/\/www.notibras.com\/site\/wp-json\/wp\/v2\/media?parent=22793"}],"wp:term":[{"taxonomy":"category","embeddable":true,"href":"https:\/\/www.notibras.com\/site\/wp-json\/wp\/v2\/categories?post=22793"},{"taxonomy":"post_tag","embeddable":true,"href":"https:\/\/www.notibras.com\/site\/wp-json\/wp\/v2\/tags?post=22793"}],"curies":[{"name":"wp","href":"https:\/\/api.w.org\/{rel}","templated":true}]}}