{"id":22813,"date":"2014-09-21T21:53:17","date_gmt":"2014-09-22T00:53:17","guid":{"rendered":"http:\/\/www.notibras.com\/site\/?p=22813"},"modified":"2014-09-21T21:53:17","modified_gmt":"2014-09-22T00:53:17","slug":"palmeiras-da-vexame-leva-6-do-goias-e-agora-segura-a-laterna","status":"publish","type":"post","link":"https:\/\/www.notibras.com\/site\/palmeiras-da-vexame-leva-6-do-goias-e-agora-segura-a-laterna\/","title":{"rendered":"Palmeiras d\u00e1 vexame, leva 6 do Goi\u00e1s e agora segura a laterna"},"content":{"rendered":"<p class=\"text\">A rodada deste fim de semana do Brasileir\u00e3o parecia perfeita para o Palmeiras deixar a zona de rebaixamento e respirar no Campeonato Brasileiro. Com derrotas da &#8216;turma de baixo&#8217;, bastava ao Verd\u00e3o fazer a sua parte e vencer o Goi\u00e1s no Serra Dourada. Este, por\u00e9m, \u00e9 o que parece ser um problema: o Palmeiras fazer a sua parte. Com uma atua\u00e7\u00e3o tr\u00e1gica e que simboliza exatamente o atual momento vivido pelo maior campe\u00e3o nacional, os comandados de Dorival J\u00fanior sofreram quatro gols nos primeiros 37 minutos de jogo e ca\u00edram por 6 a 0 fora de casa. O Palmeiras, agora, \u00e9 o lanterna do Campeonato Brasileiro.<\/p>\n<p class=\"text\">O time de Palestra It\u00e1lia estacionou nos 22 pontos e despencou para a vexat\u00f3ria 20\u00aa posi\u00e7\u00e3o da S\u00e9rie A \u2013 ao menos, a dist\u00e2ncia para a sa\u00edda da zona de rebaixamento \u00e9 de apenas um tento. J\u00e1 s\u00e3o dois jogos sem vit\u00f3rias\u00a0sob o comando de Dorival J\u00fanior. Nos \u00faltimos 16 jogos v\u00e1lidos pelo Brasileiro, o time s\u00f3 somou os tr\u00eas pontos em duas oportunidades. J\u00e1 o Goi\u00e1s, que come\u00e7ou a rodada no 12\u00ba posto, subiu \u00e0 decima coloca\u00e7\u00e3o e tem 30 pontos.<\/p>\n<p class=\"text\">O mais impressionante, por\u00e9m, \u00e9 que a equipe esmeraldina s\u00f3 havia balan\u00e7ado as redes 17 vezes em 22 rodadas at\u00e9 aqui no Campeonato Brasileiro. S\u00f3 neste domingo, anotou mais de um ter\u00e7o dos gols que havia feito na S\u00e9rie A. O Palmeiras, por sua vez, escapou de igualar a maior derrota da sua gloriosa hist\u00f3ria \u2013 um 7 a 0 sofrido para o Santos quando ainda se chamava Palestra It\u00e1lia, em 1915. N\u00e3o conseguiu evitar, contudo, a maior derrota de sua hist\u00f3ria em Campeonatos Brasileiros.\u00a0Na pr\u00f3xima quinta-feira, \u00e0s 19h30 (de Bras\u00edlia), o time palmeirense tenta juntar os cacos contra o Vit\u00f3ria, no Pacaembu, enquanto o Goi\u00e1s pega o Botafogo, no Maracan\u00e3.<\/p>\n<p class=\"text\">A trag\u00e9dia paulista come\u00e7ou a ser constru\u00edda logo aos 6min. Curiosamente no momento em que o Palmeiras parecia mais organizado em campo, Esquerdinha arrancou pelo meio e rolou para Ramon, que, no bico esquerdo da grande \u00e1rea, s\u00f3 bateu com categoria no cantinho esquerdo de Deola. O gol simplesmente atordoou o time visitante, que, a partir da\u00ed, protagonizou um verdadeiro show de horrores no Serra Dourada.<\/p>\n<p class=\"text\">Aos 11min, o zagueiro Victorino cometeu erro na sa\u00edda de bola e jogou nos p\u00e9s de Ram\u00f3n. Com muito espa\u00e7o na intermedi\u00e1ria, o meia soltou para Esquerdinha, que tabelou com Erik e fuzilou no canto direito de Deola. A vit\u00f3ria esmeraldina j\u00e1 estava garantida. Mas o time mandante queria mais. Aos 27min, foi a vez de Victor Luis cometer falha bizarra e entregar de gra\u00e7a para Erik. O atacante invadiu a \u00e1rea completamente sozinho e, vendo Deola ficar estatelado sobre a linha, s\u00f3 finalizou cruzado para fazer o terceiro do Goi\u00e1s.<\/p>\n<blockquote>\n<p class=\"text\">O que era uma derrota havia virado massacre. O Palmeiras estava fora do eixo. E isto ficou bem claro no lance que originou o quarto gol dos mandantes ainda no primeiro tempo. Aos 37min, o zagueiro L\u00facio tentou dar chut\u00e3o para frente duas vezes, mas, incrivelmente, pegou torto em ambas e a bola foi para tr\u00e1s. Deola n\u00e3o hesitou em peg\u00e1-la com a m\u00e3o, e o \u00e1rbitro, em assinalar o recuo. Na cobran\u00e7a em dois lances de dentro da \u00e1rea, Davi finalizou com categoria e jogou no \u00e2ngulo paulista: 4 a 0.<\/p>\n<\/blockquote>\n<p class=\"text\">N\u00e3o havia outra op\u00e7\u00e3o. Dorival J\u00fanior precisou queimar suas tr\u00eas substitui\u00e7\u00f5es logo no intervalo. Colocou Bruno C\u00e9sar, Bernardo e Henrique nos lugares de Josimar, Juninho e Cristaldo, respectivamente, mas o time n\u00e3o melhorou. Logo aos 3min do segundo tempo, ap\u00f3s f\u00e1cil troca de passes do Goi\u00e1s na intermedi\u00e1ria, Mois\u00e9s recebeu na entrada da \u00e1rea e soltou a bomba. A bola explodiu em L\u00facio e, no rebote, Thiago Mendes s\u00f3 chutou no \u00e2ngulo de Deola: 5 a 0.<\/p>\n<p class=\"text\">Da\u00ed para frente, o Goi\u00e1s diminuiu o ritmo. Como se respeitasse a agora centen\u00e1ria hist\u00f3ria palmeirense, passou a n\u00e3o atacar com tanta const\u00e2ncia e a trocar passes no campo de defesa. O Palmeiras at\u00e9 criou boas chances, com Henrique, Diogo e Bruno C\u00e9sar,\u00a0mas sofreu com suas pr\u00f3prias limita\u00e7\u00f5es. Victorino, por exemplo, machucou-se, mas teve que ficar em campo porque o time n\u00e3o tinha mais substitui\u00e7\u00f5es para fazer. Depois, Allione deu entrada violenta em Ram\u00f3n e foi expulso. No fim, ainda deu tempo de Wellinton J\u00fanior chutar de fora da \u00e1rea e fazer o sexto do Goi\u00e1s.\u00a0Este foi o encerramento de uma noite para ser esquecida por qualquer palmeirense em Goi\u00e2nia.<\/p>\n","protected":false},"excerpt":{"rendered":"<p>A rodada deste fim de semana do Brasileir\u00e3o parecia perfeita para o Palmeiras deixar a zona de rebaixamento e respirar no Campeonato Brasileiro. Com derrotas da &#8216;turma de baixo&#8217;, bastava ao Verd\u00e3o fazer a sua parte e vencer o Goi\u00e1s no Serra Dourada. Este, por\u00e9m, \u00e9 o que parece ser um problema: o Palmeiras fazer [&hellip;]<\/p>\n","protected":false},"author":2,"featured_media":22814,"comment_status":"open","ping_status":"closed","sticky":false,"template":"","format":"standard","meta":{"_acf_changed":false,"footnotes":""},"categories":[19,29],"tags":[],"class_list":["post-22813","post","type-post","status-publish","format-standard","has-post-thumbnail","hentry","category-esportes","category-futebol"],"acf":[],"yoast_head":"<!-- This site is optimized with the Yoast SEO plugin v27.2 - https:\/\/yoast.com\/product\/yoast-seo-wordpress\/ -->\n<title>Palmeiras d\u00e1 vexame, leva 6 do Goi\u00e1s e agora segura a laterna  - Notibras<\/title>\n<meta name=\"robots\" content=\"index, follow, max-snippet:-1, max-image-preview:large, max-video-preview:-1\" \/>\n<link rel=\"canonical\" href=\"https:\/\/www.notibras.com\/site\/palmeiras-da-vexame-leva-6-do-goias-e-agora-segura-a-laterna\/\" \/>\n<meta property=\"og:locale\" content=\"pt_BR\" \/>\n<meta property=\"og:type\" content=\"article\" \/>\n<meta property=\"og:title\" content=\"Palmeiras d\u00e1 vexame, leva 6 do Goi\u00e1s e agora segura a laterna  - Notibras\" \/>\n<meta property=\"og:description\" content=\"A rodada deste fim de semana do Brasileir\u00e3o parecia perfeita para o Palmeiras deixar a zona de rebaixamento e respirar no Campeonato Brasileiro. Com derrotas da &#8216;turma de baixo&#8217;, bastava ao Verd\u00e3o fazer a sua parte e vencer o Goi\u00e1s no Serra Dourada. Este, por\u00e9m, \u00e9 o que parece ser um problema: o Palmeiras fazer [&hellip;]\" \/>\n<meta property=\"og:url\" content=\"https:\/\/www.notibras.com\/site\/palmeiras-da-vexame-leva-6-do-goias-e-agora-segura-a-laterna\/\" \/>\n<meta property=\"og:site_name\" content=\"Notibras\" \/>\n<meta property=\"article:publisher\" content=\"https:\/\/www.facebook.com\/notibras\/\" \/>\n<meta property=\"article:published_time\" content=\"2014-09-22T00:53:17+00:00\" \/>\n<meta property=\"og:image\" content=\"https:\/\/www.notibras.com\/site\/wp-content\/uploads\/2014\/09\/davidgoiasxpalmeirascarloscostalancepress.jpg\" \/>\n\t<meta property=\"og:image:width\" content=\"711\" \/>\n\t<meta property=\"og:image:height\" content=\"500\" \/>\n\t<meta property=\"og:image:type\" content=\"image\/jpeg\" \/>\n<meta name=\"author\" content=\"Reda\u00e7\u00e3o\" \/>\n<meta name=\"twitter:card\" content=\"summary_large_image\" \/>\n<meta name=\"twitter:creator\" content=\"@Notibras\" \/>\n<meta name=\"twitter:site\" content=\"@Notibras\" \/>\n<meta name=\"twitter:label1\" content=\"Escrito por\" \/>\n\t<meta name=\"twitter:data1\" content=\"Reda\u00e7\u00e3o\" \/>\n\t<meta name=\"twitter:label2\" content=\"Est. tempo de leitura\" \/>\n\t<meta name=\"twitter:data2\" content=\"4 minutos\" \/>\n<script type=\"application\/ld+json\" class=\"yoast-schema-graph\">{\"@context\":\"https:\/\/schema.org\",\"@graph\":[{\"@type\":\"Article\",\"@id\":\"https:\/\/www.notibras.com\/site\/palmeiras-da-vexame-leva-6-do-goias-e-agora-segura-a-laterna\/#article\",\"isPartOf\":{\"@id\":\"https:\/\/www.notibras.com\/site\/palmeiras-da-vexame-leva-6-do-goias-e-agora-segura-a-laterna\/\"},\"author\":{\"name\":\"Reda\u00e7\u00e3o\",\"@id\":\"https:\/\/www.notibras.com\/site\/#\/schema\/person\/36ab0979449956132d3e5b517ea76ac8\"},\"headline\":\"Palmeiras d\u00e1 vexame, leva 6 do Goi\u00e1s e agora segura a laterna\",\"datePublished\":\"2014-09-22T00:53:17+00:00\",\"mainEntityOfPage\":{\"@id\":\"https:\/\/www.notibras.com\/site\/palmeiras-da-vexame-leva-6-do-goias-e-agora-segura-a-laterna\/\"},\"wordCount\":807,\"commentCount\":0,\"publisher\":{\"@id\":\"https:\/\/www.notibras.com\/site\/#organization\"},\"image\":{\"@id\":\"https:\/\/www.notibras.com\/site\/palmeiras-da-vexame-leva-6-do-goias-e-agora-segura-a-laterna\/#primaryimage\"},\"thumbnailUrl\":\"https:\/\/www.notibras.com\/site\/wp-content\/uploads\/2014\/09\/davidgoiasxpalmeirascarloscostalancepress.jpg\",\"articleSection\":[\"Esportes\",\"Futebol\"],\"inLanguage\":\"pt-BR\",\"potentialAction\":[{\"@type\":\"CommentAction\",\"name\":\"Comment\",\"target\":[\"https:\/\/www.notibras.com\/site\/palmeiras-da-vexame-leva-6-do-goias-e-agora-segura-a-laterna\/#respond\"]}]},{\"@type\":\"WebPage\",\"@id\":\"https:\/\/www.notibras.com\/site\/palmeiras-da-vexame-leva-6-do-goias-e-agora-segura-a-laterna\/\",\"url\":\"https:\/\/www.notibras.com\/site\/palmeiras-da-vexame-leva-6-do-goias-e-agora-segura-a-laterna\/\",\"name\":\"Palmeiras d\u00e1 vexame, leva 6 do Goi\u00e1s e agora segura a laterna - Notibras\",\"isPartOf\":{\"@id\":\"https:\/\/www.notibras.com\/site\/#website\"},\"primaryImageOfPage\":{\"@id\":\"https:\/\/www.notibras.com\/site\/palmeiras-da-vexame-leva-6-do-goias-e-agora-segura-a-laterna\/#primaryimage\"},\"image\":{\"@id\":\"https:\/\/www.notibras.com\/site\/palmeiras-da-vexame-leva-6-do-goias-e-agora-segura-a-laterna\/#primaryimage\"},\"thumbnailUrl\":\"https:\/\/www.notibras.com\/site\/wp-content\/uploads\/2014\/09\/davidgoiasxpalmeirascarloscostalancepress.jpg\",\"datePublished\":\"2014-09-22T00:53:17+00:00\",\"breadcrumb\":{\"@id\":\"https:\/\/www.notibras.com\/site\/palmeiras-da-vexame-leva-6-do-goias-e-agora-segura-a-laterna\/#breadcrumb\"},\"inLanguage\":\"pt-BR\",\"potentialAction\":[{\"@type\":\"ReadAction\",\"target\":[\"https:\/\/www.notibras.com\/site\/palmeiras-da-vexame-leva-6-do-goias-e-agora-segura-a-laterna\/\"]}]},{\"@type\":\"ImageObject\",\"inLanguage\":\"pt-BR\",\"@id\":\"https:\/\/www.notibras.com\/site\/palmeiras-da-vexame-leva-6-do-goias-e-agora-segura-a-laterna\/#primaryimage\",\"url\":\"https:\/\/www.notibras.com\/site\/wp-content\/uploads\/2014\/09\/davidgoiasxpalmeirascarloscostalancepress.jpg\",\"contentUrl\":\"https:\/\/www.notibras.com\/site\/wp-content\/uploads\/2014\/09\/davidgoiasxpalmeirascarloscostalancepress.jpg\",\"width\":711,\"height\":500},{\"@type\":\"BreadcrumbList\",\"@id\":\"https:\/\/www.notibras.com\/site\/palmeiras-da-vexame-leva-6-do-goias-e-agora-segura-a-laterna\/#breadcrumb\",\"itemListElement\":[{\"@type\":\"ListItem\",\"position\":1,\"name\":\"In\u00edcio\",\"item\":\"https:\/\/www.notibras.com\/site\/\"},{\"@type\":\"ListItem\",\"position\":2,\"name\":\"Palmeiras d\u00e1 vexame, leva 6 do Goi\u00e1s e agora segura a laterna\"}]},{\"@type\":\"WebSite\",\"@id\":\"https:\/\/www.notibras.com\/site\/#website\",\"url\":\"https:\/\/www.notibras.com\/site\/\",\"name\":\"Notibras\",\"description\":\"Not\u00edcias de Bras\u00edlia, do Brasil e do Mundo\",\"publisher\":{\"@id\":\"https:\/\/www.notibras.com\/site\/#organization\"},\"potentialAction\":[{\"@type\":\"SearchAction\",\"target\":{\"@type\":\"EntryPoint\",\"urlTemplate\":\"https:\/\/www.notibras.com\/site\/?s={search_term_string}\"},\"query-input\":{\"@type\":\"PropertyValueSpecification\",\"valueRequired\":true,\"valueName\":\"search_term_string\"}}],\"inLanguage\":\"pt-BR\"},{\"@type\":\"Organization\",\"@id\":\"https:\/\/www.notibras.com\/site\/#organization\",\"name\":\"Grupo Notibras de Comunica\u00e7\u00e3o\",\"url\":\"https:\/\/www.notibras.com\/site\/\",\"logo\":{\"@type\":\"ImageObject\",\"inLanguage\":\"pt-BR\",\"@id\":\"https:\/\/www.notibras.com\/site\/#\/schema\/logo\/image\/\",\"url\":\"https:\/\/www.notibras.com\/site\/wp-content\/uploads\/2023\/01\/notibras23.png\",\"contentUrl\":\"https:\/\/www.notibras.com\/site\/wp-content\/uploads\/2023\/01\/notibras23.png\",\"width\":350,\"height\":87,\"caption\":\"Grupo Notibras de Comunica\u00e7\u00e3o\"},\"image\":{\"@id\":\"https:\/\/www.notibras.com\/site\/#\/schema\/logo\/image\/\"},\"sameAs\":[\"https:\/\/www.facebook.com\/notibras\/\",\"https:\/\/x.com\/Notibras\",\"https:\/\/www.instagram.com\/notibras\/\"]},{\"@type\":\"Person\",\"@id\":\"https:\/\/www.notibras.com\/site\/#\/schema\/person\/36ab0979449956132d3e5b517ea76ac8\",\"name\":\"Reda\u00e7\u00e3o\",\"image\":{\"@type\":\"ImageObject\",\"inLanguage\":\"pt-BR\",\"@id\":\"https:\/\/secure.gravatar.com\/avatar\/e0a867bdedb85fd243eadf09663511f96fc81e0720a4a42581f334ad4303aa6b?s=96&d=mm&r=g\",\"url\":\"https:\/\/secure.gravatar.com\/avatar\/e0a867bdedb85fd243eadf09663511f96fc81e0720a4a42581f334ad4303aa6b?s=96&d=mm&r=g\",\"contentUrl\":\"https:\/\/secure.gravatar.com\/avatar\/e0a867bdedb85fd243eadf09663511f96fc81e0720a4a42581f334ad4303aa6b?s=96&d=mm&r=g\",\"caption\":\"Reda\u00e7\u00e3o\"}}]}<\/script>\n<!-- \/ Yoast SEO plugin. -->","yoast_head_json":{"title":"Palmeiras d\u00e1 vexame, leva 6 do Goi\u00e1s e agora segura a laterna  - Notibras","robots":{"index":"index","follow":"follow","max-snippet":"max-snippet:-1","max-image-preview":"max-image-preview:large","max-video-preview":"max-video-preview:-1"},"canonical":"https:\/\/www.notibras.com\/site\/palmeiras-da-vexame-leva-6-do-goias-e-agora-segura-a-laterna\/","og_locale":"pt_BR","og_type":"article","og_title":"Palmeiras d\u00e1 vexame, leva 6 do Goi\u00e1s e agora segura a laterna  - Notibras","og_description":"A rodada deste fim de semana do Brasileir\u00e3o parecia perfeita para o Palmeiras deixar a zona de rebaixamento e respirar no Campeonato Brasileiro. Com derrotas da &#8216;turma de baixo&#8217;, bastava ao Verd\u00e3o fazer a sua parte e vencer o Goi\u00e1s no Serra Dourada. Este, por\u00e9m, \u00e9 o que parece ser um problema: o Palmeiras fazer [&hellip;]","og_url":"https:\/\/www.notibras.com\/site\/palmeiras-da-vexame-leva-6-do-goias-e-agora-segura-a-laterna\/","og_site_name":"Notibras","article_publisher":"https:\/\/www.facebook.com\/notibras\/","article_published_time":"2014-09-22T00:53:17+00:00","og_image":[{"width":711,"height":500,"url":"https:\/\/www.notibras.com\/site\/wp-content\/uploads\/2014\/09\/davidgoiasxpalmeirascarloscostalancepress.jpg","type":"image\/jpeg"}],"author":"Reda\u00e7\u00e3o","twitter_card":"summary_large_image","twitter_creator":"@Notibras","twitter_site":"@Notibras","twitter_misc":{"Escrito por":"Reda\u00e7\u00e3o","Est. tempo de leitura":"4 minutos"},"schema":{"@context":"https:\/\/schema.org","@graph":[{"@type":"Article","@id":"https:\/\/www.notibras.com\/site\/palmeiras-da-vexame-leva-6-do-goias-e-agora-segura-a-laterna\/#article","isPartOf":{"@id":"https:\/\/www.notibras.com\/site\/palmeiras-da-vexame-leva-6-do-goias-e-agora-segura-a-laterna\/"},"author":{"name":"Reda\u00e7\u00e3o","@id":"https:\/\/www.notibras.com\/site\/#\/schema\/person\/36ab0979449956132d3e5b517ea76ac8"},"headline":"Palmeiras d\u00e1 vexame, leva 6 do Goi\u00e1s e agora segura a laterna","datePublished":"2014-09-22T00:53:17+00:00","mainEntityOfPage":{"@id":"https:\/\/www.notibras.com\/site\/palmeiras-da-vexame-leva-6-do-goias-e-agora-segura-a-laterna\/"},"wordCount":807,"commentCount":0,"publisher":{"@id":"https:\/\/www.notibras.com\/site\/#organization"},"image":{"@id":"https:\/\/www.notibras.com\/site\/palmeiras-da-vexame-leva-6-do-goias-e-agora-segura-a-laterna\/#primaryimage"},"thumbnailUrl":"https:\/\/www.notibras.com\/site\/wp-content\/uploads\/2014\/09\/davidgoiasxpalmeirascarloscostalancepress.jpg","articleSection":["Esportes","Futebol"],"inLanguage":"pt-BR","potentialAction":[{"@type":"CommentAction","name":"Comment","target":["https:\/\/www.notibras.com\/site\/palmeiras-da-vexame-leva-6-do-goias-e-agora-segura-a-laterna\/#respond"]}]},{"@type":"WebPage","@id":"https:\/\/www.notibras.com\/site\/palmeiras-da-vexame-leva-6-do-goias-e-agora-segura-a-laterna\/","url":"https:\/\/www.notibras.com\/site\/palmeiras-da-vexame-leva-6-do-goias-e-agora-segura-a-laterna\/","name":"Palmeiras d\u00e1 vexame, leva 6 do Goi\u00e1s e agora segura a laterna - Notibras","isPartOf":{"@id":"https:\/\/www.notibras.com\/site\/#website"},"primaryImageOfPage":{"@id":"https:\/\/www.notibras.com\/site\/palmeiras-da-vexame-leva-6-do-goias-e-agora-segura-a-laterna\/#primaryimage"},"image":{"@id":"https:\/\/www.notibras.com\/site\/palmeiras-da-vexame-leva-6-do-goias-e-agora-segura-a-laterna\/#primaryimage"},"thumbnailUrl":"https:\/\/www.notibras.com\/site\/wp-content\/uploads\/2014\/09\/davidgoiasxpalmeirascarloscostalancepress.jpg","datePublished":"2014-09-22T00:53:17+00:00","breadcrumb":{"@id":"https:\/\/www.notibras.com\/site\/palmeiras-da-vexame-leva-6-do-goias-e-agora-segura-a-laterna\/#breadcrumb"},"inLanguage":"pt-BR","potentialAction":[{"@type":"ReadAction","target":["https:\/\/www.notibras.com\/site\/palmeiras-da-vexame-leva-6-do-goias-e-agora-segura-a-laterna\/"]}]},{"@type":"ImageObject","inLanguage":"pt-BR","@id":"https:\/\/www.notibras.com\/site\/palmeiras-da-vexame-leva-6-do-goias-e-agora-segura-a-laterna\/#primaryimage","url":"https:\/\/www.notibras.com\/site\/wp-content\/uploads\/2014\/09\/davidgoiasxpalmeirascarloscostalancepress.jpg","contentUrl":"https:\/\/www.notibras.com\/site\/wp-content\/uploads\/2014\/09\/davidgoiasxpalmeirascarloscostalancepress.jpg","width":711,"height":500},{"@type":"BreadcrumbList","@id":"https:\/\/www.notibras.com\/site\/palmeiras-da-vexame-leva-6-do-goias-e-agora-segura-a-laterna\/#breadcrumb","itemListElement":[{"@type":"ListItem","position":1,"name":"In\u00edcio","item":"https:\/\/www.notibras.com\/site\/"},{"@type":"ListItem","position":2,"name":"Palmeiras d\u00e1 vexame, leva 6 do Goi\u00e1s e agora segura a laterna"}]},{"@type":"WebSite","@id":"https:\/\/www.notibras.com\/site\/#website","url":"https:\/\/www.notibras.com\/site\/","name":"Notibras","description":"Not\u00edcias de Bras\u00edlia, do Brasil e do Mundo","publisher":{"@id":"https:\/\/www.notibras.com\/site\/#organization"},"potentialAction":[{"@type":"SearchAction","target":{"@type":"EntryPoint","urlTemplate":"https:\/\/www.notibras.com\/site\/?s={search_term_string}"},"query-input":{"@type":"PropertyValueSpecification","valueRequired":true,"valueName":"search_term_string"}}],"inLanguage":"pt-BR"},{"@type":"Organization","@id":"https:\/\/www.notibras.com\/site\/#organization","name":"Grupo Notibras de Comunica\u00e7\u00e3o","url":"https:\/\/www.notibras.com\/site\/","logo":{"@type":"ImageObject","inLanguage":"pt-BR","@id":"https:\/\/www.notibras.com\/site\/#\/schema\/logo\/image\/","url":"https:\/\/www.notibras.com\/site\/wp-content\/uploads\/2023\/01\/notibras23.png","contentUrl":"https:\/\/www.notibras.com\/site\/wp-content\/uploads\/2023\/01\/notibras23.png","width":350,"height":87,"caption":"Grupo Notibras de Comunica\u00e7\u00e3o"},"image":{"@id":"https:\/\/www.notibras.com\/site\/#\/schema\/logo\/image\/"},"sameAs":["https:\/\/www.facebook.com\/notibras\/","https:\/\/x.com\/Notibras","https:\/\/www.instagram.com\/notibras\/"]},{"@type":"Person","@id":"https:\/\/www.notibras.com\/site\/#\/schema\/person\/36ab0979449956132d3e5b517ea76ac8","name":"Reda\u00e7\u00e3o","image":{"@type":"ImageObject","inLanguage":"pt-BR","@id":"https:\/\/secure.gravatar.com\/avatar\/e0a867bdedb85fd243eadf09663511f96fc81e0720a4a42581f334ad4303aa6b?s=96&d=mm&r=g","url":"https:\/\/secure.gravatar.com\/avatar\/e0a867bdedb85fd243eadf09663511f96fc81e0720a4a42581f334ad4303aa6b?s=96&d=mm&r=g","contentUrl":"https:\/\/secure.gravatar.com\/avatar\/e0a867bdedb85fd243eadf09663511f96fc81e0720a4a42581f334ad4303aa6b?s=96&d=mm&r=g","caption":"Reda\u00e7\u00e3o"}}]}},"amp_enabled":true,"_links":{"self":[{"href":"https:\/\/www.notibras.com\/site\/wp-json\/wp\/v2\/posts\/22813","targetHints":{"allow":["GET"]}}],"collection":[{"href":"https:\/\/www.notibras.com\/site\/wp-json\/wp\/v2\/posts"}],"about":[{"href":"https:\/\/www.notibras.com\/site\/wp-json\/wp\/v2\/types\/post"}],"author":[{"embeddable":true,"href":"https:\/\/www.notibras.com\/site\/wp-json\/wp\/v2\/users\/2"}],"replies":[{"embeddable":true,"href":"https:\/\/www.notibras.com\/site\/wp-json\/wp\/v2\/comments?post=22813"}],"version-history":[{"count":0,"href":"https:\/\/www.notibras.com\/site\/wp-json\/wp\/v2\/posts\/22813\/revisions"}],"wp:featuredmedia":[{"embeddable":true,"href":"https:\/\/www.notibras.com\/site\/wp-json\/wp\/v2\/media\/22814"}],"wp:attachment":[{"href":"https:\/\/www.notibras.com\/site\/wp-json\/wp\/v2\/media?parent=22813"}],"wp:term":[{"taxonomy":"category","embeddable":true,"href":"https:\/\/www.notibras.com\/site\/wp-json\/wp\/v2\/categories?post=22813"},{"taxonomy":"post_tag","embeddable":true,"href":"https:\/\/www.notibras.com\/site\/wp-json\/wp\/v2\/tags?post=22813"}],"curies":[{"name":"wp","href":"https:\/\/api.w.org\/{rel}","templated":true}]}}