{"id":22820,"date":"2014-09-21T22:14:42","date_gmt":"2014-09-22T01:14:42","guid":{"rendered":"http:\/\/www.notibras.com\/site\/?p=22820"},"modified":"2014-09-21T22:14:42","modified_gmt":"2014-09-22T01:14:42","slug":"aecio-vai-a-feira-de-nordestinos-no-rio-e-pede-a-ajuda-de-padre-cicero","status":"publish","type":"post","link":"https:\/\/www.notibras.com\/site\/aecio-vai-a-feira-de-nordestinos-no-rio-e-pede-a-ajuda-de-padre-cicero\/","title":{"rendered":"A\u00e9cio vai a feira de nordestinos no Rio e pede a ajuda de Padre C\u00edcero"},"content":{"rendered":"<p>Em terceiro lugar nas pesquisas, o candidato do PSDB \u00e0 presid\u00eancia, A\u00e9cio Neves, apelou \u00e0 f\u00e9 sertaneja na esperan\u00e7a de uma &#8220;virada&#8221; na reta final da campanha. Em visita ao Centro de Tradi\u00e7\u00f5es Nordestinas Luiz Gonzaga, na zona norte do Rio, o candidato pediu &#8220;ajuda&#8221; ao Padre C\u00edcero (1844-1934), religioso venerado em todo o sert\u00e3o nordestino pelos supostos milagres que teria realizado. &#8220;\u00c0 b\u00ean\u00e7\u00e3o meu padre C\u00edcero, me ajuda a\u00ed&#8221;, disse A\u00e9cio, arrancando risos de aliados e assessores que o acompanhavam.<\/p>\n<p>Neste domingo (21), na passagem pela Feira de S\u00e3o Crist\u00f3v\u00e3o, como \u00e9 conhecido o espa\u00e7o de artesanato, gastronomia e cultura nordestina no Rio, o presidenci\u00e1vel ganhou uma est\u00e1tua do l\u00edder cat\u00f3lico mais reverenciado da regi\u00e3o,. Prometeu, se eleito, resgatar a hist\u00f3ria do religioso e trabalhar por sua beatifica\u00e7\u00e3o.<\/p>\n<p>Talvez a santa ajuda seja mesmo necess\u00e1ria. No Nordeste, A\u00e9cio tem seu pior desempenho em todo o Pa\u00eds, amargando 8% da prefer\u00eancia do eleitorado, segundo o \u00faltimo levantamento do Datafolha. Para evitar uma rejei\u00e7\u00e3o ainda maior entre os nordestinos, onde o PT venceu em 2002, 2006 e 2010, o candidato transformou a visita de duas horas \u00e0 feira em uma imers\u00e3o na cultura regional.<\/p>\n<blockquote><p>A\u00e9cio comeu queijo coalho no palito e almo\u00e7ou bai\u00e3o de dois com carne do sol. N\u00e3o dispensou o tradicional chap\u00e9u de cangaceiro e ainda posou para fotos ao lado da est\u00e1tua do cantor e compositor Luiz Gonzaga. Depois prometeu aumentar em quatro vezes as verbas para a cultura, valorizando as manifesta\u00e7\u00f5es tradicionais nordestinas. O candidato tamb\u00e9m circulou pelas lojas de artesanato, roupas e de m\u00fasicas regionais, mas n\u00e3o arriscou passos de forr\u00f3.<\/p><\/blockquote>\n<p>Ao ser anunciado por repentistas, foi alvo de t\u00edmidas vaias, logo abafadas por aplausos e gritos de &#8220;A\u00e9cio Presidente&#8221;, puxado por correligion\u00e1rios. \u00c0 vontade com o improviso, arranhou ao lado de uma dupla de sanfoneiros versos de um repente. &#8220;Hoje eu n\u00e3o vou falar, hoje eu vou cantar! Chego sem medo\/ porque sigo a trilha do velho av\u00f4 Tancredo&#8221;, cantou, desafinado.<\/p>\n<p>Na passagem por uma livraria de cordel, recebeu um exemplar contando em versos a trajet\u00f3ria do av\u00f4. A visita do tucano pelas vias estreitas da feira causou tumulto e empurr\u00f5es. Alguns visitantes olhavam curiosos para a comitiva sem reconhecer o candidato.<\/p>\n<p>&#8220;\u00c9 o Fagner e um pol\u00edtico&#8221;, disse uma senhora, acenando para o cantor e compositor cearense Raimundo Fagner, padrinho da Feira e anfitri\u00e3o da visita.<\/p>\n<p>Alguns eleitores advers\u00e1rios n\u00e3o se furtaram \u00e0 oportunidade de alfinetar o candidato: &#8220;E o aeroporto, A\u00e9cio?&#8221;, gritou uma mulher que distribu\u00eda adesivos de um candidato a deputado federal do PT. O candidato desviou o olhar e os acenos, e seguiu adiante, impass\u00edvel.<\/p>\n<p>Do palco, um locutor exaltava a presen\u00e7a do &#8220;\u00fanico candidato que veio \u00e0 feira dos nordestinos&#8221; ao mesmo tempo em que pedia ao candidato que &#8220;governasse para os mais pobres&#8221;. Cercado por c\u00e2meras e aliados, A\u00e9cio acenou de longe, j\u00e1 com passos apressados em dire\u00e7\u00e3o \u00e0 sa\u00edda. Quase n\u00e3o deu tempo para ouvir o locutor completar: &#8220;\u00c9 o futuro presidente do Brasil&#8221;.<\/p>\n","protected":false},"excerpt":{"rendered":"<p>Em terceiro lugar nas pesquisas, o candidato do PSDB \u00e0 presid\u00eancia, A\u00e9cio Neves, apelou \u00e0 f\u00e9 sertaneja na esperan\u00e7a de uma &#8220;virada&#8221; na reta final da campanha. Em visita ao Centro de Tradi\u00e7\u00f5es Nordestinas Luiz Gonzaga, na zona norte do Rio, o candidato pediu &#8220;ajuda&#8221; ao Padre C\u00edcero (1844-1934), religioso venerado em todo o sert\u00e3o [&hellip;]<\/p>\n","protected":false},"author":2,"featured_media":22821,"comment_status":"open","ping_status":"closed","sticky":false,"template":"","format":"standard","meta":{"_acf_changed":false,"footnotes":""},"categories":[33],"tags":[],"class_list":["post-22820","post","type-post","status-publish","format-standard","has-post-thumbnail","hentry","category-eleicoes-2014"],"acf":[],"_links":{"self":[{"href":"https:\/\/www.notibras.com\/site\/wp-json\/wp\/v2\/posts\/22820","targetHints":{"allow":["GET"]}}],"collection":[{"href":"https:\/\/www.notibras.com\/site\/wp-json\/wp\/v2\/posts"}],"about":[{"href":"https:\/\/www.notibras.com\/site\/wp-json\/wp\/v2\/types\/post"}],"author":[{"embeddable":true,"href":"https:\/\/www.notibras.com\/site\/wp-json\/wp\/v2\/users\/2"}],"replies":[{"embeddable":true,"href":"https:\/\/www.notibras.com\/site\/wp-json\/wp\/v2\/comments?post=22820"}],"version-history":[{"count":0,"href":"https:\/\/www.notibras.com\/site\/wp-json\/wp\/v2\/posts\/22820\/revisions"}],"wp:featuredmedia":[{"embeddable":true,"href":"https:\/\/www.notibras.com\/site\/wp-json\/wp\/v2\/media\/22821"}],"wp:attachment":[{"href":"https:\/\/www.notibras.com\/site\/wp-json\/wp\/v2\/media?parent=22820"}],"wp:term":[{"taxonomy":"category","embeddable":true,"href":"https:\/\/www.notibras.com\/site\/wp-json\/wp\/v2\/categories?post=22820"},{"taxonomy":"post_tag","embeddable":true,"href":"https:\/\/www.notibras.com\/site\/wp-json\/wp\/v2\/tags?post=22820"}],"curies":[{"name":"wp","href":"https:\/\/api.w.org\/{rel}","templated":true}]}}