{"id":22838,"date":"2014-09-22T08:32:08","date_gmt":"2014-09-22T11:32:08","guid":{"rendered":"http:\/\/www.notibras.com\/site\/?p=22838"},"modified":"2014-09-22T08:33:07","modified_gmt":"2014-09-22T11:33:07","slug":"onda-de-assaltos-deixa-comercio-da-asa-norte-em-panico","status":"publish","type":"post","link":"https:\/\/www.notibras.com\/site\/onda-de-assaltos-deixa-comercio-da-asa-norte-em-panico\/","title":{"rendered":"Onda de assaltos deixa os comerciantes da Asa Norte em p\u00e2nico"},"content":{"rendered":"<p>Comerciantes da entrequadra 312\/313 da <span class=\"premium-tip\">Asa Norte<\/span> dizem estar assustados com a onda de furtos registrados nos \u00faltimos meses. Apenas na \u00faltima semana, foram dois im\u00f3veis arrombados durante a noite. Segundo os empres\u00e1rios, n\u00e3o h\u00e1 policiamento no local.<\/p>\n<p>A Pol\u00edcia Militar diz que, segundo as estat\u00edsticas, este tipo de crime vem diminuindo na Asa Norte, mas que refor\u00e7ou o patrulhamento de equipes a p\u00e9 e rondas de viaturas na regi\u00e3o. A corpora\u00e7\u00e3o pede que a popula\u00e7\u00e3o denuncie os casos de assalto para que seja poss\u00edvel fazer o mapa dos crimes.<\/p>\n<p>Na madrugada deste s\u00e1bado (20), um sal\u00e3o de beleza foi invadido. Os assaltantes levaram aparelho de som, televis\u00e3o, microondas, produtos qu\u00edmicos, um secador e os alicates. A dona do sal\u00e3o, Maria de F\u00e1tima Pereira, afirma que precisou desmarcar as clientes do dia.<\/p>\n<p>&#8220;Hoje mesmo, vai ganhar? N\u00e3o vou. Amanh\u00e3, para comprar produtos&#8230; hoje n\u00e3o entrou dinheiro&#8221;, afirmou.<\/p>\n<blockquote><p>Na quinta-feira (18), bandidos arrombaram as portas de um restaurante na mesma quadra e levaram moedas e bebidas. No in\u00edcio do m\u00eas, as duas padarias da comercial foram furtadas em uma \u00fanica noite. Em uma, os assaltantes levaram R$ 50 e cigarros.<\/p><\/blockquote>\n<p>Na outra padaria, R$ 100 e a gaveta do caixa foram levados. Imagens das c\u00e2meras de seguran\u00e7a mostram o autor do crime abrindo a grade e entrando na loja<\/p>\n<p>A floricultura da quadra foi assaltada em junho. &#8220;Se tivesse policial aqui, n\u00e3o tinha tanto assalto quanto est\u00e1 acontecendo agora&#8221;, afirma a dona da loja, F\u00e1tima Pereira.<\/p>\n","protected":false},"excerpt":{"rendered":"<p>Comerciantes da entrequadra 312\/313 da Asa Norte dizem estar assustados com a onda de furtos registrados nos \u00faltimos meses. Apenas na \u00faltima semana, foram dois im\u00f3veis arrombados durante a noite. Segundo os empres\u00e1rios, n\u00e3o h\u00e1 policiamento no local. A Pol\u00edcia Militar diz que, segundo as estat\u00edsticas, este tipo de crime vem diminuindo na Asa Norte, [&hellip;]<\/p>\n","protected":false},"author":2,"featured_media":22839,"comment_status":"open","ping_status":"closed","sticky":false,"template":"","format":"standard","meta":{"_acf_changed":false,"footnotes":""},"categories":[1],"tags":[],"class_list":["post-22838","post","type-post","status-publish","format-standard","has-post-thumbnail","hentry","category-brasilia"],"acf":[],"_links":{"self":[{"href":"https:\/\/www.notibras.com\/site\/wp-json\/wp\/v2\/posts\/22838","targetHints":{"allow":["GET"]}}],"collection":[{"href":"https:\/\/www.notibras.com\/site\/wp-json\/wp\/v2\/posts"}],"about":[{"href":"https:\/\/www.notibras.com\/site\/wp-json\/wp\/v2\/types\/post"}],"author":[{"embeddable":true,"href":"https:\/\/www.notibras.com\/site\/wp-json\/wp\/v2\/users\/2"}],"replies":[{"embeddable":true,"href":"https:\/\/www.notibras.com\/site\/wp-json\/wp\/v2\/comments?post=22838"}],"version-history":[{"count":0,"href":"https:\/\/www.notibras.com\/site\/wp-json\/wp\/v2\/posts\/22838\/revisions"}],"wp:featuredmedia":[{"embeddable":true,"href":"https:\/\/www.notibras.com\/site\/wp-json\/wp\/v2\/media\/22839"}],"wp:attachment":[{"href":"https:\/\/www.notibras.com\/site\/wp-json\/wp\/v2\/media?parent=22838"}],"wp:term":[{"taxonomy":"category","embeddable":true,"href":"https:\/\/www.notibras.com\/site\/wp-json\/wp\/v2\/categories?post=22838"},{"taxonomy":"post_tag","embeddable":true,"href":"https:\/\/www.notibras.com\/site\/wp-json\/wp\/v2\/tags?post=22838"}],"curies":[{"name":"wp","href":"https:\/\/api.w.org\/{rel}","templated":true}]}}