{"id":22859,"date":"2014-09-22T17:49:21","date_gmt":"2014-09-22T20:49:21","guid":{"rendered":"http:\/\/www.notibras.com\/site\/?p=22859"},"modified":"2014-09-22T22:52:36","modified_gmt":"2014-09-23T01:52:36","slug":"aecio-pede-a-mineiros-que-redobrem-esforcos-na-reta-final-da-campanha","status":"publish","type":"post","link":"https:\/\/www.notibras.com\/site\/aecio-pede-a-mineiros-que-redobrem-esforcos-na-reta-final-da-campanha\/","title":{"rendered":"A\u00e9cio pede a mineiros que redobrem esfor\u00e7os na reta final"},"content":{"rendered":"<p>Em campanha em Betim, Minas Gerais, o candidato do PSDB \u00e0 Presid\u00eancia da Rep\u00fablica, A\u00e9cio Neves, pediu aos mineiros que redobrem os esfor\u00e7os para lev\u00e1-lo ao segundo turno das elei\u00e7\u00f5es e vencer depois a disputa. O objetivo, disse ele, \u00e9 &#8220;dar ao Brasil um governo decente e eficiente\u201d.<\/p>\n<p>De acordo com A\u00e9cio, alguns ve\u00edculos de comunica\u00e7\u00e3o importantes j\u00e1 mostram nesta segunda-feira que, em algumas avalia\u00e7\u00f5es, ele est\u00e1 praticamente em \u201cempate t\u00e9cnico com a candidata [do PSB]\u00a0 Marina Silva\u201d. Para ele, isso \u00e9 um indicativo do crescimento de sua candidatura nas pesquisas de inten\u00e7\u00e3o de voto, o que refor\u00e7a a \u201ccerteza de ir para o segundo turno das elei\u00e7\u00f5es e de garantir a vit\u00f3ria nas urnas\u201d.<\/p>\n<blockquote><p>O candidato tucano prometeu que, se for vitorioso, investir\u00e1 maci\u00e7amente em sa\u00fade p\u00fablica, com a cria\u00e7\u00e3o de mais de 500 cl\u00ednicas de especialidades m\u00e9dicas em todo o Brasil, onde o paciente far\u00e1 a consulta com o m\u00e9dico especialista, far\u00e1 os exames e j\u00e1 sair\u00e1 com os medicamentos necess\u00e1rios.<\/p><\/blockquote>\n<p>A\u00e9cio disse que o Banco Nacional de Desenvolvimento Econ\u00f4mico e Social (BNDES) financiar\u00e1 e apoiar\u00e1 a montagem de consult\u00f3rios de especialidades m\u00e9dicas nas regi\u00f5es em que o Minist\u00e9rio da Sa\u00fade detectar car\u00eancia daquele tipo de atendimento. Segundo o candidato, esses profissionais de sa\u00fade ter\u00e3o desconto no financiamento e poder\u00e3o atender \u00e0queles que mais precisam. \u201cEssa \u00e9 a forma inteligente de levar essas especialidades \u00e0s regi\u00f5es do Brasil onde elas n\u00e3o existem hoje.<\/p>\n<p>O senador mineiro participou ainda de carreata em Betim, foi saudado por pedestres e comerciantes e recebeu abra\u00e7os e cumprimentos ao descer do carro de som para percorrer a p\u00e9 parte do trajeto. Ele posou para fotos ao lado de eleitores e, em um trio el\u00e9trico estacionado na Pra\u00e7a Tiradentes, pediu aos conterr\u00e2neos: \u201carregacem as mangas e me ajudem a ser presidente da Rep\u00fablica e n\u00f3s teremos quatro anos de muito trabalho, mas tamb\u00e9m de muitas realiza\u00e7\u00f5es.&#8221;<\/p>\n<p>Em seguida, A\u00e9cio participou de carreata em Contagem, tamb\u00e9m na regi\u00e3o metropolitana de Belo Horizonte.<\/p>\n<p><strong>Iolando Louren\u00e7o, ABr<\/strong><\/p>\n","protected":false},"excerpt":{"rendered":"<p>Em campanha em Betim, Minas Gerais, o candidato do PSDB \u00e0 Presid\u00eancia da Rep\u00fablica, A\u00e9cio Neves, pediu aos mineiros que redobrem os esfor\u00e7os para lev\u00e1-lo ao segundo turno das elei\u00e7\u00f5es e vencer depois a disputa. O objetivo, disse ele, \u00e9 &#8220;dar ao Brasil um governo decente e eficiente\u201d. De acordo com A\u00e9cio, alguns ve\u00edculos de [&hellip;]<\/p>\n","protected":false},"author":2,"featured_media":22860,"comment_status":"open","ping_status":"closed","sticky":false,"template":"","format":"standard","meta":{"_acf_changed":false,"footnotes":""},"categories":[33],"tags":[],"class_list":["post-22859","post","type-post","status-publish","format-standard","has-post-thumbnail","hentry","category-eleicoes-2014"],"acf":[],"_links":{"self":[{"href":"https:\/\/www.notibras.com\/site\/wp-json\/wp\/v2\/posts\/22859","targetHints":{"allow":["GET"]}}],"collection":[{"href":"https:\/\/www.notibras.com\/site\/wp-json\/wp\/v2\/posts"}],"about":[{"href":"https:\/\/www.notibras.com\/site\/wp-json\/wp\/v2\/types\/post"}],"author":[{"embeddable":true,"href":"https:\/\/www.notibras.com\/site\/wp-json\/wp\/v2\/users\/2"}],"replies":[{"embeddable":true,"href":"https:\/\/www.notibras.com\/site\/wp-json\/wp\/v2\/comments?post=22859"}],"version-history":[{"count":0,"href":"https:\/\/www.notibras.com\/site\/wp-json\/wp\/v2\/posts\/22859\/revisions"}],"wp:featuredmedia":[{"embeddable":true,"href":"https:\/\/www.notibras.com\/site\/wp-json\/wp\/v2\/media\/22860"}],"wp:attachment":[{"href":"https:\/\/www.notibras.com\/site\/wp-json\/wp\/v2\/media?parent=22859"}],"wp:term":[{"taxonomy":"category","embeddable":true,"href":"https:\/\/www.notibras.com\/site\/wp-json\/wp\/v2\/categories?post=22859"},{"taxonomy":"post_tag","embeddable":true,"href":"https:\/\/www.notibras.com\/site\/wp-json\/wp\/v2\/tags?post=22859"}],"curies":[{"name":"wp","href":"https:\/\/api.w.org\/{rel}","templated":true}]}}