{"id":22867,"date":"2014-09-22T16:06:03","date_gmt":"2014-09-22T19:06:03","guid":{"rendered":"http:\/\/www.notibras.com\/site\/?p=22867"},"modified":"2014-09-22T23:10:00","modified_gmt":"2014-09-23T02:10:00","slug":"marina-acusa-adversarios-de-quererem-cheque-em-branco-para-governar","status":"publish","type":"post","link":"https:\/\/www.notibras.com\/site\/marina-acusa-adversarios-de-quererem-cheque-em-branco-para-governar\/","title":{"rendered":"Marina diz que advers\u00e1rios querem cheque em branco para governar"},"content":{"rendered":"<p>A candidata \u00e0 Presid\u00eancia da Rep\u00fablica Marina Silva (PSB) afirmou nesta segunda-feira (22), em S\u00e3o Paulo, que seus advers\u00e1rios querem ganhar as elei\u00e7\u00f5es com um \u201ccheque em branco\u201d, fazendo refer\u00eancia \u00e0 falta de plano de governo de seus advers\u00e1rios.<\/p>\n<p>Marina Silva participou de debate sobre banda larga e foi questionada sobre a aus\u00eancia de propostas no programa de governo que apresentou para a universaliza\u00e7\u00e3o da banda larga por meio rede p\u00fablica de telecomunica\u00e7\u00f5es.<\/p>\n<blockquote><p>&#8220;Infelizmente a presidente Dilma e o governador A\u00e9cio n\u00e3o apresentaram um plano. Eles t\u00eam o benef\u00edcio, entre aspas, de passar uma elei\u00e7\u00e3o, durante um ano inteiro, e, a 15 dias da vota\u00e7\u00e3o, n\u00e3o apresentaram [um programa de governo]. Infelizmente, os nossos advers\u00e1rios est\u00e3o querendo ganhar a elei\u00e7\u00e3o com um cheque em branco&#8221;, disse<\/p><\/blockquote>\n<p>Marina tem cobrado de Dilma Rousseff, candidata \u00e0 reelei\u00e7\u00e3o pelo PT, e de A\u00e9cio Neves, presidenci\u00e1vel do PSDB, que apresentem documento com as principais propostas de suas respectivas candidaturas.<\/p>\n<p>O plano de governo do PSB, apresentado no \u00faltimo dia 29, foi alvo de cr\u00edtica dos opositores de Marina Silva devido a mudan\u00e7as nos trechos que defendiam a criminaliza\u00e7\u00e3o da homofobia e o casamento entre pessoas do mesmo sexo.<\/p>\n<p>&nbsp;<\/p>\n","protected":false},"excerpt":{"rendered":"<p>A candidata \u00e0 Presid\u00eancia da Rep\u00fablica Marina Silva (PSB) afirmou nesta segunda-feira (22), em S\u00e3o Paulo, que seus advers\u00e1rios querem ganhar as elei\u00e7\u00f5es com um \u201ccheque em branco\u201d, fazendo refer\u00eancia \u00e0 falta de plano de governo de seus advers\u00e1rios. Marina Silva participou de debate sobre banda larga e foi questionada sobre a aus\u00eancia de propostas [&hellip;]<\/p>\n","protected":false},"author":2,"featured_media":22868,"comment_status":"open","ping_status":"closed","sticky":false,"template":"","format":"standard","meta":{"_acf_changed":false,"footnotes":""},"categories":[33],"tags":[],"class_list":["post-22867","post","type-post","status-publish","format-standard","has-post-thumbnail","hentry","category-eleicoes-2014"],"acf":[],"_links":{"self":[{"href":"https:\/\/www.notibras.com\/site\/wp-json\/wp\/v2\/posts\/22867","targetHints":{"allow":["GET"]}}],"collection":[{"href":"https:\/\/www.notibras.com\/site\/wp-json\/wp\/v2\/posts"}],"about":[{"href":"https:\/\/www.notibras.com\/site\/wp-json\/wp\/v2\/types\/post"}],"author":[{"embeddable":true,"href":"https:\/\/www.notibras.com\/site\/wp-json\/wp\/v2\/users\/2"}],"replies":[{"embeddable":true,"href":"https:\/\/www.notibras.com\/site\/wp-json\/wp\/v2\/comments?post=22867"}],"version-history":[{"count":0,"href":"https:\/\/www.notibras.com\/site\/wp-json\/wp\/v2\/posts\/22867\/revisions"}],"wp:featuredmedia":[{"embeddable":true,"href":"https:\/\/www.notibras.com\/site\/wp-json\/wp\/v2\/media\/22868"}],"wp:attachment":[{"href":"https:\/\/www.notibras.com\/site\/wp-json\/wp\/v2\/media?parent=22867"}],"wp:term":[{"taxonomy":"category","embeddable":true,"href":"https:\/\/www.notibras.com\/site\/wp-json\/wp\/v2\/categories?post=22867"},{"taxonomy":"post_tag","embeddable":true,"href":"https:\/\/www.notibras.com\/site\/wp-json\/wp\/v2\/tags?post=22867"}],"curies":[{"name":"wp","href":"https:\/\/api.w.org\/{rel}","templated":true}]}}