{"id":22898,"date":"2014-09-22T20:56:55","date_gmt":"2014-09-22T23:56:55","guid":{"rendered":"http:\/\/www.notibras.com\/site\/?p=22898"},"modified":"2014-09-23T00:59:43","modified_gmt":"2014-09-23T03:59:43","slug":"sem-onibus-usuario-fecha-eixo-e-tumultua-transito-na-hora-do-rush","status":"publish","type":"post","link":"https:\/\/www.notibras.com\/site\/sem-onibus-usuario-fecha-eixo-e-tumultua-transito-na-hora-do-rush\/","title":{"rendered":"Sem \u00f4nibus, usu\u00e1rio fecha Eixo e tumultua tr\u00e2nsito na hora do rush"},"content":{"rendered":"<p>Passageiros do transporte p\u00fablico do Distrito Federal fecharam o Eixo Monumental, no sentido Esplanada dos Minist\u00e9rios. O ato foi em protesto contra a paralisa\u00e7\u00e3o dos rodovi\u00e1rios da Pioneira e Marechal, que cruzaram os bra\u00e7os por falta de pagamento de adiantamento salarial.<\/p>\n<p>Segundo a Pol\u00edcia Militar, cerca de 400 pessoas participaram do ato, que teve in\u00edcio pouco antes das 18h. Inicialmente, o grupo fechou uma das sa\u00eddas da plataforma inferior da Rodovi\u00e1ria do Plano Piloto e disse que s\u00f3 iria\u00a0 permitir que os ve\u00edculos de outras companhias deixem o local depois que todas as linhas voltarem a rodar.<\/p>\n<p>O grupo seguiu rumo ao Eixo Monumental e fechou as seis faixas da via, no sentido Rodovi\u00e1ria &#8211; Congresso Nacional. O bloqueio foi feito \u00e0s 18h15, hor\u00e1rio de maior fluxo no local.<\/p>\n<blockquote><p>O Batalh\u00e3o de Tr\u00e2nsito da PM montou um desvio cerca de 200 metros antes da manifesta\u00e7\u00e3o, na tentativa de evitar o engarrafamento e encaminhar os carros para o Eix\u00e3o Sul, em uma rota alternativa. Em menos de 15 minutos, os manifestantes caminharam at\u00e9 o local do desvio e tornaram a impedir o fluxo de ve\u00edculos.<\/p><\/blockquote>\n<p>\u00c0s 18h30, o congestionamento no sentido Congresso Nacional chegava at\u00e9 a Torre de TV. \u201cQueremos \u00f4nibus\u201d, diziam os manifestantes, que eram cercados por um cord\u00e3o de isolamento feito por policiais militares.<\/p>\n","protected":false},"excerpt":{"rendered":"<p>Passageiros do transporte p\u00fablico do Distrito Federal fecharam o Eixo Monumental, no sentido Esplanada dos Minist\u00e9rios. O ato foi em protesto contra a paralisa\u00e7\u00e3o dos rodovi\u00e1rios da Pioneira e Marechal, que cruzaram os bra\u00e7os por falta de pagamento de adiantamento salarial. Segundo a Pol\u00edcia Militar, cerca de 400 pessoas participaram do ato, que teve in\u00edcio [&hellip;]<\/p>\n","protected":false},"author":2,"featured_media":22899,"comment_status":"open","ping_status":"closed","sticky":false,"template":"","format":"standard","meta":{"_acf_changed":false,"footnotes":""},"categories":[1],"tags":[],"class_list":["post-22898","post","type-post","status-publish","format-standard","has-post-thumbnail","hentry","category-brasilia"],"acf":[],"_links":{"self":[{"href":"https:\/\/www.notibras.com\/site\/wp-json\/wp\/v2\/posts\/22898","targetHints":{"allow":["GET"]}}],"collection":[{"href":"https:\/\/www.notibras.com\/site\/wp-json\/wp\/v2\/posts"}],"about":[{"href":"https:\/\/www.notibras.com\/site\/wp-json\/wp\/v2\/types\/post"}],"author":[{"embeddable":true,"href":"https:\/\/www.notibras.com\/site\/wp-json\/wp\/v2\/users\/2"}],"replies":[{"embeddable":true,"href":"https:\/\/www.notibras.com\/site\/wp-json\/wp\/v2\/comments?post=22898"}],"version-history":[{"count":0,"href":"https:\/\/www.notibras.com\/site\/wp-json\/wp\/v2\/posts\/22898\/revisions"}],"wp:featuredmedia":[{"embeddable":true,"href":"https:\/\/www.notibras.com\/site\/wp-json\/wp\/v2\/media\/22899"}],"wp:attachment":[{"href":"https:\/\/www.notibras.com\/site\/wp-json\/wp\/v2\/media?parent=22898"}],"wp:term":[{"taxonomy":"category","embeddable":true,"href":"https:\/\/www.notibras.com\/site\/wp-json\/wp\/v2\/categories?post=22898"},{"taxonomy":"post_tag","embeddable":true,"href":"https:\/\/www.notibras.com\/site\/wp-json\/wp\/v2\/tags?post=22898"}],"curies":[{"name":"wp","href":"https:\/\/api.w.org\/{rel}","templated":true}]}}