{"id":22905,"date":"2014-09-23T03:17:50","date_gmt":"2014-09-23T06:17:50","guid":{"rendered":"http:\/\/www.notibras.com\/site\/?p=22905"},"modified":"2014-09-23T03:17:50","modified_gmt":"2014-09-23T06:17:50","slug":"enfim-uma-tv-para-mostrar-ao-povo-o-que-os-deputados-fazem","status":"publish","type":"post","link":"https:\/\/www.notibras.com\/site\/enfim-uma-tv-para-mostrar-ao-povo-o-que-os-deputados-fazem\/","title":{"rendered":"Enfim, uma TV para mostrar ao povo o que os deputados fazem"},"content":{"rendered":"<p>A C\u00e2mara Legislativa est\u00e1 correndo para colocar no ar a TV Distrital. O edital ser\u00e1 lan\u00e7ado nesta ter\u00e7a-feira 23. O presidente da Casa, Wasny de Roure (PT), avalia que a retomada do projeto, paralisado h\u00e1 quatro anos, \u00e9 fundamental para que a popula\u00e7\u00e3o do Distrito Federal entenda, acompanhe, confira e fiscalize o trabalho dos seus representantes. &#8220;Teremos uma TV com a estrutura necess\u00e1ria para divulgar os trabalhos dos parlamentares e permitir que o povo participe diretamente do processo legislativo&#8221;, afirma Wasny.<\/p>\n","protected":false},"excerpt":{"rendered":"<p>A C\u00e2mara Legislativa est\u00e1 correndo para colocar no ar a TV Distrital. O edital ser\u00e1 lan\u00e7ado nesta ter\u00e7a-feira 23. O presidente da Casa, Wasny de Roure (PT), avalia que a retomada do projeto, paralisado h\u00e1 quatro anos, \u00e9 fundamental para que a popula\u00e7\u00e3o do Distrito Federal entenda, acompanhe, confira e fiscalize o trabalho dos seus [&hellip;]<\/p>\n","protected":false},"author":2,"featured_media":22906,"comment_status":"open","ping_status":"closed","sticky":false,"template":"","format":"standard","meta":{"_acf_changed":false,"footnotes":""},"categories":[26],"tags":[],"class_list":["post-22905","post","type-post","status-publish","format-standard","has-post-thumbnail","hentry","category-eleicoes-2022"],"acf":[],"_links":{"self":[{"href":"https:\/\/www.notibras.com\/site\/wp-json\/wp\/v2\/posts\/22905","targetHints":{"allow":["GET"]}}],"collection":[{"href":"https:\/\/www.notibras.com\/site\/wp-json\/wp\/v2\/posts"}],"about":[{"href":"https:\/\/www.notibras.com\/site\/wp-json\/wp\/v2\/types\/post"}],"author":[{"embeddable":true,"href":"https:\/\/www.notibras.com\/site\/wp-json\/wp\/v2\/users\/2"}],"replies":[{"embeddable":true,"href":"https:\/\/www.notibras.com\/site\/wp-json\/wp\/v2\/comments?post=22905"}],"version-history":[{"count":0,"href":"https:\/\/www.notibras.com\/site\/wp-json\/wp\/v2\/posts\/22905\/revisions"}],"wp:featuredmedia":[{"embeddable":true,"href":"https:\/\/www.notibras.com\/site\/wp-json\/wp\/v2\/media\/22906"}],"wp:attachment":[{"href":"https:\/\/www.notibras.com\/site\/wp-json\/wp\/v2\/media?parent=22905"}],"wp:term":[{"taxonomy":"category","embeddable":true,"href":"https:\/\/www.notibras.com\/site\/wp-json\/wp\/v2\/categories?post=22905"},{"taxonomy":"post_tag","embeddable":true,"href":"https:\/\/www.notibras.com\/site\/wp-json\/wp\/v2\/tags?post=22905"}],"curies":[{"name":"wp","href":"https:\/\/api.w.org\/{rel}","templated":true}]}}