{"id":22908,"date":"2014-09-23T03:21:22","date_gmt":"2014-09-23T06:21:22","guid":{"rendered":"http:\/\/www.notibras.com\/site\/?p=22908"},"modified":"2014-09-23T03:21:22","modified_gmt":"2014-09-23T06:21:22","slug":"distritais-brigam-como-quem-usa-foice-por-uma-das-24-cadeiras","status":"publish","type":"post","link":"https:\/\/www.notibras.com\/site\/distritais-brigam-como-quem-usa-foice-por-uma-das-24-cadeiras\/","title":{"rendered":"Distritais brigam como quem usa foice por uma das 24 cadeiras"},"content":{"rendered":"<p>Na corrida por uma cadeira de deputado distrital, quem lidera com folga \u00e9 Liliane Roriz. N\u00e3o ser\u00e1 surpresa se ela carregar dois aliados. A confirmar-se a performance da filha do ex-governador Roriz, sobrariam 21 vagas. Dessas, tamb\u00e9m j\u00e1 teriam a reelei\u00e7\u00e3o garantida Wasny de Roure, Chico Leite, Rob\u00e9rio Negreiros, Celina Le\u00e3o, Agaciel Maia, Chico Vigilante e Dr.Michel. Na dobradinha com a tia Eliana, entraria Eduardo Pedrosa.\u00a0 A briga de foice no escuro para as 13 vagas restantes \u00e9 grande. Entretanto, h\u00e1 quem aposte nos nomes de Mauro C\u00e9zar, Guarda J\u00e2nio, Joe Vale, Toninho Pop, Sandra Faraj, Todi Moreno e Ritinha. Sobram seis. A\u00ed, s\u00f3 mesmo ap\u00f3s a abertura das urnas.<\/p>\n","protected":false},"excerpt":{"rendered":"<p>Na corrida por uma cadeira de deputado distrital, quem lidera com folga \u00e9 Liliane Roriz. N\u00e3o ser\u00e1 surpresa se ela carregar dois aliados. A confirmar-se a performance da filha do ex-governador Roriz, sobrariam 21 vagas. Dessas, tamb\u00e9m j\u00e1 teriam a reelei\u00e7\u00e3o garantida Wasny de Roure, Chico Leite, Rob\u00e9rio Negreiros, Celina Le\u00e3o, Agaciel Maia, Chico Vigilante [&hellip;]<\/p>\n","protected":false},"author":2,"featured_media":22909,"comment_status":"open","ping_status":"closed","sticky":false,"template":"","format":"standard","meta":{"_acf_changed":false,"footnotes":""},"categories":[26],"tags":[],"class_list":["post-22908","post","type-post","status-publish","format-standard","has-post-thumbnail","hentry","category-eleicoes-2022"],"acf":[],"yoast_head":"<!-- This site is optimized with the Yoast SEO plugin v27.2 - https:\/\/yoast.com\/product\/yoast-seo-wordpress\/ -->\n<title>Distritais brigam como quem usa foice por uma das 24 cadeiras - Notibras<\/title>\n<meta name=\"robots\" content=\"index, follow, max-snippet:-1, max-image-preview:large, max-video-preview:-1\" \/>\n<link rel=\"canonical\" href=\"https:\/\/www.notibras.com\/site\/distritais-brigam-como-quem-usa-foice-por-uma-das-24-cadeiras\/\" \/>\n<meta property=\"og:locale\" content=\"pt_BR\" \/>\n<meta property=\"og:type\" content=\"article\" \/>\n<meta property=\"og:title\" content=\"Distritais brigam como quem usa foice por uma das 24 cadeiras - Notibras\" \/>\n<meta property=\"og:description\" content=\"Na corrida por uma cadeira de deputado distrital, quem lidera com folga \u00e9 Liliane Roriz. N\u00e3o ser\u00e1 surpresa se ela carregar dois aliados. A confirmar-se a performance da filha do ex-governador Roriz, sobrariam 21 vagas. Dessas, tamb\u00e9m j\u00e1 teriam a reelei\u00e7\u00e3o garantida Wasny de Roure, Chico Leite, Rob\u00e9rio Negreiros, Celina Le\u00e3o, Agaciel Maia, Chico Vigilante [&hellip;]\" \/>\n<meta property=\"og:url\" content=\"https:\/\/www.notibras.com\/site\/distritais-brigam-como-quem-usa-foice-por-uma-das-24-cadeiras\/\" \/>\n<meta property=\"og:site_name\" content=\"Notibras\" \/>\n<meta property=\"article:publisher\" content=\"https:\/\/www.facebook.com\/notibras\/\" \/>\n<meta property=\"article:published_time\" content=\"2014-09-23T06:21:22+00:00\" \/>\n<meta property=\"og:image\" content=\"https:\/\/www.notibras.com\/site\/wp-content\/uploads\/2014\/09\/p3.jpg\" \/>\n\t<meta property=\"og:image:width\" content=\"450\" \/>\n\t<meta property=\"og:image:height\" content=\"338\" \/>\n\t<meta property=\"og:image:type\" content=\"image\/jpeg\" \/>\n<meta name=\"author\" content=\"Reda\u00e7\u00e3o\" \/>\n<meta name=\"twitter:card\" content=\"summary_large_image\" \/>\n<meta name=\"twitter:creator\" content=\"@Notibras\" \/>\n<meta name=\"twitter:site\" content=\"@Notibras\" \/>\n<meta name=\"twitter:label1\" content=\"Escrito por\" \/>\n\t<meta name=\"twitter:data1\" content=\"Reda\u00e7\u00e3o\" \/>\n\t<meta name=\"twitter:label2\" content=\"Est. tempo de leitura\" \/>\n\t<meta name=\"twitter:data2\" content=\"1 minuto\" \/>\n<script type=\"application\/ld+json\" class=\"yoast-schema-graph\">{\"@context\":\"https:\/\/schema.org\",\"@graph\":[{\"@type\":\"Article\",\"@id\":\"https:\/\/www.notibras.com\/site\/distritais-brigam-como-quem-usa-foice-por-uma-das-24-cadeiras\/#article\",\"isPartOf\":{\"@id\":\"https:\/\/www.notibras.com\/site\/distritais-brigam-como-quem-usa-foice-por-uma-das-24-cadeiras\/\"},\"author\":{\"name\":\"Reda\u00e7\u00e3o\",\"@id\":\"https:\/\/www.notibras.com\/site\/#\/schema\/person\/36ab0979449956132d3e5b517ea76ac8\"},\"headline\":\"Distritais brigam como quem usa foice por uma das 24 cadeiras\",\"datePublished\":\"2014-09-23T06:21:22+00:00\",\"mainEntityOfPage\":{\"@id\":\"https:\/\/www.notibras.com\/site\/distritais-brigam-como-quem-usa-foice-por-uma-das-24-cadeiras\/\"},\"wordCount\":125,\"commentCount\":0,\"publisher\":{\"@id\":\"https:\/\/www.notibras.com\/site\/#organization\"},\"image\":{\"@id\":\"https:\/\/www.notibras.com\/site\/distritais-brigam-como-quem-usa-foice-por-uma-das-24-cadeiras\/#primaryimage\"},\"thumbnailUrl\":\"https:\/\/www.notibras.com\/site\/wp-content\/uploads\/2014\/09\/p3.jpg\",\"articleSection\":[\"Elei\u00e7\u00f5es 2022\"],\"inLanguage\":\"pt-BR\",\"potentialAction\":[{\"@type\":\"CommentAction\",\"name\":\"Comment\",\"target\":[\"https:\/\/www.notibras.com\/site\/distritais-brigam-como-quem-usa-foice-por-uma-das-24-cadeiras\/#respond\"]}]},{\"@type\":\"WebPage\",\"@id\":\"https:\/\/www.notibras.com\/site\/distritais-brigam-como-quem-usa-foice-por-uma-das-24-cadeiras\/\",\"url\":\"https:\/\/www.notibras.com\/site\/distritais-brigam-como-quem-usa-foice-por-uma-das-24-cadeiras\/\",\"name\":\"Distritais brigam como quem usa foice por uma das 24 cadeiras - Notibras\",\"isPartOf\":{\"@id\":\"https:\/\/www.notibras.com\/site\/#website\"},\"primaryImageOfPage\":{\"@id\":\"https:\/\/www.notibras.com\/site\/distritais-brigam-como-quem-usa-foice-por-uma-das-24-cadeiras\/#primaryimage\"},\"image\":{\"@id\":\"https:\/\/www.notibras.com\/site\/distritais-brigam-como-quem-usa-foice-por-uma-das-24-cadeiras\/#primaryimage\"},\"thumbnailUrl\":\"https:\/\/www.notibras.com\/site\/wp-content\/uploads\/2014\/09\/p3.jpg\",\"datePublished\":\"2014-09-23T06:21:22+00:00\",\"breadcrumb\":{\"@id\":\"https:\/\/www.notibras.com\/site\/distritais-brigam-como-quem-usa-foice-por-uma-das-24-cadeiras\/#breadcrumb\"},\"inLanguage\":\"pt-BR\",\"potentialAction\":[{\"@type\":\"ReadAction\",\"target\":[\"https:\/\/www.notibras.com\/site\/distritais-brigam-como-quem-usa-foice-por-uma-das-24-cadeiras\/\"]}]},{\"@type\":\"ImageObject\",\"inLanguage\":\"pt-BR\",\"@id\":\"https:\/\/www.notibras.com\/site\/distritais-brigam-como-quem-usa-foice-por-uma-das-24-cadeiras\/#primaryimage\",\"url\":\"https:\/\/www.notibras.com\/site\/wp-content\/uploads\/2014\/09\/p3.jpg\",\"contentUrl\":\"https:\/\/www.notibras.com\/site\/wp-content\/uploads\/2014\/09\/p3.jpg\",\"width\":450,\"height\":338},{\"@type\":\"BreadcrumbList\",\"@id\":\"https:\/\/www.notibras.com\/site\/distritais-brigam-como-quem-usa-foice-por-uma-das-24-cadeiras\/#breadcrumb\",\"itemListElement\":[{\"@type\":\"ListItem\",\"position\":1,\"name\":\"In\u00edcio\",\"item\":\"https:\/\/www.notibras.com\/site\/\"},{\"@type\":\"ListItem\",\"position\":2,\"name\":\"Distritais brigam como quem usa foice por uma das 24 cadeiras\"}]},{\"@type\":\"WebSite\",\"@id\":\"https:\/\/www.notibras.com\/site\/#website\",\"url\":\"https:\/\/www.notibras.com\/site\/\",\"name\":\"Notibras\",\"description\":\"Not\u00edcias de Bras\u00edlia, do Brasil e do Mundo\",\"publisher\":{\"@id\":\"https:\/\/www.notibras.com\/site\/#organization\"},\"potentialAction\":[{\"@type\":\"SearchAction\",\"target\":{\"@type\":\"EntryPoint\",\"urlTemplate\":\"https:\/\/www.notibras.com\/site\/?s={search_term_string}\"},\"query-input\":{\"@type\":\"PropertyValueSpecification\",\"valueRequired\":true,\"valueName\":\"search_term_string\"}}],\"inLanguage\":\"pt-BR\"},{\"@type\":\"Organization\",\"@id\":\"https:\/\/www.notibras.com\/site\/#organization\",\"name\":\"Grupo Notibras de Comunica\u00e7\u00e3o\",\"url\":\"https:\/\/www.notibras.com\/site\/\",\"logo\":{\"@type\":\"ImageObject\",\"inLanguage\":\"pt-BR\",\"@id\":\"https:\/\/www.notibras.com\/site\/#\/schema\/logo\/image\/\",\"url\":\"https:\/\/www.notibras.com\/site\/wp-content\/uploads\/2023\/01\/notibras23.png\",\"contentUrl\":\"https:\/\/www.notibras.com\/site\/wp-content\/uploads\/2023\/01\/notibras23.png\",\"width\":350,\"height\":87,\"caption\":\"Grupo Notibras de Comunica\u00e7\u00e3o\"},\"image\":{\"@id\":\"https:\/\/www.notibras.com\/site\/#\/schema\/logo\/image\/\"},\"sameAs\":[\"https:\/\/www.facebook.com\/notibras\/\",\"https:\/\/x.com\/Notibras\",\"https:\/\/www.instagram.com\/notibras\/\"]},{\"@type\":\"Person\",\"@id\":\"https:\/\/www.notibras.com\/site\/#\/schema\/person\/36ab0979449956132d3e5b517ea76ac8\",\"name\":\"Reda\u00e7\u00e3o\",\"image\":{\"@type\":\"ImageObject\",\"inLanguage\":\"pt-BR\",\"@id\":\"https:\/\/secure.gravatar.com\/avatar\/e0a867bdedb85fd243eadf09663511f96fc81e0720a4a42581f334ad4303aa6b?s=96&d=mm&r=g\",\"url\":\"https:\/\/secure.gravatar.com\/avatar\/e0a867bdedb85fd243eadf09663511f96fc81e0720a4a42581f334ad4303aa6b?s=96&d=mm&r=g\",\"contentUrl\":\"https:\/\/secure.gravatar.com\/avatar\/e0a867bdedb85fd243eadf09663511f96fc81e0720a4a42581f334ad4303aa6b?s=96&d=mm&r=g\",\"caption\":\"Reda\u00e7\u00e3o\"}}]}<\/script>\n<!-- \/ Yoast SEO plugin. -->","yoast_head_json":{"title":"Distritais brigam como quem usa foice por uma das 24 cadeiras - Notibras","robots":{"index":"index","follow":"follow","max-snippet":"max-snippet:-1","max-image-preview":"max-image-preview:large","max-video-preview":"max-video-preview:-1"},"canonical":"https:\/\/www.notibras.com\/site\/distritais-brigam-como-quem-usa-foice-por-uma-das-24-cadeiras\/","og_locale":"pt_BR","og_type":"article","og_title":"Distritais brigam como quem usa foice por uma das 24 cadeiras - Notibras","og_description":"Na corrida por uma cadeira de deputado distrital, quem lidera com folga \u00e9 Liliane Roriz. N\u00e3o ser\u00e1 surpresa se ela carregar dois aliados. A confirmar-se a performance da filha do ex-governador Roriz, sobrariam 21 vagas. Dessas, tamb\u00e9m j\u00e1 teriam a reelei\u00e7\u00e3o garantida Wasny de Roure, Chico Leite, Rob\u00e9rio Negreiros, Celina Le\u00e3o, Agaciel Maia, Chico Vigilante [&hellip;]","og_url":"https:\/\/www.notibras.com\/site\/distritais-brigam-como-quem-usa-foice-por-uma-das-24-cadeiras\/","og_site_name":"Notibras","article_publisher":"https:\/\/www.facebook.com\/notibras\/","article_published_time":"2014-09-23T06:21:22+00:00","og_image":[{"width":450,"height":338,"url":"https:\/\/www.notibras.com\/site\/wp-content\/uploads\/2014\/09\/p3.jpg","type":"image\/jpeg"}],"author":"Reda\u00e7\u00e3o","twitter_card":"summary_large_image","twitter_creator":"@Notibras","twitter_site":"@Notibras","twitter_misc":{"Escrito por":"Reda\u00e7\u00e3o","Est. tempo de leitura":"1 minuto"},"schema":{"@context":"https:\/\/schema.org","@graph":[{"@type":"Article","@id":"https:\/\/www.notibras.com\/site\/distritais-brigam-como-quem-usa-foice-por-uma-das-24-cadeiras\/#article","isPartOf":{"@id":"https:\/\/www.notibras.com\/site\/distritais-brigam-como-quem-usa-foice-por-uma-das-24-cadeiras\/"},"author":{"name":"Reda\u00e7\u00e3o","@id":"https:\/\/www.notibras.com\/site\/#\/schema\/person\/36ab0979449956132d3e5b517ea76ac8"},"headline":"Distritais brigam como quem usa foice por uma das 24 cadeiras","datePublished":"2014-09-23T06:21:22+00:00","mainEntityOfPage":{"@id":"https:\/\/www.notibras.com\/site\/distritais-brigam-como-quem-usa-foice-por-uma-das-24-cadeiras\/"},"wordCount":125,"commentCount":0,"publisher":{"@id":"https:\/\/www.notibras.com\/site\/#organization"},"image":{"@id":"https:\/\/www.notibras.com\/site\/distritais-brigam-como-quem-usa-foice-por-uma-das-24-cadeiras\/#primaryimage"},"thumbnailUrl":"https:\/\/www.notibras.com\/site\/wp-content\/uploads\/2014\/09\/p3.jpg","articleSection":["Elei\u00e7\u00f5es 2022"],"inLanguage":"pt-BR","potentialAction":[{"@type":"CommentAction","name":"Comment","target":["https:\/\/www.notibras.com\/site\/distritais-brigam-como-quem-usa-foice-por-uma-das-24-cadeiras\/#respond"]}]},{"@type":"WebPage","@id":"https:\/\/www.notibras.com\/site\/distritais-brigam-como-quem-usa-foice-por-uma-das-24-cadeiras\/","url":"https:\/\/www.notibras.com\/site\/distritais-brigam-como-quem-usa-foice-por-uma-das-24-cadeiras\/","name":"Distritais brigam como quem usa foice por uma das 24 cadeiras - Notibras","isPartOf":{"@id":"https:\/\/www.notibras.com\/site\/#website"},"primaryImageOfPage":{"@id":"https:\/\/www.notibras.com\/site\/distritais-brigam-como-quem-usa-foice-por-uma-das-24-cadeiras\/#primaryimage"},"image":{"@id":"https:\/\/www.notibras.com\/site\/distritais-brigam-como-quem-usa-foice-por-uma-das-24-cadeiras\/#primaryimage"},"thumbnailUrl":"https:\/\/www.notibras.com\/site\/wp-content\/uploads\/2014\/09\/p3.jpg","datePublished":"2014-09-23T06:21:22+00:00","breadcrumb":{"@id":"https:\/\/www.notibras.com\/site\/distritais-brigam-como-quem-usa-foice-por-uma-das-24-cadeiras\/#breadcrumb"},"inLanguage":"pt-BR","potentialAction":[{"@type":"ReadAction","target":["https:\/\/www.notibras.com\/site\/distritais-brigam-como-quem-usa-foice-por-uma-das-24-cadeiras\/"]}]},{"@type":"ImageObject","inLanguage":"pt-BR","@id":"https:\/\/www.notibras.com\/site\/distritais-brigam-como-quem-usa-foice-por-uma-das-24-cadeiras\/#primaryimage","url":"https:\/\/www.notibras.com\/site\/wp-content\/uploads\/2014\/09\/p3.jpg","contentUrl":"https:\/\/www.notibras.com\/site\/wp-content\/uploads\/2014\/09\/p3.jpg","width":450,"height":338},{"@type":"BreadcrumbList","@id":"https:\/\/www.notibras.com\/site\/distritais-brigam-como-quem-usa-foice-por-uma-das-24-cadeiras\/#breadcrumb","itemListElement":[{"@type":"ListItem","position":1,"name":"In\u00edcio","item":"https:\/\/www.notibras.com\/site\/"},{"@type":"ListItem","position":2,"name":"Distritais brigam como quem usa foice por uma das 24 cadeiras"}]},{"@type":"WebSite","@id":"https:\/\/www.notibras.com\/site\/#website","url":"https:\/\/www.notibras.com\/site\/","name":"Notibras","description":"Not\u00edcias de Bras\u00edlia, do Brasil e do Mundo","publisher":{"@id":"https:\/\/www.notibras.com\/site\/#organization"},"potentialAction":[{"@type":"SearchAction","target":{"@type":"EntryPoint","urlTemplate":"https:\/\/www.notibras.com\/site\/?s={search_term_string}"},"query-input":{"@type":"PropertyValueSpecification","valueRequired":true,"valueName":"search_term_string"}}],"inLanguage":"pt-BR"},{"@type":"Organization","@id":"https:\/\/www.notibras.com\/site\/#organization","name":"Grupo Notibras de Comunica\u00e7\u00e3o","url":"https:\/\/www.notibras.com\/site\/","logo":{"@type":"ImageObject","inLanguage":"pt-BR","@id":"https:\/\/www.notibras.com\/site\/#\/schema\/logo\/image\/","url":"https:\/\/www.notibras.com\/site\/wp-content\/uploads\/2023\/01\/notibras23.png","contentUrl":"https:\/\/www.notibras.com\/site\/wp-content\/uploads\/2023\/01\/notibras23.png","width":350,"height":87,"caption":"Grupo Notibras de Comunica\u00e7\u00e3o"},"image":{"@id":"https:\/\/www.notibras.com\/site\/#\/schema\/logo\/image\/"},"sameAs":["https:\/\/www.facebook.com\/notibras\/","https:\/\/x.com\/Notibras","https:\/\/www.instagram.com\/notibras\/"]},{"@type":"Person","@id":"https:\/\/www.notibras.com\/site\/#\/schema\/person\/36ab0979449956132d3e5b517ea76ac8","name":"Reda\u00e7\u00e3o","image":{"@type":"ImageObject","inLanguage":"pt-BR","@id":"https:\/\/secure.gravatar.com\/avatar\/e0a867bdedb85fd243eadf09663511f96fc81e0720a4a42581f334ad4303aa6b?s=96&d=mm&r=g","url":"https:\/\/secure.gravatar.com\/avatar\/e0a867bdedb85fd243eadf09663511f96fc81e0720a4a42581f334ad4303aa6b?s=96&d=mm&r=g","contentUrl":"https:\/\/secure.gravatar.com\/avatar\/e0a867bdedb85fd243eadf09663511f96fc81e0720a4a42581f334ad4303aa6b?s=96&d=mm&r=g","caption":"Reda\u00e7\u00e3o"}}]}},"amp_enabled":true,"_links":{"self":[{"href":"https:\/\/www.notibras.com\/site\/wp-json\/wp\/v2\/posts\/22908","targetHints":{"allow":["GET"]}}],"collection":[{"href":"https:\/\/www.notibras.com\/site\/wp-json\/wp\/v2\/posts"}],"about":[{"href":"https:\/\/www.notibras.com\/site\/wp-json\/wp\/v2\/types\/post"}],"author":[{"embeddable":true,"href":"https:\/\/www.notibras.com\/site\/wp-json\/wp\/v2\/users\/2"}],"replies":[{"embeddable":true,"href":"https:\/\/www.notibras.com\/site\/wp-json\/wp\/v2\/comments?post=22908"}],"version-history":[{"count":0,"href":"https:\/\/www.notibras.com\/site\/wp-json\/wp\/v2\/posts\/22908\/revisions"}],"wp:featuredmedia":[{"embeddable":true,"href":"https:\/\/www.notibras.com\/site\/wp-json\/wp\/v2\/media\/22909"}],"wp:attachment":[{"href":"https:\/\/www.notibras.com\/site\/wp-json\/wp\/v2\/media?parent=22908"}],"wp:term":[{"taxonomy":"category","embeddable":true,"href":"https:\/\/www.notibras.com\/site\/wp-json\/wp\/v2\/categories?post=22908"},{"taxonomy":"post_tag","embeddable":true,"href":"https:\/\/www.notibras.com\/site\/wp-json\/wp\/v2\/tags?post=22908"}],"curies":[{"name":"wp","href":"https:\/\/api.w.org\/{rel}","templated":true}]}}