{"id":22911,"date":"2014-09-23T03:23:56","date_gmt":"2014-09-23T06:23:56","guid":{"rendered":"http:\/\/www.notibras.com\/site\/?p=22911"},"modified":"2014-09-23T03:28:15","modified_gmt":"2014-09-23T06:28:15","slug":"cinco-estao-garantidos-para-a-camara-muitos-disputam-tres-vagas","status":"publish","type":"post","link":"https:\/\/www.notibras.com\/site\/cinco-estao-garantidos-para-a-camara-muitos-disputam-tres-vagas\/","title":{"rendered":"Cinco est\u00e3o garantidos na C\u00e2mara. Muitos disputam tr\u00eas vagas"},"content":{"rendered":"<p>Para a C\u00e2mara dos Deputados, respeitados os dados do Instituto Exata, o caminho est\u00e1 muito bem pavimentado para os candidatos Alberto Fraga, \u00c9rika Kokay, Ronaldo Fonseca, Eliana Pedrosa e Joaquim Roriz Neto. Quase l\u00e1, embora com alguns buracos na estrada, aparecem Policarpo, Al\u00edrio Neto, Izalci Lucas e R\u00f4nei Nemer. Mas vale esclarecer que tudo vai depender do quociente eleitoral. Estima-se que para garantir duas das oito vagas existentes, a coliga\u00e7\u00e3o deve sair das urnas com o m\u00ednimo de 180 mil votos.<\/p>\n","protected":false},"excerpt":{"rendered":"<p>Para a C\u00e2mara dos Deputados, respeitados os dados do Instituto Exata, o caminho est\u00e1 muito bem pavimentado para os candidatos Alberto Fraga, \u00c9rika Kokay, Ronaldo Fonseca, Eliana Pedrosa e Joaquim Roriz Neto. Quase l\u00e1, embora com alguns buracos na estrada, aparecem Policarpo, Al\u00edrio Neto, Izalci Lucas e R\u00f4nei Nemer. Mas vale esclarecer que tudo vai [&hellip;]<\/p>\n","protected":false},"author":2,"featured_media":22912,"comment_status":"open","ping_status":"closed","sticky":false,"template":"","format":"standard","meta":{"_acf_changed":false,"footnotes":""},"categories":[26],"tags":[],"class_list":["post-22911","post","type-post","status-publish","format-standard","has-post-thumbnail","hentry","category-eleicoes-2022"],"acf":[],"_links":{"self":[{"href":"https:\/\/www.notibras.com\/site\/wp-json\/wp\/v2\/posts\/22911","targetHints":{"allow":["GET"]}}],"collection":[{"href":"https:\/\/www.notibras.com\/site\/wp-json\/wp\/v2\/posts"}],"about":[{"href":"https:\/\/www.notibras.com\/site\/wp-json\/wp\/v2\/types\/post"}],"author":[{"embeddable":true,"href":"https:\/\/www.notibras.com\/site\/wp-json\/wp\/v2\/users\/2"}],"replies":[{"embeddable":true,"href":"https:\/\/www.notibras.com\/site\/wp-json\/wp\/v2\/comments?post=22911"}],"version-history":[{"count":0,"href":"https:\/\/www.notibras.com\/site\/wp-json\/wp\/v2\/posts\/22911\/revisions"}],"wp:featuredmedia":[{"embeddable":true,"href":"https:\/\/www.notibras.com\/site\/wp-json\/wp\/v2\/media\/22912"}],"wp:attachment":[{"href":"https:\/\/www.notibras.com\/site\/wp-json\/wp\/v2\/media?parent=22911"}],"wp:term":[{"taxonomy":"category","embeddable":true,"href":"https:\/\/www.notibras.com\/site\/wp-json\/wp\/v2\/categories?post=22911"},{"taxonomy":"post_tag","embeddable":true,"href":"https:\/\/www.notibras.com\/site\/wp-json\/wp\/v2\/tags?post=22911"}],"curies":[{"name":"wp","href":"https:\/\/api.w.org\/{rel}","templated":true}]}}