{"id":22918,"date":"2014-09-23T03:38:20","date_gmt":"2014-09-23T06:38:20","guid":{"rendered":"http:\/\/www.notibras.com\/site\/?p=22918"},"modified":"2014-09-23T03:38:20","modified_gmt":"2014-09-23T06:38:20","slug":"deixem-a-cada-um-a-propria-cultura-na-voz-de-solzhenitsyn","status":"publish","type":"post","link":"https:\/\/www.notibras.com\/site\/deixem-a-cada-um-a-propria-cultura-na-voz-de-solzhenitsyn\/","title":{"rendered":"Deixem a cada um a pr\u00f3pria cultura (Na voz de Solzhenitsyn)"},"content":{"rendered":"<div class=\"diff-text-block\">\n<p id=\"p_20\">Depois da publica\u00e7\u00e3o do artigo \u201cComo devemos desenvolver a R\u00fassia?\u201d, Sviatoslav Karavansky, que foi por longos anos prisioneiro no Gulag, ucraniano, escreveu uma \u201cCarta aberta a Alexander Solzhenitsyn\u201d, publicada no jornal Russkaya Mysl (Pensamento Russo) de 19 de outubro de 1990.<\/p>\n<p id=\"p_30\">A resposta de Alexander Solzhenitsyn a Sviatoslav Karavansky foi publicada no jornal Russkaya Mysl de 02 de novembro de 1990.<\/p>\n<p>Car\u00edssimo Sviatoslav!<\/p>\n<p id=\"p_40\">Respeitando-o profundamente por tudo o que sofreu e pela Vossa resist\u00eancia \u00e0s prova\u00e7\u00f5es, fico contente por ouvir a Vossa voz suave, tanto mais que os vossos conterr\u00e2neos, desde a tribuna do Soviete Supremo da URSS at\u00e9 aos long\u00ednquos jornais da emigra\u00e7\u00e3o, apenas conclu\u00edram do meu artigo que eu sou um chauvinista da Grande R\u00fassia, um colonialista, um capanga da tirania imperial e um \u201cimperialista provinciano\u201d (\u201cHomin Ukrainy\u201d, 10 de outubro de 90). Essa surdez e desonestidade t\u00e3o claramente intencionais surpreendem, mas tamb\u00e9m preocupam: o que eles\u00a0querem esconder com esse verdadeiro rosnar?<\/p>\n<p id=\"p_50\">Ao senhor eu me posso dirigir com esperan\u00e7a de compreens\u00e3o m\u00fatua, a qual eles me recusaram.<\/p>\n<p id=\"p_60\">Aos seus argumentos hist\u00f3ricos, come\u00e7ando pela parte da defesa contra a invas\u00e3o t\u00e1rtara (se considerarmos a Rut\u00eania Vermelha como n\u00e3o sendo R\u00fassia), podia-se responder longamente, mas todos eles s\u00e3o completamente cobertos pelo argumento mais forte, que o senhor n\u00e3o apresenta por ser t\u00e3o evidente: que se os cora\u00e7\u00f5es dos ucranianos desejam hoje uma separa\u00e7\u00e3o \u2013 n\u00e3o h\u00e1 discuss\u00e3o poss\u00edvel. Basta esse movimento dos cora\u00e7\u00f5es! \u2013 e foi precisamente isso que eu disse no meu artigo. E ainda escrevi sobre isso no \u201cArquip\u00e9lago\u201d (parte V, cap. 2), portanto a minha atual comunica\u00e7\u00e3o n\u00e3o \u00e9 de todo \u201csem precedentes\u201d. Contudo, tamb\u00e9m o senhor n\u00e3o referiu que havendo essa sede \u2013 eu n\u00e3o contesto a separa\u00e7\u00e3o da Ucr\u00e2nia\u2026<\/p>\n<p id=\"p_70\">Mas \u2013 da verdadeira Ucr\u00e2nia.<\/p>\n<p id=\"p_80\">Agora, quando na Ucr\u00e2nia Ocidental s\u00e3o derrubadas as est\u00e1tuas de Lenin (o que \u00e9 bem feito!), \u2013 porque \u00e9 que os ucranianos ocidentais s\u00e3o quem deseja com mais fervor que a Ucr\u00e2nia mantenha precisamente as fronteiras leninistas, que lhe foram oferecidas pelo papai Lenin, quando ele procurava compens\u00e1-la de alguma maneira pela perda da independ\u00eancia \u2013 cortando e colando-lhe aquilo que nunca foi Ucr\u00e2nia: a Nova R\u00fassia (R\u00fassia do Sul), a bacia do Don (arrancando a bacia do Donets das influ\u00eancias \u201ccontrarrevolucion\u00e1rias\u201d do Don) e partes significativas da Margem Esquerda do Dnepr. (E Khrushchev ainda lhe \u201cofereceu\u201d a Crimeia de uma penada). E agora os nacionalistas ucranianos defendem firmemente essas \u201csagradas\u201d fronteiras leninistas?<\/p>\n<blockquote>\n<p id=\"p_90\">Eu escrevo no meu artigo (parece que ningu\u00e9m leu isso): \u201cClaro que, se o povo ucraniano realmente desejasse se separar, ningu\u00e9m poderia\u00a0se\u00a0atrever a segur\u00e1-lo \u00e0 for\u00e7a. Mas essa imensid\u00e3o \u00e9 diversificada e apenas a popula\u00e7\u00e3o local poder\u00e1 decidir o destino da sua regi\u00e3o, do seu distrito.\u201d E por causa disso eu sou um \u201cimperialista provinciano\u201d? Mas aqueles que pro\u00edbem a express\u00e3o da vontade popular e temem-na mesmo por qualquer raz\u00e3o, esses s\u00e3o democratas e a favor da liberdade, \u00e9 isso??<\/p>\n<\/blockquote>\n<p id=\"p_100\">Num ambiente t\u00e3o furioso n\u00e3o se pode discutir essa quest\u00e3o t\u00e3o complexa, quando os nossos dois povos se fundiram atrav\u00e9s de milh\u00f5es de fam\u00edlias, em centenas de locais.<\/p>\n<p id=\"p_110\">H\u00e1 um outro argumento que, para meu espanto, o senhor tamb\u00e9m apresenta: que a escolha da l\u00edngua dos filhos n\u00e3o deve ser \u201cum capricho dos pais\u201d, mas deve ser decidido pelo governo da rep\u00fablica. Esse argumento \u00e9 impressionante. Ent\u00e3o tamb\u00e9m a escolha da f\u00e9 crist\u00e3, o batismo dos filhos tanto mais n\u00e3o devem ser \u201cum capricho dos pais\u201d, mas devemos aguardar por uma diretriz do Estado? \u201cOs n\u00e3o-ucranianos s\u00e3o livres na sua escolha\u201d, escreve o senhor; apenas ser\u00e1 cortado o n\u00famero de escolas? Mas os ucranianos n\u00e3o s\u00e3o \u201clivres na sua escolha\u201d. Ent\u00e3o teremos mais uma viol\u00eancia ?<\/p>\n<p id=\"p_150\">N\u00e3o, n\u00e3o precisamos dessa ditadura, deixem cada cultura crescer de forma natural.<\/p>\n<p><strong>Este texto foi publicado pela primeira vez na R\u00fassia na revista \u201cZvezda\u201d (Estrela), 1993, 12<span id=\"ctrlcopy\"><br \/>\n<\/span><\/strong><\/p>\n<\/div>\n","protected":false},"excerpt":{"rendered":"<p>Depois da publica\u00e7\u00e3o do artigo \u201cComo devemos desenvolver a R\u00fassia?\u201d, Sviatoslav Karavansky, que foi por longos anos prisioneiro no Gulag, ucraniano, escreveu uma \u201cCarta aberta a Alexander Solzhenitsyn\u201d, publicada no jornal Russkaya Mysl (Pensamento Russo) de 19 de outubro de 1990. A resposta de Alexander Solzhenitsyn a Sviatoslav Karavansky foi publicada no jornal Russkaya Mysl [&hellip;]<\/p>\n","protected":false},"author":2,"featured_media":22919,"comment_status":"open","ping_status":"closed","sticky":false,"template":"","format":"standard","meta":{"_acf_changed":false,"footnotes":""},"categories":[25],"tags":[],"class_list":["post-22918","post","type-post","status-publish","format-standard","has-post-thumbnail","hentry","category-opina-ai"],"acf":[],"yoast_head":"<!-- This site is optimized with the Yoast SEO plugin v27.5 - https:\/\/yoast.com\/product\/yoast-seo-wordpress\/ -->\n<title>Deixem a cada um a pr\u00f3pria cultura (Na voz de Solzhenitsyn) - Notibras<\/title>\n<meta name=\"robots\" content=\"index, follow, max-snippet:-1, max-image-preview:large, max-video-preview:-1\" \/>\n<link rel=\"canonical\" href=\"https:\/\/www.notibras.com\/site\/deixem-a-cada-um-a-propria-cultura-na-voz-de-solzhenitsyn\/\" \/>\n<meta property=\"og:locale\" content=\"pt_BR\" \/>\n<meta property=\"og:type\" content=\"article\" \/>\n<meta property=\"og:title\" content=\"Deixem a cada um a pr\u00f3pria cultura (Na voz de Solzhenitsyn) - Notibras\" \/>\n<meta property=\"og:description\" content=\"Depois da publica\u00e7\u00e3o do artigo \u201cComo devemos desenvolver a R\u00fassia?\u201d, Sviatoslav Karavansky, que foi por longos anos prisioneiro no Gulag, ucraniano, escreveu uma \u201cCarta aberta a Alexander Solzhenitsyn\u201d, publicada no jornal Russkaya Mysl (Pensamento Russo) de 19 de outubro de 1990. A resposta de Alexander Solzhenitsyn a Sviatoslav Karavansky foi publicada no jornal Russkaya Mysl [&hellip;]\" \/>\n<meta property=\"og:url\" content=\"https:\/\/www.notibras.com\/site\/deixem-a-cada-um-a-propria-cultura-na-voz-de-solzhenitsyn\/\" \/>\n<meta property=\"og:site_name\" content=\"Notibras\" \/>\n<meta property=\"article:publisher\" content=\"https:\/\/www.facebook.com\/notibras\/\" \/>\n<meta property=\"article:published_time\" content=\"2014-09-23T06:38:20+00:00\" \/>\n<meta property=\"og:image\" content=\"https:\/\/www.notibras.com\/site\/wp-content\/uploads\/2014\/09\/9AP9401010328.jpg\" \/>\n\t<meta property=\"og:image:width\" content=\"740\" \/>\n\t<meta property=\"og:image:height\" content=\"431\" \/>\n\t<meta property=\"og:image:type\" content=\"image\/jpeg\" \/>\n<meta name=\"author\" content=\"Reda\u00e7\u00e3o\" \/>\n<meta name=\"twitter:card\" content=\"summary_large_image\" \/>\n<meta name=\"twitter:creator\" content=\"@Notibras\" \/>\n<meta name=\"twitter:site\" content=\"@Notibras\" \/>\n<meta name=\"twitter:label1\" content=\"Escrito por\" \/>\n\t<meta name=\"twitter:data1\" content=\"Reda\u00e7\u00e3o\" \/>\n\t<meta name=\"twitter:label2\" content=\"Est. tempo de leitura\" \/>\n\t<meta name=\"twitter:data2\" content=\"4 minutos\" \/>\n<script type=\"application\/ld+json\" class=\"yoast-schema-graph\">{\"@context\":\"https:\\\/\\\/schema.org\",\"@graph\":[{\"@type\":\"Article\",\"@id\":\"https:\\\/\\\/www.notibras.com\\\/site\\\/deixem-a-cada-um-a-propria-cultura-na-voz-de-solzhenitsyn\\\/#article\",\"isPartOf\":{\"@id\":\"https:\\\/\\\/www.notibras.com\\\/site\\\/deixem-a-cada-um-a-propria-cultura-na-voz-de-solzhenitsyn\\\/\"},\"author\":{\"name\":\"Reda\u00e7\u00e3o\",\"@id\":\"https:\\\/\\\/www.notibras.com\\\/site\\\/#\\\/schema\\\/person\\\/36ab0979449956132d3e5b517ea76ac8\"},\"headline\":\"Deixem a cada um a pr\u00f3pria cultura (Na voz de Solzhenitsyn)\",\"datePublished\":\"2014-09-23T06:38:20+00:00\",\"mainEntityOfPage\":{\"@id\":\"https:\\\/\\\/www.notibras.com\\\/site\\\/deixem-a-cada-um-a-propria-cultura-na-voz-de-solzhenitsyn\\\/\"},\"wordCount\":715,\"commentCount\":0,\"publisher\":{\"@id\":\"https:\\\/\\\/www.notibras.com\\\/site\\\/#organization\"},\"image\":{\"@id\":\"https:\\\/\\\/www.notibras.com\\\/site\\\/deixem-a-cada-um-a-propria-cultura-na-voz-de-solzhenitsyn\\\/#primaryimage\"},\"thumbnailUrl\":\"https:\\\/\\\/www.notibras.com\\\/site\\\/wp-content\\\/uploads\\\/2014\\\/09\\\/9AP9401010328.jpg\",\"articleSection\":[\"Opina a\u00ed\"],\"inLanguage\":\"pt-BR\",\"potentialAction\":[{\"@type\":\"CommentAction\",\"name\":\"Comment\",\"target\":[\"https:\\\/\\\/www.notibras.com\\\/site\\\/deixem-a-cada-um-a-propria-cultura-na-voz-de-solzhenitsyn\\\/#respond\"]}]},{\"@type\":\"WebPage\",\"@id\":\"https:\\\/\\\/www.notibras.com\\\/site\\\/deixem-a-cada-um-a-propria-cultura-na-voz-de-solzhenitsyn\\\/\",\"url\":\"https:\\\/\\\/www.notibras.com\\\/site\\\/deixem-a-cada-um-a-propria-cultura-na-voz-de-solzhenitsyn\\\/\",\"name\":\"Deixem a cada um a pr\u00f3pria cultura (Na voz de Solzhenitsyn) - Notibras\",\"isPartOf\":{\"@id\":\"https:\\\/\\\/www.notibras.com\\\/site\\\/#website\"},\"primaryImageOfPage\":{\"@id\":\"https:\\\/\\\/www.notibras.com\\\/site\\\/deixem-a-cada-um-a-propria-cultura-na-voz-de-solzhenitsyn\\\/#primaryimage\"},\"image\":{\"@id\":\"https:\\\/\\\/www.notibras.com\\\/site\\\/deixem-a-cada-um-a-propria-cultura-na-voz-de-solzhenitsyn\\\/#primaryimage\"},\"thumbnailUrl\":\"https:\\\/\\\/www.notibras.com\\\/site\\\/wp-content\\\/uploads\\\/2014\\\/09\\\/9AP9401010328.jpg\",\"datePublished\":\"2014-09-23T06:38:20+00:00\",\"breadcrumb\":{\"@id\":\"https:\\\/\\\/www.notibras.com\\\/site\\\/deixem-a-cada-um-a-propria-cultura-na-voz-de-solzhenitsyn\\\/#breadcrumb\"},\"inLanguage\":\"pt-BR\",\"potentialAction\":[{\"@type\":\"ReadAction\",\"target\":[\"https:\\\/\\\/www.notibras.com\\\/site\\\/deixem-a-cada-um-a-propria-cultura-na-voz-de-solzhenitsyn\\\/\"]}]},{\"@type\":\"ImageObject\",\"inLanguage\":\"pt-BR\",\"@id\":\"https:\\\/\\\/www.notibras.com\\\/site\\\/deixem-a-cada-um-a-propria-cultura-na-voz-de-solzhenitsyn\\\/#primaryimage\",\"url\":\"https:\\\/\\\/www.notibras.com\\\/site\\\/wp-content\\\/uploads\\\/2014\\\/09\\\/9AP9401010328.jpg\",\"contentUrl\":\"https:\\\/\\\/www.notibras.com\\\/site\\\/wp-content\\\/uploads\\\/2014\\\/09\\\/9AP9401010328.jpg\",\"width\":740,\"height\":431},{\"@type\":\"BreadcrumbList\",\"@id\":\"https:\\\/\\\/www.notibras.com\\\/site\\\/deixem-a-cada-um-a-propria-cultura-na-voz-de-solzhenitsyn\\\/#breadcrumb\",\"itemListElement\":[{\"@type\":\"ListItem\",\"position\":1,\"name\":\"In\u00edcio\",\"item\":\"https:\\\/\\\/www.notibras.com\\\/site\\\/\"},{\"@type\":\"ListItem\",\"position\":2,\"name\":\"Deixem a cada um a pr\u00f3pria cultura (Na voz de Solzhenitsyn)\"}]},{\"@type\":\"WebSite\",\"@id\":\"https:\\\/\\\/www.notibras.com\\\/site\\\/#website\",\"url\":\"https:\\\/\\\/www.notibras.com\\\/site\\\/\",\"name\":\"Notibras\",\"description\":\"Not\u00edcias de Bras\u00edlia, do Brasil e do Mundo\",\"publisher\":{\"@id\":\"https:\\\/\\\/www.notibras.com\\\/site\\\/#organization\"},\"potentialAction\":[{\"@type\":\"SearchAction\",\"target\":{\"@type\":\"EntryPoint\",\"urlTemplate\":\"https:\\\/\\\/www.notibras.com\\\/site\\\/?s={search_term_string}\"},\"query-input\":{\"@type\":\"PropertyValueSpecification\",\"valueRequired\":true,\"valueName\":\"search_term_string\"}}],\"inLanguage\":\"pt-BR\"},{\"@type\":\"Organization\",\"@id\":\"https:\\\/\\\/www.notibras.com\\\/site\\\/#organization\",\"name\":\"Grupo Notibras de Comunica\u00e7\u00e3o\",\"url\":\"https:\\\/\\\/www.notibras.com\\\/site\\\/\",\"logo\":{\"@type\":\"ImageObject\",\"inLanguage\":\"pt-BR\",\"@id\":\"https:\\\/\\\/www.notibras.com\\\/site\\\/#\\\/schema\\\/logo\\\/image\\\/\",\"url\":\"https:\\\/\\\/www.notibras.com\\\/site\\\/wp-content\\\/uploads\\\/2023\\\/01\\\/notibras23.png\",\"contentUrl\":\"https:\\\/\\\/www.notibras.com\\\/site\\\/wp-content\\\/uploads\\\/2023\\\/01\\\/notibras23.png\",\"width\":350,\"height\":87,\"caption\":\"Grupo Notibras de Comunica\u00e7\u00e3o\"},\"image\":{\"@id\":\"https:\\\/\\\/www.notibras.com\\\/site\\\/#\\\/schema\\\/logo\\\/image\\\/\"},\"sameAs\":[\"https:\\\/\\\/www.facebook.com\\\/notibras\\\/\",\"https:\\\/\\\/x.com\\\/Notibras\",\"https:\\\/\\\/www.instagram.com\\\/notibras\\\/\"]},{\"@type\":\"Person\",\"@id\":\"https:\\\/\\\/www.notibras.com\\\/site\\\/#\\\/schema\\\/person\\\/36ab0979449956132d3e5b517ea76ac8\",\"name\":\"Reda\u00e7\u00e3o\",\"image\":{\"@type\":\"ImageObject\",\"inLanguage\":\"pt-BR\",\"@id\":\"https:\\\/\\\/secure.gravatar.com\\\/avatar\\\/e0a867bdedb85fd243eadf09663511f96fc81e0720a4a42581f334ad4303aa6b?s=96&d=mm&r=g\",\"url\":\"https:\\\/\\\/secure.gravatar.com\\\/avatar\\\/e0a867bdedb85fd243eadf09663511f96fc81e0720a4a42581f334ad4303aa6b?s=96&d=mm&r=g\",\"contentUrl\":\"https:\\\/\\\/secure.gravatar.com\\\/avatar\\\/e0a867bdedb85fd243eadf09663511f96fc81e0720a4a42581f334ad4303aa6b?s=96&d=mm&r=g\",\"caption\":\"Reda\u00e7\u00e3o\"}}]}<\/script>\n<!-- \/ Yoast SEO plugin. -->","yoast_head_json":{"title":"Deixem a cada um a pr\u00f3pria cultura (Na voz de Solzhenitsyn) - Notibras","robots":{"index":"index","follow":"follow","max-snippet":"max-snippet:-1","max-image-preview":"max-image-preview:large","max-video-preview":"max-video-preview:-1"},"canonical":"https:\/\/www.notibras.com\/site\/deixem-a-cada-um-a-propria-cultura-na-voz-de-solzhenitsyn\/","og_locale":"pt_BR","og_type":"article","og_title":"Deixem a cada um a pr\u00f3pria cultura (Na voz de Solzhenitsyn) - Notibras","og_description":"Depois da publica\u00e7\u00e3o do artigo \u201cComo devemos desenvolver a R\u00fassia?\u201d, Sviatoslav Karavansky, que foi por longos anos prisioneiro no Gulag, ucraniano, escreveu uma \u201cCarta aberta a Alexander Solzhenitsyn\u201d, publicada no jornal Russkaya Mysl (Pensamento Russo) de 19 de outubro de 1990. A resposta de Alexander Solzhenitsyn a Sviatoslav Karavansky foi publicada no jornal Russkaya Mysl [&hellip;]","og_url":"https:\/\/www.notibras.com\/site\/deixem-a-cada-um-a-propria-cultura-na-voz-de-solzhenitsyn\/","og_site_name":"Notibras","article_publisher":"https:\/\/www.facebook.com\/notibras\/","article_published_time":"2014-09-23T06:38:20+00:00","og_image":[{"width":740,"height":431,"url":"https:\/\/www.notibras.com\/site\/wp-content\/uploads\/2014\/09\/9AP9401010328.jpg","type":"image\/jpeg"}],"author":"Reda\u00e7\u00e3o","twitter_card":"summary_large_image","twitter_creator":"@Notibras","twitter_site":"@Notibras","twitter_misc":{"Escrito por":"Reda\u00e7\u00e3o","Est. tempo de leitura":"4 minutos"},"schema":{"@context":"https:\/\/schema.org","@graph":[{"@type":"Article","@id":"https:\/\/www.notibras.com\/site\/deixem-a-cada-um-a-propria-cultura-na-voz-de-solzhenitsyn\/#article","isPartOf":{"@id":"https:\/\/www.notibras.com\/site\/deixem-a-cada-um-a-propria-cultura-na-voz-de-solzhenitsyn\/"},"author":{"name":"Reda\u00e7\u00e3o","@id":"https:\/\/www.notibras.com\/site\/#\/schema\/person\/36ab0979449956132d3e5b517ea76ac8"},"headline":"Deixem a cada um a pr\u00f3pria cultura (Na voz de Solzhenitsyn)","datePublished":"2014-09-23T06:38:20+00:00","mainEntityOfPage":{"@id":"https:\/\/www.notibras.com\/site\/deixem-a-cada-um-a-propria-cultura-na-voz-de-solzhenitsyn\/"},"wordCount":715,"commentCount":0,"publisher":{"@id":"https:\/\/www.notibras.com\/site\/#organization"},"image":{"@id":"https:\/\/www.notibras.com\/site\/deixem-a-cada-um-a-propria-cultura-na-voz-de-solzhenitsyn\/#primaryimage"},"thumbnailUrl":"https:\/\/www.notibras.com\/site\/wp-content\/uploads\/2014\/09\/9AP9401010328.jpg","articleSection":["Opina a\u00ed"],"inLanguage":"pt-BR","potentialAction":[{"@type":"CommentAction","name":"Comment","target":["https:\/\/www.notibras.com\/site\/deixem-a-cada-um-a-propria-cultura-na-voz-de-solzhenitsyn\/#respond"]}]},{"@type":"WebPage","@id":"https:\/\/www.notibras.com\/site\/deixem-a-cada-um-a-propria-cultura-na-voz-de-solzhenitsyn\/","url":"https:\/\/www.notibras.com\/site\/deixem-a-cada-um-a-propria-cultura-na-voz-de-solzhenitsyn\/","name":"Deixem a cada um a pr\u00f3pria cultura (Na voz de Solzhenitsyn) - Notibras","isPartOf":{"@id":"https:\/\/www.notibras.com\/site\/#website"},"primaryImageOfPage":{"@id":"https:\/\/www.notibras.com\/site\/deixem-a-cada-um-a-propria-cultura-na-voz-de-solzhenitsyn\/#primaryimage"},"image":{"@id":"https:\/\/www.notibras.com\/site\/deixem-a-cada-um-a-propria-cultura-na-voz-de-solzhenitsyn\/#primaryimage"},"thumbnailUrl":"https:\/\/www.notibras.com\/site\/wp-content\/uploads\/2014\/09\/9AP9401010328.jpg","datePublished":"2014-09-23T06:38:20+00:00","breadcrumb":{"@id":"https:\/\/www.notibras.com\/site\/deixem-a-cada-um-a-propria-cultura-na-voz-de-solzhenitsyn\/#breadcrumb"},"inLanguage":"pt-BR","potentialAction":[{"@type":"ReadAction","target":["https:\/\/www.notibras.com\/site\/deixem-a-cada-um-a-propria-cultura-na-voz-de-solzhenitsyn\/"]}]},{"@type":"ImageObject","inLanguage":"pt-BR","@id":"https:\/\/www.notibras.com\/site\/deixem-a-cada-um-a-propria-cultura-na-voz-de-solzhenitsyn\/#primaryimage","url":"https:\/\/www.notibras.com\/site\/wp-content\/uploads\/2014\/09\/9AP9401010328.jpg","contentUrl":"https:\/\/www.notibras.com\/site\/wp-content\/uploads\/2014\/09\/9AP9401010328.jpg","width":740,"height":431},{"@type":"BreadcrumbList","@id":"https:\/\/www.notibras.com\/site\/deixem-a-cada-um-a-propria-cultura-na-voz-de-solzhenitsyn\/#breadcrumb","itemListElement":[{"@type":"ListItem","position":1,"name":"In\u00edcio","item":"https:\/\/www.notibras.com\/site\/"},{"@type":"ListItem","position":2,"name":"Deixem a cada um a pr\u00f3pria cultura (Na voz de Solzhenitsyn)"}]},{"@type":"WebSite","@id":"https:\/\/www.notibras.com\/site\/#website","url":"https:\/\/www.notibras.com\/site\/","name":"Notibras","description":"Not\u00edcias de Bras\u00edlia, do Brasil e do Mundo","publisher":{"@id":"https:\/\/www.notibras.com\/site\/#organization"},"potentialAction":[{"@type":"SearchAction","target":{"@type":"EntryPoint","urlTemplate":"https:\/\/www.notibras.com\/site\/?s={search_term_string}"},"query-input":{"@type":"PropertyValueSpecification","valueRequired":true,"valueName":"search_term_string"}}],"inLanguage":"pt-BR"},{"@type":"Organization","@id":"https:\/\/www.notibras.com\/site\/#organization","name":"Grupo Notibras de Comunica\u00e7\u00e3o","url":"https:\/\/www.notibras.com\/site\/","logo":{"@type":"ImageObject","inLanguage":"pt-BR","@id":"https:\/\/www.notibras.com\/site\/#\/schema\/logo\/image\/","url":"https:\/\/www.notibras.com\/site\/wp-content\/uploads\/2023\/01\/notibras23.png","contentUrl":"https:\/\/www.notibras.com\/site\/wp-content\/uploads\/2023\/01\/notibras23.png","width":350,"height":87,"caption":"Grupo Notibras de Comunica\u00e7\u00e3o"},"image":{"@id":"https:\/\/www.notibras.com\/site\/#\/schema\/logo\/image\/"},"sameAs":["https:\/\/www.facebook.com\/notibras\/","https:\/\/x.com\/Notibras","https:\/\/www.instagram.com\/notibras\/"]},{"@type":"Person","@id":"https:\/\/www.notibras.com\/site\/#\/schema\/person\/36ab0979449956132d3e5b517ea76ac8","name":"Reda\u00e7\u00e3o","image":{"@type":"ImageObject","inLanguage":"pt-BR","@id":"https:\/\/secure.gravatar.com\/avatar\/e0a867bdedb85fd243eadf09663511f96fc81e0720a4a42581f334ad4303aa6b?s=96&d=mm&r=g","url":"https:\/\/secure.gravatar.com\/avatar\/e0a867bdedb85fd243eadf09663511f96fc81e0720a4a42581f334ad4303aa6b?s=96&d=mm&r=g","contentUrl":"https:\/\/secure.gravatar.com\/avatar\/e0a867bdedb85fd243eadf09663511f96fc81e0720a4a42581f334ad4303aa6b?s=96&d=mm&r=g","caption":"Reda\u00e7\u00e3o"}}]}},"amp_enabled":true,"_links":{"self":[{"href":"https:\/\/www.notibras.com\/site\/wp-json\/wp\/v2\/posts\/22918","targetHints":{"allow":["GET"]}}],"collection":[{"href":"https:\/\/www.notibras.com\/site\/wp-json\/wp\/v2\/posts"}],"about":[{"href":"https:\/\/www.notibras.com\/site\/wp-json\/wp\/v2\/types\/post"}],"author":[{"embeddable":true,"href":"https:\/\/www.notibras.com\/site\/wp-json\/wp\/v2\/users\/2"}],"replies":[{"embeddable":true,"href":"https:\/\/www.notibras.com\/site\/wp-json\/wp\/v2\/comments?post=22918"}],"version-history":[{"count":0,"href":"https:\/\/www.notibras.com\/site\/wp-json\/wp\/v2\/posts\/22918\/revisions"}],"wp:featuredmedia":[{"embeddable":true,"href":"https:\/\/www.notibras.com\/site\/wp-json\/wp\/v2\/media\/22919"}],"wp:attachment":[{"href":"https:\/\/www.notibras.com\/site\/wp-json\/wp\/v2\/media?parent=22918"}],"wp:term":[{"taxonomy":"category","embeddable":true,"href":"https:\/\/www.notibras.com\/site\/wp-json\/wp\/v2\/categories?post=22918"},{"taxonomy":"post_tag","embeddable":true,"href":"https:\/\/www.notibras.com\/site\/wp-json\/wp\/v2\/tags?post=22918"}],"curies":[{"name":"wp","href":"https:\/\/api.w.org\/{rel}","templated":true}]}}