{"id":22922,"date":"2014-09-23T09:02:18","date_gmt":"2014-09-23T12:02:18","guid":{"rendered":"http:\/\/www.notibras.com\/site\/?p=22922"},"modified":"2014-09-23T09:04:41","modified_gmt":"2014-09-23T12:04:41","slug":"caixa-2-do-pt-na-casa-propria-esquenta-o-debate-no-horario-eleitoral","status":"publish","type":"post","link":"https:\/\/www.notibras.com\/site\/caixa-2-do-pt-na-casa-propria-esquenta-o-debate-no-horario-eleitoral\/","title":{"rendered":"Caixa 2 do PT na &#8216;casa pr\u00f3pria&#8217; esquenta debate no hor\u00e1rio pol\u00edtico"},"content":{"rendered":"<p>A den\u00fancia feita \u00e0 revista Veja pela presidente do Instituto Brasil, Dalva Sele, de um suposto esquema de caixa 2 no PT baiano, foi o tema principal na segunda-feira, 22, da troca de ataques nos hor\u00e1rios eleitorais de Paulo Souto (DEM) e Rui Costa (PT).<\/p>\n<p>Logo no seu come\u00e7o, o programa do candidato do DEM afirmou que o petista fazia parte da &#8220;folha de pagamento&#8221; do suposto esquema, que teria desviado R$ 50 milh\u00f5es desde 2004, conforme a publica\u00e7\u00e3o. Houve ainda uma associa\u00e7\u00e3o ao mensal\u00e3o, ao lembrar que l\u00edderes do PT est\u00e3o presos.<\/p>\n<p>Em seguida, foram mostrados moradores de Canarana se lamentando por n\u00e3o terem recebido casas prometidas dentro do conv\u00eanio firmado entre o Instituto Brasil e a Secretaria de Desenvolvimento Urbano.<\/p>\n<blockquote><p>Segundo a reportagem da revista, campanhas eleitorais do PT foram alimentadas com recursos que deveriam ser investidos na constru\u00e7\u00e3o de casas em 18 munic\u00edpios baianos.<\/p><\/blockquote>\n<p>A campanha de Rui, por sua vez, relacionou Dalva ao DEM e \u00e0 gest\u00e3o do prefeito ACM Neto. Afirmou que Dalva foi contratada em 2005 pelo governo Paulo Souto, embora o contrato investigado pelo MP baiano tenha sido firmado j\u00e1 no governo Wagner.<\/p>\n<p>O programa do PT tamb\u00e9m disse que Dalva responde a 17 processos na Justi\u00e7a e questionou como ela conseguiu, com os bens bloqueados, dinheiro para viajar para a Europa, de onde s\u00f3 pretende voltar &#8220;ap\u00f3s as elei\u00e7\u00f5es&#8221;.<\/p>\n<p>Em entrevista \u00e0 Veja, ela disse que tem &#8220;receio daquilo que eles podem fazer comigo e com a minha fam\u00edlia&#8221;. Segundo nota da campanha de Rui, a presidente da ONG excluiu seu perfil pessoal no Facebook, no qual se &#8220;apresentava como funcion\u00e1ria da Prefeitura de Salvador&#8221;.<\/p>\n<p>A prefeitura, no entanto, informou que Dalva foi chefe de gabinete de um \u00f3rg\u00e3o municipal durante a gest\u00e3o de L\u00eddice da Mata (PSB) e deixou o quadro de funcion\u00e1rios do munic\u00edpio em novembro de 1996.<\/p>\n<p>Na segunda-feira, o governador Jaques Wagner afirmou, em entrevista \u00e0 Record Bahia, que a oposi\u00e7\u00e3o &#8220;comprou&#8221; a mat\u00e9ria da Veja. Candidato ao Senado da chapa oposicionista, Geddel Vieira Lima (PMDB) disse que Wagner n\u00e3o deveria tentar &#8220;colocar no colo dos outros o depoimento de uma militante hist\u00f3rica do PT&#8221;.<\/p>\n<p>L\u00edder da oposi\u00e7\u00e3o na Assembleia Legislativa, o deputado Elmar Nascimento (DEM) afirmou que o grupo iniciar\u00e1 hoje a coleta das 21 assinaturas necess\u00e1rias para instalar uma Comiss\u00e3o Parlamentar de Inqu\u00e9rito (CPI). Eis o desafio: em campanha, a maioria dos deputados est\u00e1 no interior.<\/p>\n","protected":false},"excerpt":{"rendered":"<p>A den\u00fancia feita \u00e0 revista Veja pela presidente do Instituto Brasil, Dalva Sele, de um suposto esquema de caixa 2 no PT baiano, foi o tema principal na segunda-feira, 22, da troca de ataques nos hor\u00e1rios eleitorais de Paulo Souto (DEM) e Rui Costa (PT). Logo no seu come\u00e7o, o programa do candidato do DEM [&hellip;]<\/p>\n","protected":false},"author":2,"featured_media":22924,"comment_status":"open","ping_status":"closed","sticky":false,"template":"","format":"standard","meta":{"_acf_changed":false,"footnotes":""},"categories":[33],"tags":[],"class_list":["post-22922","post","type-post","status-publish","format-standard","has-post-thumbnail","hentry","category-eleicoes-2014"],"acf":[],"_links":{"self":[{"href":"https:\/\/www.notibras.com\/site\/wp-json\/wp\/v2\/posts\/22922","targetHints":{"allow":["GET"]}}],"collection":[{"href":"https:\/\/www.notibras.com\/site\/wp-json\/wp\/v2\/posts"}],"about":[{"href":"https:\/\/www.notibras.com\/site\/wp-json\/wp\/v2\/types\/post"}],"author":[{"embeddable":true,"href":"https:\/\/www.notibras.com\/site\/wp-json\/wp\/v2\/users\/2"}],"replies":[{"embeddable":true,"href":"https:\/\/www.notibras.com\/site\/wp-json\/wp\/v2\/comments?post=22922"}],"version-history":[{"count":0,"href":"https:\/\/www.notibras.com\/site\/wp-json\/wp\/v2\/posts\/22922\/revisions"}],"wp:featuredmedia":[{"embeddable":true,"href":"https:\/\/www.notibras.com\/site\/wp-json\/wp\/v2\/media\/22924"}],"wp:attachment":[{"href":"https:\/\/www.notibras.com\/site\/wp-json\/wp\/v2\/media?parent=22922"}],"wp:term":[{"taxonomy":"category","embeddable":true,"href":"https:\/\/www.notibras.com\/site\/wp-json\/wp\/v2\/categories?post=22922"},{"taxonomy":"post_tag","embeddable":true,"href":"https:\/\/www.notibras.com\/site\/wp-json\/wp\/v2\/tags?post=22922"}],"curies":[{"name":"wp","href":"https:\/\/api.w.org\/{rel}","templated":true}]}}