{"id":22929,"date":"2014-09-23T13:27:32","date_gmt":"2014-09-23T16:27:32","guid":{"rendered":"http:\/\/www.notibras.com\/site\/?p=22929"},"modified":"2014-09-23T13:30:22","modified_gmt":"2014-09-23T16:30:22","slug":"dilma-amplia-vantagem-sobre-marina-aecio-continua-crescendo-diz-mda","status":"publish","type":"post","link":"https:\/\/www.notibras.com\/site\/dilma-amplia-vantagem-sobre-marina-aecio-continua-crescendo-diz-mda\/","title":{"rendered":"Dilma amplia vantagem sobre Marina; A\u00e9cio continua crescendo"},"content":{"rendered":"<p>Uma pesquisa do instituto MDA encomendada pela Confedera\u00e7\u00e3o Nacional do Transporte divulgada nesta ter\u00e7a-feira aponta que a presidente e candidata \u00e0 reelei\u00e7\u00e3o Dilma Rousseff (PT) oscilou positivamente e abriu maior dist\u00e2ncia para a segunda colocada, Marina Silva (PSB). A petista lidera as inten\u00e7\u00f5es de voto, com 31,4%, contra 23% da socialista, que caiu 2,8 pontos percentuais.<\/p>\n<p>Na rodada anterior da pesquisa, Dilma tinha 30,9% e Marina 25,8%. Segundo o levantamento, o candidato do PSDB, A\u00e9cio Neves, cresceu 4,3 pontos e permanece em terceiro lugar com 14,4% das inten\u00e7\u00f5es de voto. Luciana Genro (Psol) pontuou 0,7%, Pastor Everaldo (PSC) aparece com 0,4% e os outros candidatos com 0,7%.<\/p>\n<blockquote><p>Na simula\u00e7\u00e3o de segundo turno entre Dilma e Marina, as inten\u00e7\u00f5es de voto na pessebista ca\u00edram 4,5 pontos, aproximando ainda mais as duas candidatas e mantendo o empate t\u00e9cnico. A petista tem 42% das inten\u00e7\u00f5es, enquanto Marina conta com a prefer\u00eancia de 41% dos eleitores. Na \u00faltima pesquisa, a socialista tinha 45,5% e a petista 42,7%.<\/p><\/blockquote>\n<p>Nas simula\u00e7\u00f5es de segundo turno contra A\u00e9cio, Dilma e Marina mant\u00eam suas vantagens contra o tucano. A petista venceria o candidato do PSDB \u00a0por 45,5% a 36,5%, enquanto a socialista aparece com 43,1%, contra 32,9% do ex-governador de Minas Gerais.<\/p>\n<p>O levantamento aponta tamb\u00e9m que a maioria dos entrevistados (51,2%) acredita que a atual presidente ser\u00e1 reeleita. Para 29,2%, Marina Silva vencer\u00e1 e 7,7% consideram que A\u00e9cio Neves ser\u00e1 eleito.<\/p>\n","protected":false},"excerpt":{"rendered":"<p>Uma pesquisa do instituto MDA encomendada pela Confedera\u00e7\u00e3o Nacional do Transporte divulgada nesta ter\u00e7a-feira aponta que a presidente e candidata \u00e0 reelei\u00e7\u00e3o Dilma Rousseff (PT) oscilou positivamente e abriu maior dist\u00e2ncia para a segunda colocada, Marina Silva (PSB). A petista lidera as inten\u00e7\u00f5es de voto, com 31,4%, contra 23% da socialista, que caiu 2,8 pontos [&hellip;]<\/p>\n","protected":false},"author":2,"featured_media":22930,"comment_status":"open","ping_status":"closed","sticky":false,"template":"","format":"standard","meta":{"_acf_changed":false,"footnotes":""},"categories":[33],"tags":[],"class_list":["post-22929","post","type-post","status-publish","format-standard","has-post-thumbnail","hentry","category-eleicoes-2014"],"acf":[],"_links":{"self":[{"href":"https:\/\/www.notibras.com\/site\/wp-json\/wp\/v2\/posts\/22929","targetHints":{"allow":["GET"]}}],"collection":[{"href":"https:\/\/www.notibras.com\/site\/wp-json\/wp\/v2\/posts"}],"about":[{"href":"https:\/\/www.notibras.com\/site\/wp-json\/wp\/v2\/types\/post"}],"author":[{"embeddable":true,"href":"https:\/\/www.notibras.com\/site\/wp-json\/wp\/v2\/users\/2"}],"replies":[{"embeddable":true,"href":"https:\/\/www.notibras.com\/site\/wp-json\/wp\/v2\/comments?post=22929"}],"version-history":[{"count":0,"href":"https:\/\/www.notibras.com\/site\/wp-json\/wp\/v2\/posts\/22929\/revisions"}],"wp:featuredmedia":[{"embeddable":true,"href":"https:\/\/www.notibras.com\/site\/wp-json\/wp\/v2\/media\/22930"}],"wp:attachment":[{"href":"https:\/\/www.notibras.com\/site\/wp-json\/wp\/v2\/media?parent=22929"}],"wp:term":[{"taxonomy":"category","embeddable":true,"href":"https:\/\/www.notibras.com\/site\/wp-json\/wp\/v2\/categories?post=22929"},{"taxonomy":"post_tag","embeddable":true,"href":"https:\/\/www.notibras.com\/site\/wp-json\/wp\/v2\/tags?post=22929"}],"curies":[{"name":"wp","href":"https:\/\/api.w.org\/{rel}","templated":true}]}}