{"id":22935,"date":"2014-09-23T13:32:42","date_gmt":"2014-09-23T16:32:42","guid":{"rendered":"http:\/\/www.notibras.com\/site\/?p=22935"},"modified":"2014-09-23T13:32:42","modified_gmt":"2014-09-23T16:32:42","slug":"beto-acusa-pt-de-usar-recursos-nazistas-para-vencer-as-eleicoes","status":"publish","type":"post","link":"https:\/\/www.notibras.com\/site\/beto-acusa-pt-de-usar-recursos-nazistas-para-vencer-as-eleicoes\/","title":{"rendered":"Beto acusa PT de usar recursos nazistas para vencer as elei\u00e7\u00f5es"},"content":{"rendered":"<div id=\"mat_texto\">\n<div>\n<p>O candidato \u00e0 vice-presidente na chapa de Marina Silva (PSB), Beto Albuquerque, afirmou na manh\u00e3 desta ter\u00e7a-feira que a campanha de Dilma Rousseff (PT) utiliza recursos nazistas para tentar vencer a elei\u00e7\u00e3o.<\/p>\n<p>Albuquerque reclamou das &#8220;cal\u00fanias&#8221; que Dilma estaria espalhando sobre Marina na campanha na televis\u00e3o.<\/p>\n<blockquote><p>&#8220;Um partido que no passado perdeu elei\u00e7\u00e3o para o Collor em fun\u00e7\u00e3o da mentira, hoje usa os mesmos recursos de Goebbels (ministro da propaganda de Hitler) para tentar ganhar a elei\u00e7\u00e3o a qualquer pre\u00e7o&#8221;, declarou o candidato segundo o jornal Folha de S. Paulo.<\/p><\/blockquote>\n<p>Albuquerque esteve nesta ter\u00e7a em Curitiba para participar de um encontro com representantes do agroneg\u00f3cio.<\/p>\n<\/div>\n<\/div>\n<div class=\"facebook-comment\"><\/div>\n","protected":false},"excerpt":{"rendered":"<p>O candidato \u00e0 vice-presidente na chapa de Marina Silva (PSB), Beto Albuquerque, afirmou na manh\u00e3 desta ter\u00e7a-feira que a campanha de Dilma Rousseff (PT) utiliza recursos nazistas para tentar vencer a elei\u00e7\u00e3o. Albuquerque reclamou das &#8220;cal\u00fanias&#8221; que Dilma estaria espalhando sobre Marina na campanha na televis\u00e3o. &#8220;Um partido que no passado perdeu elei\u00e7\u00e3o para o [&hellip;]<\/p>\n","protected":false},"author":2,"featured_media":22936,"comment_status":"open","ping_status":"closed","sticky":false,"template":"","format":"standard","meta":{"_acf_changed":false,"footnotes":""},"categories":[33],"tags":[],"class_list":["post-22935","post","type-post","status-publish","format-standard","has-post-thumbnail","hentry","category-eleicoes-2014"],"acf":[],"_links":{"self":[{"href":"https:\/\/www.notibras.com\/site\/wp-json\/wp\/v2\/posts\/22935","targetHints":{"allow":["GET"]}}],"collection":[{"href":"https:\/\/www.notibras.com\/site\/wp-json\/wp\/v2\/posts"}],"about":[{"href":"https:\/\/www.notibras.com\/site\/wp-json\/wp\/v2\/types\/post"}],"author":[{"embeddable":true,"href":"https:\/\/www.notibras.com\/site\/wp-json\/wp\/v2\/users\/2"}],"replies":[{"embeddable":true,"href":"https:\/\/www.notibras.com\/site\/wp-json\/wp\/v2\/comments?post=22935"}],"version-history":[{"count":0,"href":"https:\/\/www.notibras.com\/site\/wp-json\/wp\/v2\/posts\/22935\/revisions"}],"wp:featuredmedia":[{"embeddable":true,"href":"https:\/\/www.notibras.com\/site\/wp-json\/wp\/v2\/media\/22936"}],"wp:attachment":[{"href":"https:\/\/www.notibras.com\/site\/wp-json\/wp\/v2\/media?parent=22935"}],"wp:term":[{"taxonomy":"category","embeddable":true,"href":"https:\/\/www.notibras.com\/site\/wp-json\/wp\/v2\/categories?post=22935"},{"taxonomy":"post_tag","embeddable":true,"href":"https:\/\/www.notibras.com\/site\/wp-json\/wp\/v2\/tags?post=22935"}],"curies":[{"name":"wp","href":"https:\/\/api.w.org\/{rel}","templated":true}]}}