{"id":22943,"date":"2014-09-23T18:46:29","date_gmt":"2014-09-23T21:46:29","guid":{"rendered":"http:\/\/www.notibras.com\/site\/?p=22943"},"modified":"2014-09-24T03:19:31","modified_gmt":"2014-09-24T06:19:31","slug":"reporter-americano-atribui-morte-de-eduardo-campos-a-acao-da-cia","status":"publish","type":"post","link":"https:\/\/www.notibras.com\/site\/reporter-americano-atribui-morte-de-eduardo-campos-a-acao-da-cia\/","title":{"rendered":"Rep\u00f3rter americano liga morte de Campos a uma a\u00e7\u00e3o da CIA"},"content":{"rendered":"<p>O jornalista norte-americano Wayne Madsen, especialista em intelig\u00eancia e assuntos internacionais, publicou em sua coluna do jornal Strategic Culture Foundation, que os Estados Unidos seriam os respons\u00e1veis pela queda do avi\u00e3o que matou Eduardo Campos, em agosto deste ano.<\/p>\n<p>O colunista afirma que a morte de Eduardo e sua substitui\u00e7\u00e3o por Marina Silva poderiam derrotar Dilma Rousseff, representando assim, uma vit\u00f3ria para os planos de Barack Obama de eliminar presidentes com ideais progressistas na Am\u00e9rica Latina.<\/p>\n<blockquote><p>De acordo com Madsen, os EUA t\u00eam um longo hist\u00f3rico de participa\u00e7\u00f5es em mortes de pol\u00edticos que &#8220;amea\u00e7am&#8221; as interven\u00e7\u00f5es norte- americanas nos pa\u00edses latinos.\u00a0Para comprovar sua teoria, o jornalista cita ainda as raz\u00f5es pelas quais a CIA seria a principal suspeita de assassinar o candidato brasileiro.<\/p><\/blockquote>\n<p><strong>1. O Cessna<br \/>\n<\/strong><\/p>\n<p>Segundo a coluna, o modelo que levava Eduardo Campos a Santos, Cessna 560XLS, apresenta um &#8220;hist\u00f3rico de voo perfeitamente seguro&#8221;. O que contraria a hip\u00f3tese de que foi um acidente causado por danos na aeronave.<\/p>\n<p>O jornalista ainda afirma que h\u00e1 diversas incertezas a respeito da compra do avi\u00e3o, que teria sido adiquirido por meio de empresas-fantasma. Al\u00e9m disso, Madsen questiona o fato do gravador de voz da cabine do piloto n\u00e3o ter funcionado.<\/p>\n<p><strong>2. A Investiga\u00e7\u00e3o<\/strong><\/p>\n<p>De acordo com Madsen, a equipe norte-americana enviada ao Brasil para investigar a queda da aeronave, a National Transportation Safety Board, \u00e9 conhecida por &#8220;acobertar a\u00e7\u00f5es criminosas&#8221;, durante a investiga\u00e7\u00e3o de outros dois famosos acidentes, TWA 800 e American Airline 587.<\/p>\n<p><strong>3. Marina e Soros<\/strong><\/p>\n<p>&#8220;Marina Silva \u00e9 o fantoche de George Soros&#8221;, diz Madson sobre a rela\u00e7\u00e3o da candidata com o magnata h\u00fangaro-americano, listado como um dos mais ricos do mundo pela revista Forbes e doador de milh\u00f5es de d\u00f3lares para a reelei\u00e7\u00e3o de Obama.<\/p>\n<p>Com a substitui\u00e7\u00e3o de Eduardo Campos por Marina Silva, as pesquisas passaram a ficar mais acirradas, dificultando a reelei\u00e7\u00e3o de Dilma. Para o jornalista, a atual presidente representa uma amea\u00e7a ao governo dos EUA, ainda mais ap\u00f3s as revela\u00e7\u00f5es feitas por Edward Swoden, sobre as espionagens da Ag\u00eancia Nacional de Seguran\u00e7a (NSA) \u00e0s m\u00e1quinas de Rousseff. Sem contar a cria\u00e7\u00e3o do banco da BRICS, que vem preocupando os economistas norte-americanos.<\/p>\n<p><strong>4- Terceira Via<\/strong><\/p>\n<p>A disputa polarizada entre PT e PSDB perdeu for\u00e7as com a chegada de Marina Silva na corrida presidencial. Essa interven\u00e7\u00e3o faria parte de uma corrente internacional conhecida por &#8220;Terceira Via&#8221;, \u00e0 qual pertenceram diversos pol\u00edticos financiados justamente por George Soros, que tem por objetivo infiltrar representantes pol\u00edticos e assumir o controle de pa\u00edses com maioria da classe trabalhadora. Entre os pol\u00edticos que fizeram parte da Terceira Via estariam Bill Clinton, Tony Blair e Fernando Henrique Cardoso.<\/p>\n<p>Para Madson, o pr\u00f3prio Eduardo Campos fazia parte dessa corrente; entretanto, a Terceira Via n\u00e3o viu popularidade no candidato, ao contr\u00e1rio de Marina, que atenderia mais aos interesses dos Estados Unidos.<\/p>\n","protected":false},"excerpt":{"rendered":"<p>O jornalista norte-americano Wayne Madsen, especialista em intelig\u00eancia e assuntos internacionais, publicou em sua coluna do jornal Strategic Culture Foundation, que os Estados Unidos seriam os respons\u00e1veis pela queda do avi\u00e3o que matou Eduardo Campos, em agosto deste ano. O colunista afirma que a morte de Eduardo e sua substitui\u00e7\u00e3o por Marina Silva poderiam derrotar [&hellip;]<\/p>\n","protected":false},"author":2,"featured_media":22944,"comment_status":"open","ping_status":"closed","sticky":false,"template":"","format":"standard","meta":{"_acf_changed":false,"footnotes":""},"categories":[16],"tags":[],"class_list":["post-22943","post","type-post","status-publish","format-standard","has-post-thumbnail","hentry","category-brasil"],"acf":[],"_links":{"self":[{"href":"https:\/\/www.notibras.com\/site\/wp-json\/wp\/v2\/posts\/22943","targetHints":{"allow":["GET"]}}],"collection":[{"href":"https:\/\/www.notibras.com\/site\/wp-json\/wp\/v2\/posts"}],"about":[{"href":"https:\/\/www.notibras.com\/site\/wp-json\/wp\/v2\/types\/post"}],"author":[{"embeddable":true,"href":"https:\/\/www.notibras.com\/site\/wp-json\/wp\/v2\/users\/2"}],"replies":[{"embeddable":true,"href":"https:\/\/www.notibras.com\/site\/wp-json\/wp\/v2\/comments?post=22943"}],"version-history":[{"count":0,"href":"https:\/\/www.notibras.com\/site\/wp-json\/wp\/v2\/posts\/22943\/revisions"}],"wp:featuredmedia":[{"embeddable":true,"href":"https:\/\/www.notibras.com\/site\/wp-json\/wp\/v2\/media\/22944"}],"wp:attachment":[{"href":"https:\/\/www.notibras.com\/site\/wp-json\/wp\/v2\/media?parent=22943"}],"wp:term":[{"taxonomy":"category","embeddable":true,"href":"https:\/\/www.notibras.com\/site\/wp-json\/wp\/v2\/categories?post=22943"},{"taxonomy":"post_tag","embeddable":true,"href":"https:\/\/www.notibras.com\/site\/wp-json\/wp\/v2\/tags?post=22943"}],"curies":[{"name":"wp","href":"https:\/\/api.w.org\/{rel}","templated":true}]}}