{"id":22948,"date":"2014-09-23T18:57:59","date_gmt":"2014-09-23T21:57:59","guid":{"rendered":"http:\/\/www.notibras.com\/site\/?p=22948"},"modified":"2014-09-24T13:47:42","modified_gmt":"2014-09-24T16:47:42","slug":"nascente-seca-e-velho-chico-agoniza-com-a-longa-estiagem","status":"publish","type":"post","link":"https:\/\/www.notibras.com\/site\/nascente-seca-e-velho-chico-agoniza-com-a-longa-estiagem\/","title":{"rendered":"Nascente seca em Minas e o velho rio Chico agoniza"},"content":{"rendered":"<p>O diretor do Parque Nacional da Serra da Canastra, Luiz Arthur Castanheira, disse nesta ter\u00e7a-feira (23) que a nascente do Rio S\u00e3o Francisco, situada em Minas Gerais, secou. Segundo Castanheira, essa nascente \u00e9 a principal de toda a extens\u00e3o do rio, que tem 2.700 km.<\/p>\n<p>O S\u00e3o Francisco \u00e9 o maior rio totalmente brasileiro, e sua bacia hidrogr\u00e1fica abrange 504 munic\u00edpios de sete unidades da federa\u00e7\u00e3o \u2013 Bahia, Minas Gerais, Pernambuco, Alagoas, Sergipe, Goi\u00e1s e Distrito Federal. Ele nasce na Serra da Canastra, em Minas, e desemboca no Oceano Atl\u00e2ntico na divisa entre Alagoas e Sergipe.<\/p>\n<p>Segundo Castanheira, o motivo \u00e9 a estiagem. &#8220;Essa nascente \u00e9 a original, a primeira do rio e \u00e9 daqui que corre para toda a extens\u00e3o. Ela \u00e9 um s\u00edmbolo do rio. Imagina isso secar? A situa\u00e7\u00e3o chegou a esse ponto n\u00e3o foi da noite para o dia. Foi de forma gradativa, mas desse n\u00edvel nunca vi em toda a hist\u00f3ria\u201d, afirmou.<\/p>\n<p>O presidente do Comit\u00ea da Bacia Hidrogr\u00e1fica do Rio S\u00e3o Francisco (CBHSF), Anivaldo Miranda, disse que, embora a not\u00edcia ainda n\u00e3o tenha chegado oficialmente ao conhecimento do comit\u00ea, n\u00e3o causa surpresas em virtude de essa ser uma das estiagens mais graves desde que foi iniciado o acompanhamento hist\u00f3rico do rio. Para ele, a situa\u00e7\u00e3o \u00e9 preocupante, j\u00e1 reflete no n\u00edvel das barragens e amea\u00e7a a biodiversidade do S\u00e3o Francisco.<\/p>\n<p>\u201cIsso n\u00e3o \u00e9 comum, \u00e9 preocupante. N\u00e3o h\u00e1 d\u00favida de que algo em grande escala est\u00e1 mudando em nosso ecossistema. As principais barragens do Alto S\u00e3o Francisco, que s\u00e3o a de Tr\u00eas Marias e Sobradinho, est\u00e3o sendo amea\u00e7adas e se aproximam do limite de volume \u00fatil de \u00e1gua. Ou seja, a \u00e1gua dos principais afluentes est\u00e1 chegando ao n\u00edvel zero, e a biodiversidade do rio est\u00e1 comprometida, al\u00e9m de a qualidade do rio estar se deteriorando&#8221;, explicou Miranda.<\/p>\n<p>O volume \u00fatil da Represa de Tr\u00eas Marias, que \u00e9 a primeira barragem constru\u00edda ao longo do rio, chegou a registrar 6% nesta semana. A de Sobradinho, 31%. \u201cS\u00e3o n\u00edveis baix\u00edssimos e que causam impactos catastr\u00f3ficos, como j\u00e1 vem ocorrendo no Baixo S\u00e3o Francisco. Com o n\u00edvel baixo, o oceano est\u00e1 invadindo o rio e salinizando a \u00e1gua doce\u201d, concluiu Miranda.<\/p>\n<p>Ele ressaltou que, apesar de a nascente em S\u00e3o Roque de Minas, no Centro-Oeste do estado, n\u00e3o ser determinante para o volume de \u00e1gua da bacia, ela serve como um &#8220;term\u00f4metro&#8221;, uma vez que o n\u00edvel dos reservat\u00f3rios da regi\u00e3o \u00e9 fundamental para o S\u00e3o Francisco.<\/p>\n","protected":false},"excerpt":{"rendered":"<p>O diretor do Parque Nacional da Serra da Canastra, Luiz Arthur Castanheira, disse nesta ter\u00e7a-feira (23) que a nascente do Rio S\u00e3o Francisco, situada em Minas Gerais, secou. Segundo Castanheira, essa nascente \u00e9 a principal de toda a extens\u00e3o do rio, que tem 2.700 km. O S\u00e3o Francisco \u00e9 o maior rio totalmente brasileiro, e [&hellip;]<\/p>\n","protected":false},"author":2,"featured_media":22949,"comment_status":"open","ping_status":"closed","sticky":false,"template":"","format":"standard","meta":{"_acf_changed":false,"footnotes":""},"categories":[16],"tags":[],"class_list":["post-22948","post","type-post","status-publish","format-standard","has-post-thumbnail","hentry","category-brasil"],"acf":[],"_links":{"self":[{"href":"https:\/\/www.notibras.com\/site\/wp-json\/wp\/v2\/posts\/22948","targetHints":{"allow":["GET"]}}],"collection":[{"href":"https:\/\/www.notibras.com\/site\/wp-json\/wp\/v2\/posts"}],"about":[{"href":"https:\/\/www.notibras.com\/site\/wp-json\/wp\/v2\/types\/post"}],"author":[{"embeddable":true,"href":"https:\/\/www.notibras.com\/site\/wp-json\/wp\/v2\/users\/2"}],"replies":[{"embeddable":true,"href":"https:\/\/www.notibras.com\/site\/wp-json\/wp\/v2\/comments?post=22948"}],"version-history":[{"count":0,"href":"https:\/\/www.notibras.com\/site\/wp-json\/wp\/v2\/posts\/22948\/revisions"}],"wp:featuredmedia":[{"embeddable":true,"href":"https:\/\/www.notibras.com\/site\/wp-json\/wp\/v2\/media\/22949"}],"wp:attachment":[{"href":"https:\/\/www.notibras.com\/site\/wp-json\/wp\/v2\/media?parent=22948"}],"wp:term":[{"taxonomy":"category","embeddable":true,"href":"https:\/\/www.notibras.com\/site\/wp-json\/wp\/v2\/categories?post=22948"},{"taxonomy":"post_tag","embeddable":true,"href":"https:\/\/www.notibras.com\/site\/wp-json\/wp\/v2\/tags?post=22948"}],"curies":[{"name":"wp","href":"https:\/\/api.w.org\/{rel}","templated":true}]}}