{"id":22982,"date":"2014-09-23T13:22:03","date_gmt":"2014-09-23T16:22:03","guid":{"rendered":"http:\/\/www.notibras.com\/site\/?p=22982"},"modified":"2014-09-24T03:26:03","modified_gmt":"2014-09-24T06:26:03","slug":"dolar-dispara-de-novo-e-bate-a-casa-dos-340-reais","status":"publish","type":"post","link":"https:\/\/www.notibras.com\/site\/dolar-dispara-de-novo-e-bate-a-casa-dos-340-reais\/","title":{"rendered":"D\u00f3lar dispara de novo e bate a casa dos 2 reais e 40 centavos"},"content":{"rendered":"<p>O d\u00f3lar subiu 0,53% no preg\u00e3o desta ter\u00e7a 23 e fechou o dia cotado a R$ 2,407 para venda. Ultrapassou a barreira de R$ 2,40 pela primeira vez em sete meses. O valor de fechamento \u00e9 o maior desde o dia 12 de fevereiro, quando a moeda norte-americana havia encerrado o dia valendo R$ 2,423.<\/p>\n<p>No \u00faltimo dia 17, o Federal Reserve (Fed, autoridade monet\u00e1ria dos Estados Unidos) reduziu mais um pouco os est\u00edmulos \u00e0 economia do pa\u00eds. Decis\u00e3o que valorizou a moeda norte-americana e fez com que o d\u00f3lar fechasse o preg\u00e3o da \u00faltima quarta-feira acima de R$ 2,35 pela primeira vez em seis meses, com novas evolu\u00e7\u00f5es nos preg\u00f5es seguintes.<\/p>\n<blockquote><p>Como tem ocorrido nas reuni\u00f5es desde o fim do ano passado, o Banco Central norte-americano cortou em US$ 10 bilh\u00f5es a inje\u00e7\u00e3o mensal de d\u00f3lares para ajudar a maior economia do planeta. A ajuda mensal, que come\u00e7ou com US$ 85 bilh\u00f5es, vem caindo gradativamente, e agora foi reduzida para US$ 15 bilh\u00f5es. A previs\u00e3o \u00e9 que o programa acabe no pr\u00f3ximo m\u00eas.<\/p><\/blockquote>\n<p>Atualmente, os juros norte-americanos est\u00e3o abaixo de 0,25% ao ano, desde 2009, de\u00a0 modo a estimular a recupera\u00e7\u00e3o da economia dos Estados Unidos, que entrou em decl\u00ednio com o estouro da bolha imobili\u00e1ria, em 2007, e tomou maior vulto com a quebradeira banc\u00e1ria no ano seguinte.<\/p>\n<p>A expectativa do mercado financeiro \u00e9 que o Fed aumente a taxa interna de juros, e isso somado \u00e0 redu\u00e7\u00e3o do est\u00edmulo financeiro mensal estimula a fuga de recursos de pa\u00edses emergentes, como o Brasil, para a economia norte-americana. Perspectiva que se reflete em cota\u00e7\u00e3o mais alta do d\u00f3lar.<\/p>\n","protected":false},"excerpt":{"rendered":"<p>O d\u00f3lar subiu 0,53% no preg\u00e3o desta ter\u00e7a 23 e fechou o dia cotado a R$ 2,407 para venda. Ultrapassou a barreira de R$ 2,40 pela primeira vez em sete meses. O valor de fechamento \u00e9 o maior desde o dia 12 de fevereiro, quando a moeda norte-americana havia encerrado o dia valendo R$ 2,423. [&hellip;]<\/p>\n","protected":false},"author":2,"featured_media":22983,"comment_status":"open","ping_status":"closed","sticky":false,"template":"","format":"standard","meta":{"_acf_changed":false,"footnotes":""},"categories":[16],"tags":[],"class_list":["post-22982","post","type-post","status-publish","format-standard","has-post-thumbnail","hentry","category-brasil"],"acf":[],"_links":{"self":[{"href":"https:\/\/www.notibras.com\/site\/wp-json\/wp\/v2\/posts\/22982","targetHints":{"allow":["GET"]}}],"collection":[{"href":"https:\/\/www.notibras.com\/site\/wp-json\/wp\/v2\/posts"}],"about":[{"href":"https:\/\/www.notibras.com\/site\/wp-json\/wp\/v2\/types\/post"}],"author":[{"embeddable":true,"href":"https:\/\/www.notibras.com\/site\/wp-json\/wp\/v2\/users\/2"}],"replies":[{"embeddable":true,"href":"https:\/\/www.notibras.com\/site\/wp-json\/wp\/v2\/comments?post=22982"}],"version-history":[{"count":0,"href":"https:\/\/www.notibras.com\/site\/wp-json\/wp\/v2\/posts\/22982\/revisions"}],"wp:featuredmedia":[{"embeddable":true,"href":"https:\/\/www.notibras.com\/site\/wp-json\/wp\/v2\/media\/22983"}],"wp:attachment":[{"href":"https:\/\/www.notibras.com\/site\/wp-json\/wp\/v2\/media?parent=22982"}],"wp:term":[{"taxonomy":"category","embeddable":true,"href":"https:\/\/www.notibras.com\/site\/wp-json\/wp\/v2\/categories?post=22982"},{"taxonomy":"post_tag","embeddable":true,"href":"https:\/\/www.notibras.com\/site\/wp-json\/wp\/v2\/tags?post=22982"}],"curies":[{"name":"wp","href":"https:\/\/api.w.org\/{rel}","templated":true}]}}