{"id":23006,"date":"2014-09-24T12:04:19","date_gmt":"2014-09-24T15:04:19","guid":{"rendered":"http:\/\/www.notibras.com\/site\/?p=23006"},"modified":"2014-09-24T12:04:59","modified_gmt":"2014-09-24T15:04:59","slug":"gente-ma-que-nao-vai-por-bem-corre-o-risco-de-ir-por-mal","status":"publish","type":"post","link":"https:\/\/www.notibras.com\/site\/gente-ma-que-nao-vai-por-bem-corre-o-risco-de-ir-por-mal\/","title":{"rendered":"Gente m\u00e1 que n\u00e3o vai por bem, corre o risco de ir a for\u00e7a"},"content":{"rendered":"<p>H\u00e1 210 dias, os comandantes da Pol\u00edcia Militar e do Corpo de Bombeiros desobedecem a Lei Org\u00e2nica e o Regimento Interno da C\u00e2mara Legislativa ao n\u00e3o comparecerem \u00e0 Casa para prestar esclarecimentos. Os dois, al\u00e9m do corregedor da PM, foram convocados por requerimentos do deputado Patr\u00edcio (PT), para falar aos deputados sobre a reestrutura\u00e7\u00e3o das carreiras e explicar supostos atos de coa\u00e7\u00e3o contra policiais em movimentos reivindicat\u00f3rios ao longo do ano e durante a rotina de trabalho, como na participa\u00e7\u00e3o de cursos e outras atividades no exerc\u00edcio da atividade policial. Se baterem o p\u00e9 para n\u00e3o ir, podem ir via cassetetes.<\/p>\n","protected":false},"excerpt":{"rendered":"<p>H\u00e1 210 dias, os comandantes da Pol\u00edcia Militar e do Corpo de Bombeiros desobedecem a Lei Org\u00e2nica e o Regimento Interno da C\u00e2mara Legislativa ao n\u00e3o comparecerem \u00e0 Casa para prestar esclarecimentos. Os dois, al\u00e9m do corregedor da PM, foram convocados por requerimentos do deputado Patr\u00edcio (PT), para falar aos deputados sobre a reestrutura\u00e7\u00e3o das [&hellip;]<\/p>\n","protected":false},"author":2,"featured_media":23007,"comment_status":"open","ping_status":"closed","sticky":false,"template":"","format":"standard","meta":{"_acf_changed":false,"footnotes":""},"categories":[26],"tags":[],"class_list":["post-23006","post","type-post","status-publish","format-standard","has-post-thumbnail","hentry","category-eleicoes-2022"],"acf":[],"_links":{"self":[{"href":"https:\/\/www.notibras.com\/site\/wp-json\/wp\/v2\/posts\/23006","targetHints":{"allow":["GET"]}}],"collection":[{"href":"https:\/\/www.notibras.com\/site\/wp-json\/wp\/v2\/posts"}],"about":[{"href":"https:\/\/www.notibras.com\/site\/wp-json\/wp\/v2\/types\/post"}],"author":[{"embeddable":true,"href":"https:\/\/www.notibras.com\/site\/wp-json\/wp\/v2\/users\/2"}],"replies":[{"embeddable":true,"href":"https:\/\/www.notibras.com\/site\/wp-json\/wp\/v2\/comments?post=23006"}],"version-history":[{"count":0,"href":"https:\/\/www.notibras.com\/site\/wp-json\/wp\/v2\/posts\/23006\/revisions"}],"wp:featuredmedia":[{"embeddable":true,"href":"https:\/\/www.notibras.com\/site\/wp-json\/wp\/v2\/media\/23007"}],"wp:attachment":[{"href":"https:\/\/www.notibras.com\/site\/wp-json\/wp\/v2\/media?parent=23006"}],"wp:term":[{"taxonomy":"category","embeddable":true,"href":"https:\/\/www.notibras.com\/site\/wp-json\/wp\/v2\/categories?post=23006"},{"taxonomy":"post_tag","embeddable":true,"href":"https:\/\/www.notibras.com\/site\/wp-json\/wp\/v2\/tags?post=23006"}],"curies":[{"name":"wp","href":"https:\/\/api.w.org\/{rel}","templated":true}]}}