{"id":2302,"date":"2014-02-20T14:52:05","date_gmt":"2014-02-20T17:52:05","guid":{"rendered":"http:\/\/www.notibras.com\/site\/?p=2302"},"modified":"2014-02-21T12:59:47","modified_gmt":"2014-02-21T15:59:47","slug":"governo-faz-as-contas-e-corta-44-bilhoes-do-orcamento-de-2014","status":"publish","type":"post","link":"https:\/\/www.notibras.com\/site\/governo-faz-as-contas-e-corta-44-bilhoes-do-orcamento-de-2014\/","title":{"rendered":"Governo refaz contas e corta 44 bilh\u00f5es do Or\u00e7amento"},"content":{"rendered":"<p>O governo anunciou agora h\u00e1 pouco que o corte no Or\u00e7amento Geral da Uni\u00e3o de 2014 alcan\u00e7ar\u00e1 R$ 44 bilh\u00f5es. Com o corte, o governo pretende atingir este ano um super\u00e1vit prim\u00e1rio equivalente a 1,9% do Produto Interno Bruto (PIB), correspondente a todo o setor p\u00fablico consolidado, buscando com isso manter os fundamentos da economia e a confian\u00e7a dos investidores internacionais e do mercado interno.<\/p>\n<p>O corte de R$ 44 bilh\u00f5es, em 2014, foi superior ao verificado em 2013, que alcan\u00e7ou R$ 38 bilh\u00f5es, mas inferior ao enxugamento ocorrido em 2012 (R$ 55 bilh\u00f5es) e em 2011 (R$ 50,1 bilh\u00f5es).<\/p>\n<p>Dos R$ 44 bilh\u00f5es, R$ 13,5 bilh\u00f5es s\u00e3o despesas obrigat\u00f3rias e R$ 30,5 bilh\u00f5es correspondem a despesas discricion\u00e1rias. O detalhamento dos cortes no Or\u00e7amento est\u00e1 sendo explicado, neste momento, no Minist\u00e9rio do Planejamento, Or\u00e7amento e Gest\u00e3o, pela ministra Miriam Belchior e pelo ministro da Fazenda, Guido Mantega. A ministra Miriam Belchior disse, durante entrevista, que os dados referentes ao corte or\u00e7ament\u00e1rio ser\u00e3o publicados no <em>Di\u00e1rio Oficial da Uni\u00e3o<\/em>, amanh\u00e3 (21).<\/p>\n<p>Para o ministro Mantega, o enxugamento or\u00e7ament\u00e1rio constituiu uma boa sinaliza\u00e7\u00e3o aos mercados interno e externo, tendo em vista as turbul\u00eancias econ\u00f4micas internacionais do momento. No entanto, o ministro da Fazenda afirmou que, ap\u00f3s os cortes verificados, haver\u00e1 um aumento no otimismo dos agentes econ\u00f4micas em rela\u00e7\u00e3o ao Brasil.<\/p>\n<p>Mantega disse que, com o corte de R$ 44 bilh\u00f5es, o governo economizar\u00e1 R$ 80,8 bilh\u00f5es, n\u00famero maior do que a economia verificada em 2013, quando este patamar chegou a 75,3 bilh\u00f5es.<\/p>\n<p>As previs\u00f5es do governo foram feitas com base na manuten\u00e7\u00e3o dos seguintes par\u00e2metros da economia brasileira: super\u00e1vit prim\u00e1rio de 1,9% do PIB, equivalente a R$ 99 bilh\u00f5es; infla\u00e7\u00e3o de 5,3% e d\u00f3lar na faixa de R$ 2,44.<\/p>\n<p><strong>Daniel Lima, Pedro Peduzzi e Yara Aquino, ABr<\/strong><\/p>\n","protected":false},"excerpt":{"rendered":"<p>O governo anunciou agora h\u00e1 pouco que o corte no Or\u00e7amento Geral da Uni\u00e3o de 2014 alcan\u00e7ar\u00e1 R$ 44 bilh\u00f5es. Com o corte, o governo pretende atingir este ano um super\u00e1vit prim\u00e1rio equivalente a 1,9% do Produto Interno Bruto (PIB), correspondente a todo o setor p\u00fablico consolidado, buscando com isso manter os fundamentos da economia [&hellip;]<\/p>\n","protected":false},"author":2,"featured_media":2303,"comment_status":"open","ping_status":"closed","sticky":false,"template":"","format":"standard","meta":{"_acf_changed":false,"footnotes":""},"categories":[16],"tags":[],"class_list":["post-2302","post","type-post","status-publish","format-standard","has-post-thumbnail","hentry","category-brasil"],"acf":[],"yoast_head":"<!-- This site is optimized with the Yoast SEO plugin v27.2 - https:\/\/yoast.com\/product\/yoast-seo-wordpress\/ -->\n<title>Governo refaz contas e corta 44 bilh\u00f5es do Or\u00e7amento - Notibras<\/title>\n<meta name=\"robots\" content=\"index, follow, max-snippet:-1, max-image-preview:large, max-video-preview:-1\" \/>\n<link rel=\"canonical\" href=\"https:\/\/www.notibras.com\/site\/governo-faz-as-contas-e-corta-44-bilhoes-do-orcamento-de-2014\/\" \/>\n<meta property=\"og:locale\" content=\"pt_BR\" \/>\n<meta property=\"og:type\" content=\"article\" \/>\n<meta property=\"og:title\" content=\"Governo refaz contas e corta 44 bilh\u00f5es do Or\u00e7amento - Notibras\" \/>\n<meta property=\"og:description\" content=\"O governo anunciou agora h\u00e1 pouco que o corte no Or\u00e7amento Geral da Uni\u00e3o de 2014 alcan\u00e7ar\u00e1 R$ 44 bilh\u00f5es. Com o corte, o governo pretende atingir este ano um super\u00e1vit prim\u00e1rio equivalente a 1,9% do Produto Interno Bruto (PIB), correspondente a todo o setor p\u00fablico consolidado, buscando com isso manter os fundamentos da economia [&hellip;]\" \/>\n<meta property=\"og:url\" content=\"https:\/\/www.notibras.com\/site\/governo-faz-as-contas-e-corta-44-bilhoes-do-orcamento-de-2014\/\" \/>\n<meta property=\"og:site_name\" content=\"Notibras\" \/>\n<meta property=\"article:publisher\" content=\"https:\/\/www.facebook.com\/notibras\/\" \/>\n<meta property=\"article:published_time\" content=\"2014-02-20T17:52:05+00:00\" \/>\n<meta property=\"article:modified_time\" content=\"2014-02-21T15:59:47+00:00\" \/>\n<meta property=\"og:image\" content=\"https:\/\/www.notibras.com\/site\/wp-content\/uploads\/2014\/02\/br.jpeg\" \/>\n\t<meta property=\"og:image:width\" content=\"485\" \/>\n\t<meta property=\"og:image:height\" content=\"364\" \/>\n\t<meta property=\"og:image:type\" content=\"image\/jpeg\" \/>\n<meta name=\"author\" content=\"Reda\u00e7\u00e3o\" \/>\n<meta name=\"twitter:card\" content=\"summary_large_image\" \/>\n<meta name=\"twitter:creator\" content=\"@Notibras\" \/>\n<meta name=\"twitter:site\" content=\"@Notibras\" \/>\n<meta name=\"twitter:label1\" content=\"Escrito por\" \/>\n\t<meta name=\"twitter:data1\" content=\"Reda\u00e7\u00e3o\" \/>\n\t<meta name=\"twitter:label2\" content=\"Est. tempo de leitura\" \/>\n\t<meta name=\"twitter:data2\" content=\"2 minutos\" \/>\n<script type=\"application\/ld+json\" class=\"yoast-schema-graph\">{\"@context\":\"https:\/\/schema.org\",\"@graph\":[{\"@type\":\"Article\",\"@id\":\"https:\/\/www.notibras.com\/site\/governo-faz-as-contas-e-corta-44-bilhoes-do-orcamento-de-2014\/#article\",\"isPartOf\":{\"@id\":\"https:\/\/www.notibras.com\/site\/governo-faz-as-contas-e-corta-44-bilhoes-do-orcamento-de-2014\/\"},\"author\":{\"name\":\"Reda\u00e7\u00e3o\",\"@id\":\"https:\/\/www.notibras.com\/site\/#\/schema\/person\/36ab0979449956132d3e5b517ea76ac8\"},\"headline\":\"Governo refaz contas e corta 44 bilh\u00f5es do Or\u00e7amento\",\"datePublished\":\"2014-02-20T17:52:05+00:00\",\"dateModified\":\"2014-02-21T15:59:47+00:00\",\"mainEntityOfPage\":{\"@id\":\"https:\/\/www.notibras.com\/site\/governo-faz-as-contas-e-corta-44-bilhoes-do-orcamento-de-2014\/\"},\"wordCount\":331,\"commentCount\":0,\"publisher\":{\"@id\":\"https:\/\/www.notibras.com\/site\/#organization\"},\"image\":{\"@id\":\"https:\/\/www.notibras.com\/site\/governo-faz-as-contas-e-corta-44-bilhoes-do-orcamento-de-2014\/#primaryimage\"},\"thumbnailUrl\":\"https:\/\/www.notibras.com\/site\/wp-content\/uploads\/2014\/02\/br.jpeg\",\"articleSection\":[\"Brasil\"],\"inLanguage\":\"pt-BR\",\"potentialAction\":[{\"@type\":\"CommentAction\",\"name\":\"Comment\",\"target\":[\"https:\/\/www.notibras.com\/site\/governo-faz-as-contas-e-corta-44-bilhoes-do-orcamento-de-2014\/#respond\"]}]},{\"@type\":\"WebPage\",\"@id\":\"https:\/\/www.notibras.com\/site\/governo-faz-as-contas-e-corta-44-bilhoes-do-orcamento-de-2014\/\",\"url\":\"https:\/\/www.notibras.com\/site\/governo-faz-as-contas-e-corta-44-bilhoes-do-orcamento-de-2014\/\",\"name\":\"Governo refaz contas e corta 44 bilh\u00f5es do Or\u00e7amento - Notibras\",\"isPartOf\":{\"@id\":\"https:\/\/www.notibras.com\/site\/#website\"},\"primaryImageOfPage\":{\"@id\":\"https:\/\/www.notibras.com\/site\/governo-faz-as-contas-e-corta-44-bilhoes-do-orcamento-de-2014\/#primaryimage\"},\"image\":{\"@id\":\"https:\/\/www.notibras.com\/site\/governo-faz-as-contas-e-corta-44-bilhoes-do-orcamento-de-2014\/#primaryimage\"},\"thumbnailUrl\":\"https:\/\/www.notibras.com\/site\/wp-content\/uploads\/2014\/02\/br.jpeg\",\"datePublished\":\"2014-02-20T17:52:05+00:00\",\"dateModified\":\"2014-02-21T15:59:47+00:00\",\"breadcrumb\":{\"@id\":\"https:\/\/www.notibras.com\/site\/governo-faz-as-contas-e-corta-44-bilhoes-do-orcamento-de-2014\/#breadcrumb\"},\"inLanguage\":\"pt-BR\",\"potentialAction\":[{\"@type\":\"ReadAction\",\"target\":[\"https:\/\/www.notibras.com\/site\/governo-faz-as-contas-e-corta-44-bilhoes-do-orcamento-de-2014\/\"]}]},{\"@type\":\"ImageObject\",\"inLanguage\":\"pt-BR\",\"@id\":\"https:\/\/www.notibras.com\/site\/governo-faz-as-contas-e-corta-44-bilhoes-do-orcamento-de-2014\/#primaryimage\",\"url\":\"https:\/\/www.notibras.com\/site\/wp-content\/uploads\/2014\/02\/br.jpeg\",\"contentUrl\":\"https:\/\/www.notibras.com\/site\/wp-content\/uploads\/2014\/02\/br.jpeg\",\"width\":485,\"height\":364},{\"@type\":\"BreadcrumbList\",\"@id\":\"https:\/\/www.notibras.com\/site\/governo-faz-as-contas-e-corta-44-bilhoes-do-orcamento-de-2014\/#breadcrumb\",\"itemListElement\":[{\"@type\":\"ListItem\",\"position\":1,\"name\":\"In\u00edcio\",\"item\":\"https:\/\/www.notibras.com\/site\/\"},{\"@type\":\"ListItem\",\"position\":2,\"name\":\"Governo refaz contas e corta 44 bilh\u00f5es do Or\u00e7amento\"}]},{\"@type\":\"WebSite\",\"@id\":\"https:\/\/www.notibras.com\/site\/#website\",\"url\":\"https:\/\/www.notibras.com\/site\/\",\"name\":\"Notibras\",\"description\":\"Not\u00edcias de Bras\u00edlia, do Brasil e do Mundo\",\"publisher\":{\"@id\":\"https:\/\/www.notibras.com\/site\/#organization\"},\"potentialAction\":[{\"@type\":\"SearchAction\",\"target\":{\"@type\":\"EntryPoint\",\"urlTemplate\":\"https:\/\/www.notibras.com\/site\/?s={search_term_string}\"},\"query-input\":{\"@type\":\"PropertyValueSpecification\",\"valueRequired\":true,\"valueName\":\"search_term_string\"}}],\"inLanguage\":\"pt-BR\"},{\"@type\":\"Organization\",\"@id\":\"https:\/\/www.notibras.com\/site\/#organization\",\"name\":\"Grupo Notibras de Comunica\u00e7\u00e3o\",\"url\":\"https:\/\/www.notibras.com\/site\/\",\"logo\":{\"@type\":\"ImageObject\",\"inLanguage\":\"pt-BR\",\"@id\":\"https:\/\/www.notibras.com\/site\/#\/schema\/logo\/image\/\",\"url\":\"https:\/\/www.notibras.com\/site\/wp-content\/uploads\/2023\/01\/notibras23.png\",\"contentUrl\":\"https:\/\/www.notibras.com\/site\/wp-content\/uploads\/2023\/01\/notibras23.png\",\"width\":350,\"height\":87,\"caption\":\"Grupo Notibras de Comunica\u00e7\u00e3o\"},\"image\":{\"@id\":\"https:\/\/www.notibras.com\/site\/#\/schema\/logo\/image\/\"},\"sameAs\":[\"https:\/\/www.facebook.com\/notibras\/\",\"https:\/\/x.com\/Notibras\",\"https:\/\/www.instagram.com\/notibras\/\"]},{\"@type\":\"Person\",\"@id\":\"https:\/\/www.notibras.com\/site\/#\/schema\/person\/36ab0979449956132d3e5b517ea76ac8\",\"name\":\"Reda\u00e7\u00e3o\",\"image\":{\"@type\":\"ImageObject\",\"inLanguage\":\"pt-BR\",\"@id\":\"https:\/\/secure.gravatar.com\/avatar\/e0a867bdedb85fd243eadf09663511f96fc81e0720a4a42581f334ad4303aa6b?s=96&d=mm&r=g\",\"url\":\"https:\/\/secure.gravatar.com\/avatar\/e0a867bdedb85fd243eadf09663511f96fc81e0720a4a42581f334ad4303aa6b?s=96&d=mm&r=g\",\"contentUrl\":\"https:\/\/secure.gravatar.com\/avatar\/e0a867bdedb85fd243eadf09663511f96fc81e0720a4a42581f334ad4303aa6b?s=96&d=mm&r=g\",\"caption\":\"Reda\u00e7\u00e3o\"}}]}<\/script>\n<!-- \/ Yoast SEO plugin. -->","yoast_head_json":{"title":"Governo refaz contas e corta 44 bilh\u00f5es do Or\u00e7amento - Notibras","robots":{"index":"index","follow":"follow","max-snippet":"max-snippet:-1","max-image-preview":"max-image-preview:large","max-video-preview":"max-video-preview:-1"},"canonical":"https:\/\/www.notibras.com\/site\/governo-faz-as-contas-e-corta-44-bilhoes-do-orcamento-de-2014\/","og_locale":"pt_BR","og_type":"article","og_title":"Governo refaz contas e corta 44 bilh\u00f5es do Or\u00e7amento - Notibras","og_description":"O governo anunciou agora h\u00e1 pouco que o corte no Or\u00e7amento Geral da Uni\u00e3o de 2014 alcan\u00e7ar\u00e1 R$ 44 bilh\u00f5es. Com o corte, o governo pretende atingir este ano um super\u00e1vit prim\u00e1rio equivalente a 1,9% do Produto Interno Bruto (PIB), correspondente a todo o setor p\u00fablico consolidado, buscando com isso manter os fundamentos da economia [&hellip;]","og_url":"https:\/\/www.notibras.com\/site\/governo-faz-as-contas-e-corta-44-bilhoes-do-orcamento-de-2014\/","og_site_name":"Notibras","article_publisher":"https:\/\/www.facebook.com\/notibras\/","article_published_time":"2014-02-20T17:52:05+00:00","article_modified_time":"2014-02-21T15:59:47+00:00","og_image":[{"width":485,"height":364,"url":"https:\/\/www.notibras.com\/site\/wp-content\/uploads\/2014\/02\/br.jpeg","type":"image\/jpeg"}],"author":"Reda\u00e7\u00e3o","twitter_card":"summary_large_image","twitter_creator":"@Notibras","twitter_site":"@Notibras","twitter_misc":{"Escrito por":"Reda\u00e7\u00e3o","Est. tempo de leitura":"2 minutos"},"schema":{"@context":"https:\/\/schema.org","@graph":[{"@type":"Article","@id":"https:\/\/www.notibras.com\/site\/governo-faz-as-contas-e-corta-44-bilhoes-do-orcamento-de-2014\/#article","isPartOf":{"@id":"https:\/\/www.notibras.com\/site\/governo-faz-as-contas-e-corta-44-bilhoes-do-orcamento-de-2014\/"},"author":{"name":"Reda\u00e7\u00e3o","@id":"https:\/\/www.notibras.com\/site\/#\/schema\/person\/36ab0979449956132d3e5b517ea76ac8"},"headline":"Governo refaz contas e corta 44 bilh\u00f5es do Or\u00e7amento","datePublished":"2014-02-20T17:52:05+00:00","dateModified":"2014-02-21T15:59:47+00:00","mainEntityOfPage":{"@id":"https:\/\/www.notibras.com\/site\/governo-faz-as-contas-e-corta-44-bilhoes-do-orcamento-de-2014\/"},"wordCount":331,"commentCount":0,"publisher":{"@id":"https:\/\/www.notibras.com\/site\/#organization"},"image":{"@id":"https:\/\/www.notibras.com\/site\/governo-faz-as-contas-e-corta-44-bilhoes-do-orcamento-de-2014\/#primaryimage"},"thumbnailUrl":"https:\/\/www.notibras.com\/site\/wp-content\/uploads\/2014\/02\/br.jpeg","articleSection":["Brasil"],"inLanguage":"pt-BR","potentialAction":[{"@type":"CommentAction","name":"Comment","target":["https:\/\/www.notibras.com\/site\/governo-faz-as-contas-e-corta-44-bilhoes-do-orcamento-de-2014\/#respond"]}]},{"@type":"WebPage","@id":"https:\/\/www.notibras.com\/site\/governo-faz-as-contas-e-corta-44-bilhoes-do-orcamento-de-2014\/","url":"https:\/\/www.notibras.com\/site\/governo-faz-as-contas-e-corta-44-bilhoes-do-orcamento-de-2014\/","name":"Governo refaz contas e corta 44 bilh\u00f5es do Or\u00e7amento - Notibras","isPartOf":{"@id":"https:\/\/www.notibras.com\/site\/#website"},"primaryImageOfPage":{"@id":"https:\/\/www.notibras.com\/site\/governo-faz-as-contas-e-corta-44-bilhoes-do-orcamento-de-2014\/#primaryimage"},"image":{"@id":"https:\/\/www.notibras.com\/site\/governo-faz-as-contas-e-corta-44-bilhoes-do-orcamento-de-2014\/#primaryimage"},"thumbnailUrl":"https:\/\/www.notibras.com\/site\/wp-content\/uploads\/2014\/02\/br.jpeg","datePublished":"2014-02-20T17:52:05+00:00","dateModified":"2014-02-21T15:59:47+00:00","breadcrumb":{"@id":"https:\/\/www.notibras.com\/site\/governo-faz-as-contas-e-corta-44-bilhoes-do-orcamento-de-2014\/#breadcrumb"},"inLanguage":"pt-BR","potentialAction":[{"@type":"ReadAction","target":["https:\/\/www.notibras.com\/site\/governo-faz-as-contas-e-corta-44-bilhoes-do-orcamento-de-2014\/"]}]},{"@type":"ImageObject","inLanguage":"pt-BR","@id":"https:\/\/www.notibras.com\/site\/governo-faz-as-contas-e-corta-44-bilhoes-do-orcamento-de-2014\/#primaryimage","url":"https:\/\/www.notibras.com\/site\/wp-content\/uploads\/2014\/02\/br.jpeg","contentUrl":"https:\/\/www.notibras.com\/site\/wp-content\/uploads\/2014\/02\/br.jpeg","width":485,"height":364},{"@type":"BreadcrumbList","@id":"https:\/\/www.notibras.com\/site\/governo-faz-as-contas-e-corta-44-bilhoes-do-orcamento-de-2014\/#breadcrumb","itemListElement":[{"@type":"ListItem","position":1,"name":"In\u00edcio","item":"https:\/\/www.notibras.com\/site\/"},{"@type":"ListItem","position":2,"name":"Governo refaz contas e corta 44 bilh\u00f5es do Or\u00e7amento"}]},{"@type":"WebSite","@id":"https:\/\/www.notibras.com\/site\/#website","url":"https:\/\/www.notibras.com\/site\/","name":"Notibras","description":"Not\u00edcias de Bras\u00edlia, do Brasil e do Mundo","publisher":{"@id":"https:\/\/www.notibras.com\/site\/#organization"},"potentialAction":[{"@type":"SearchAction","target":{"@type":"EntryPoint","urlTemplate":"https:\/\/www.notibras.com\/site\/?s={search_term_string}"},"query-input":{"@type":"PropertyValueSpecification","valueRequired":true,"valueName":"search_term_string"}}],"inLanguage":"pt-BR"},{"@type":"Organization","@id":"https:\/\/www.notibras.com\/site\/#organization","name":"Grupo Notibras de Comunica\u00e7\u00e3o","url":"https:\/\/www.notibras.com\/site\/","logo":{"@type":"ImageObject","inLanguage":"pt-BR","@id":"https:\/\/www.notibras.com\/site\/#\/schema\/logo\/image\/","url":"https:\/\/www.notibras.com\/site\/wp-content\/uploads\/2023\/01\/notibras23.png","contentUrl":"https:\/\/www.notibras.com\/site\/wp-content\/uploads\/2023\/01\/notibras23.png","width":350,"height":87,"caption":"Grupo Notibras de Comunica\u00e7\u00e3o"},"image":{"@id":"https:\/\/www.notibras.com\/site\/#\/schema\/logo\/image\/"},"sameAs":["https:\/\/www.facebook.com\/notibras\/","https:\/\/x.com\/Notibras","https:\/\/www.instagram.com\/notibras\/"]},{"@type":"Person","@id":"https:\/\/www.notibras.com\/site\/#\/schema\/person\/36ab0979449956132d3e5b517ea76ac8","name":"Reda\u00e7\u00e3o","image":{"@type":"ImageObject","inLanguage":"pt-BR","@id":"https:\/\/secure.gravatar.com\/avatar\/e0a867bdedb85fd243eadf09663511f96fc81e0720a4a42581f334ad4303aa6b?s=96&d=mm&r=g","url":"https:\/\/secure.gravatar.com\/avatar\/e0a867bdedb85fd243eadf09663511f96fc81e0720a4a42581f334ad4303aa6b?s=96&d=mm&r=g","contentUrl":"https:\/\/secure.gravatar.com\/avatar\/e0a867bdedb85fd243eadf09663511f96fc81e0720a4a42581f334ad4303aa6b?s=96&d=mm&r=g","caption":"Reda\u00e7\u00e3o"}}]}},"amp_enabled":true,"_links":{"self":[{"href":"https:\/\/www.notibras.com\/site\/wp-json\/wp\/v2\/posts\/2302","targetHints":{"allow":["GET"]}}],"collection":[{"href":"https:\/\/www.notibras.com\/site\/wp-json\/wp\/v2\/posts"}],"about":[{"href":"https:\/\/www.notibras.com\/site\/wp-json\/wp\/v2\/types\/post"}],"author":[{"embeddable":true,"href":"https:\/\/www.notibras.com\/site\/wp-json\/wp\/v2\/users\/2"}],"replies":[{"embeddable":true,"href":"https:\/\/www.notibras.com\/site\/wp-json\/wp\/v2\/comments?post=2302"}],"version-history":[{"count":0,"href":"https:\/\/www.notibras.com\/site\/wp-json\/wp\/v2\/posts\/2302\/revisions"}],"wp:featuredmedia":[{"embeddable":true,"href":"https:\/\/www.notibras.com\/site\/wp-json\/wp\/v2\/media\/2303"}],"wp:attachment":[{"href":"https:\/\/www.notibras.com\/site\/wp-json\/wp\/v2\/media?parent=2302"}],"wp:term":[{"taxonomy":"category","embeddable":true,"href":"https:\/\/www.notibras.com\/site\/wp-json\/wp\/v2\/categories?post=2302"},{"taxonomy":"post_tag","embeddable":true,"href":"https:\/\/www.notibras.com\/site\/wp-json\/wp\/v2\/tags?post=2302"}],"curies":[{"name":"wp","href":"https:\/\/api.w.org\/{rel}","templated":true}]}}