{"id":23027,"date":"2014-09-24T16:08:07","date_gmt":"2014-09-24T19:08:07","guid":{"rendered":"http:\/\/www.notibras.com\/site\/?p=23027"},"modified":"2014-09-24T16:08:07","modified_gmt":"2014-09-24T19:08:07","slug":"fracasso-antecipado-da-guerra-americana-ao-estado-islamico","status":"publish","type":"post","link":"https:\/\/www.notibras.com\/site\/fracasso-antecipado-da-guerra-americana-ao-estado-islamico\/","title":{"rendered":"Fracasso antecipado da guerra americana ao Estado Isl\u00e2mico"},"content":{"rendered":"<p>Pense no novo \u201ccalifado\u201d do Estado Isl\u00e2mico, anteriormente conhecido como Estado Isl\u00e2mico do Iraque e S\u00edria (Isis, sigla em ingl\u00eas), como um presente de George W. Bush e Dick Cheney para o mundo (contando tamb\u00e9m com a auxiliadora m\u00e3o da Ar\u00e1bia Saudita e outros financiadores do extremismo do Golfo P\u00e9rsico). N\u00e3o \u00e9 estranho o pouco cr\u00e9dito que eles recebem por isso, e pelo fato de as fronteiras do Oriente M\u00e9dio \u2013tra\u00e7adas pelas pot\u00eancias europeias na esteira da Primeira Guerra Mundial \u2013 estarem sendo apagadas em uma onda de sangue?<\/p>\n<p>Se George e Dick n\u00e3o tivessem decidido invadir o Iraque, n\u00e3o tivessem levantado o espectro da destrui\u00e7\u00e3o nuclear e alegado que o regime de Saddam Hussein estava de alguma maneira envolvido com a Al-Qaeda e aos ataques de 11 de Setembro; se eles n\u00e3o tivessem decidido enviar milhares de soldados norte-americanos para queimar e pilhar em Bagd\u00e1 (\u201cessas coisas acontecem\u2026\u201d), se n\u00e3o tivessem debandado o ex\u00e9rcito iraquiano, construindo bases militares por todo o pa\u00eds e, por fim, enfiado goela abaixo suas fantasias geopol\u00edticas de dominar os desertos cheios de petr\u00f3leo por toda a eternidade, o Isis provavelmente n\u00e3o teria a menor chance de nascer, n\u00e3o importando as tens\u00f5es \u00e9tnicas e religiosas da regi\u00e3o. Eles essencialmente deram o impulso que destruiu o estado de poder ali e criou o tipo de v\u00e1cuo que um movimento como o Isis \u00e9 t\u00e3o terrivelmente perfeito para preencher.<\/p>\n<p>Olhando para tr\u00e1s, \u00e9 realmente uma conquista marcante da dupla. Em setembro de 2001, quando George e Dick lan\u00e7aram sua \u201cGuerra Global ao Terror\u201d, com fins de varrer da terra as \u2013 assim chamadas \u2013 \u201credes terroristas\u201d em quase 60 pa\u00edses, havia bandos de jihadistas globais espalhados, enquanto a Al-Qaeda tinha uns dois campos de treinamento no Afeganist\u00e3o e alguns apoiadores aqui e ali. Atualmente, na esteira das invas\u00f5es do Afeganist\u00e3o e do Iraque, uma interven\u00e7\u00e3o a\u00e9rea na L\u00edbia, anos e anos de bombardeios com drones no I\u00eamen e Paquist\u00e3o, os jihadistas est\u00e3o florescendo e se espalhando pela \u00c1frica, assim como o Isis tomou para si partes significativas do Iraque e da S\u00edria \u2013 quase chegando \u00e0 fronteira com o L\u00edbano \u2013 e n\u00e3o d\u00e1 sinais de parar mesmo com a renovada campanha norte-americana de bombardeio, que s\u00f3 tende a fortalecer o movimento a longo prazo.<\/p>\n<blockquote><p>Existem extraordin\u00e1rios elementos na atual pol\u00edtica norte-americana no Iraque e na S\u00edria que n\u00e3o est\u00e3o atraindo qualquer aten\u00e7\u00e3o. No Iraque, os EUA est\u00e3o realizando ataques a\u00e9reos, enviando \u201cconselheiros\u201d e treinadores para ajudar a conter o avan\u00e7o do Isis em Erbil, capital do Curdist\u00e3o. Mas na S\u00edria, a pol\u00edtica de Washington \u00e9 exatamente o oposto: ali, o maior oponente do Isis \u00e9 o governo de Assad e os curdos s\u00edrios, nos enclaves ao norte. Ambos est\u00e3o sob ataque do Isis, que j\u00e1 tomou um ter\u00e7o do pa\u00eds, incluindo a maioria de suas instala\u00e7\u00f5es de petr\u00f3leo e g\u00e1s.<\/p><\/blockquote>\n<p>Mas a pol\u00edtica dos EUA, da Europa ocidental, dos sauditas e dos pa\u00edses do Golfo P\u00e9rsico \u00e9 derrubar o presidente Bashar al-Assad, o que por acaso tamb\u00e9m \u00e9 a pol\u00edtica do Isis e de outros jihadistas na S\u00edria. Se Assad sair do poder, ent\u00e3o quem se beneficia \u00e9 o Isis, uma vez que eles ou derrotar\u00e3o, ou absorver\u00e3o o resto da oposi\u00e7\u00e3o armada no pa\u00eds. Em Washington, a Casa Branca finge que existe uma suposta oposi\u00e7\u00e3o \u201cmoderada\u201d na S\u00edria, que est\u00e1 sendo auxiliada pelos EUA, Qatar, Turquia e Ar\u00e1bia Saudita. Todavia, se isso for mesmo verdade, eles est\u00e3o ficando cada vez mais fracos. Logo mais, o novo califado poder\u00e1 se estender at\u00e9 as fronteiras com o Ir\u00e3 ao leste, e para o Mediterr\u00e2neo a oeste, e a \u00fanica for\u00e7a que tem a capacidade de evitar isso \u00e9 o pr\u00f3prio ex\u00e9rcito da S\u00edria.<\/p>\n<p>A realidade da pol\u00edtica dos EUA \u00e9 apoiar o governo do Iraque, mas n\u00e3o o da S\u00edria, contra o Isis. Por\u00e9m, uma raz\u00e3o para que o grupo fosse capaz de ficar t\u00e3o forte no Iraque \u00e9 que ele pode contar com recursos e combatentes vindos da S\u00edria. Nem tudo que deu errado no Iraque foi culpa do primeiro-ministro deposto Nouri al-Maliki, conforme foi noticiado como consenso entre os pol\u00edticos e a m\u00eddia no Ocidente. Os pol\u00edticos iraquianos t\u00eam dito pelos \u00faltimos dois anos que um apoio estrangeiro para os rebeldes da S\u00edria acabaria, inevitavelmente, desestabilizando o Iraque tamb\u00e9m. \u00c9 isso o que acontece agora.<\/p>\n<p>Ao continuar essa pol\u00edtica contradit\u00f3ria nos dois pa\u00edses, os EUA asseguraram que o Isis se refor\u00e7asse no Iraque com combatentes vindos da S\u00edria, e vice-versa. At\u00e9 o momento, Washington conseguiu escapar de levar a culpa pela ascens\u00e3o do Isis, jogando-a toda no governo iraquiano, mas na realidade, foram eles pr\u00f3prios que criaram a situa\u00e7\u00e3o no qual o Isis pode n\u00e3o s\u00f3 sobreviver, mas como tamb\u00e9m crescer.<\/p>\n<p>O aumento dr\u00e1stico no alcance e na for\u00e7a das organiza\u00e7\u00f5es jihadistas na S\u00edria e no Iraque n\u00e3o era reconhecido pelos pol\u00edticos e pela imprensa no Ocidente, ao menos n\u00e3o at\u00e9 recentemente. Uma das principais raz\u00f5es para isso \u00e9 que os governos ocidentais e suas for\u00e7as de seguran\u00e7a definem, de maneira m\u00edope, amea\u00e7as jihadistas como for\u00e7as diretamente controladas pelo n\u00facleo da al-Qaeda. Isso permite a eles apresentar um quadro muito mais \u201cbonito\u201d de seus sucessos na suposta guerra ao terror, do que o quadro obscuro que \u00e9 a realidade.<\/p>\n<p>Na verdade, a ideia de que os \u00fanicos jihadistas que devem ser motivo de preocupa\u00e7\u00e3o s\u00e3o os que t\u00eam a ben\u00e7\u00e3o oficial da al-Qaeda \u00e9 ing\u00eanua e auto enganadora, pois ignora que, de fato, o Isis foi criticado pelo l\u00edder da al-Qaeda, Ayman al-Zawahiri, por sua excessiva viol\u00eancia e sectarismo.<\/p>\n<p>Grupos jihadistas ideologicamente pr\u00f3ximos \u00e0 al-Qaeda foram re-rotulados como \u201cmoderados\u201d, desde que suas a\u00e7\u00f5es mostrassem alinhamento com os objetivos da pol\u00edtica dos EUA. Na S\u00edria, os norte-americanos apoiaram um plano feito pelos sauditas de criar um \u201cFronte Sul\u201d, baseado na Jord\u00e2nia, que seria hostil ao governo de Assad em Damasco, ao mesmo tempo que era tamb\u00e9m hostil aos rebeldes da al-Qaeda no norte e no leste. A poderosa, mas supostamente moderada, Brigada Yarmouk, seria a principal recipiente dos m\u00edsseis antia\u00e9reos fornecidos pela Ar\u00e1bia Saudita, mas in\u00fameros v\u00eddeos mostraram a Brigada lutando colaborativamente com o Jabhat al-Nusra, a franquia oficial da al-Qaeda na S\u00edria, e uma \u201corganiza\u00e7\u00e3o terrorista\u201d, de acordo com o Departamento de Estado dos EUA. Uma vez que era prov\u00e1vel que, no calor das batalhas, esses dois grupos compartilhassem muni\u00e7\u00e3o, Washington estava efetivamente permitindo que armamento avan\u00e7ado fosse entregue para seu mais mortal inimigo. Oficiais iraquianos confirmaram que eles capturaram armas sofisticadas de combatentes do Isis, fornecidas originalmente para for\u00e7as consideradas anti-al-Qaeda na S\u00edria.<\/p>\n<p>O nome \u201cal-Qaeda\u201d sempre foi aplicada de maneira flex\u00edvel quando se tinha que identificar um inimigo. No Iraque, em 2003 e 2004, enquanto oposi\u00e7\u00f5es iraquianas armadas contra a ocupa\u00e7\u00e3o no pa\u00eds, os oficiais norte-americanos atribu\u00edram a maioria dos ataques \u00e0 al-Qaeda, apesar de muitos destes terem sido realizados por nacionalistas e grupos do Partido Baath, de Saddam Hussein. Propagandas como essas ajudaram a persuadir cerca de 60% dos eleitores nos EUA antes da invas\u00e3o do Iraque \u2013 de que havia uma conex\u00e3o entre Saddam Hussein e os respons\u00e1veis pelo 11 de Setembro, apesar da falta de qualquer evid\u00eancia quanto a isso. No pr\u00f3prio Ir\u00e3, assim como por todo o mundo mu\u00e7ulmano, essas acusa\u00e7\u00f5es beneficiaram a al-Qaeda, por exagerar o papel do grupo na resist\u00eancia contra a ocupa\u00e7\u00e3o dos EUA e do Reino Unido.<\/p>\n<blockquote><p>T\u00e1ticas de rela\u00e7\u00f5es p\u00fablicas precisamente opostas a essa foram empregadas pelos governos ocidentais em 2011, na L\u00edbia, onde foi acobertada qualquer similaridade ente a al-Qaeda e os rebeldes apoiados pela Otan contra o l\u00edder l\u00edbio Muammar Qaddafi. Apenas aqueles jihadistas que tinham uma liga\u00e7\u00e3o operacional direta com o n\u00facleo de Osama Bin Laden eram considerados perigosos. A falsidade na alega\u00e7\u00e3o de que os jihadistas anti-Qaddafi na L\u00edbia eram menos amea\u00e7adores do que aqueles em contato direto com a al-Qaeda foi tragicamente exposta quando o embaixador dos EUA, Chris Stevens, foi morto por jihadistas em Benghazi, em setembro de 2012. Esses eram os mesmo combatentes exaltados pelos governos ocidentais e pela m\u00eddia por seu papel na revolta contra Qaddafi.<\/p><\/blockquote>\n<p>A al-Qaeda \u00e9 mais uma ideia do que uma organiza\u00e7\u00e3o, e foi assim por muito tempo. Durante um per\u00edodo de cinco anos, ap\u00f3s 1996, ela tinha unidades, recursos e campos no Afeganist\u00e3o, mas estes foram eliminados ap\u00f3s a derrubada do Talib\u00e3 em 2001. Subsequentemente, o nome da al-Qaeda se tornou quase um grito de guerra, um conjunto de cren\u00e7as isl\u00e2micas centradas na cria\u00e7\u00e3o de um Estado isl\u00e2mico com a imposi\u00e7\u00e3o da lei Sharia \u2013 al\u00e9m de um retorno aos costumes isl\u00e2micos, \u00e0 submiss\u00e3o das mulheres e a uma guerra santa contra outros mu\u00e7ulmanos, notavelmente os xiitas, que eram considerados hereges merecedores de morte. No centro dessa doutrina, para fazer uma guerra, est\u00e1 uma \u00eanfase de autosacrficio e mart\u00edrio como s\u00edmbolo de f\u00e9 religiosa e comprometimento. Isso resultou no uso de crentes fan\u00e1ticos, mas n\u00e3o-treinados, como homens-bombas.<\/p>\n<p>Sempre foi do interesse dos EUA e de outros governos que a al-Qaeda fosse vista como dona de uma estrutura de centro de comando, como um mini-Pent\u00e1gono, ou como uma m\u00e1fia. Essa \u00e9 uma imagem reconfortante para o p\u00fablico, porque grupos organizados \u2013 por mais demon\u00edacos que sejam \u2013 podem ser rastreados e eliminados, presos e mortos. Mais alarmante \u00e9 a realidade de um movimento cujos aderentes s\u00e3o auto-recrutados e podem surgir em qualquer lugar.<\/p>\n<p>A reuni\u00e3o de militantes de Osama bin Laden, \u00e0 qual ele n\u00e3o chamou de al-Qaeda at\u00e9 o 11 de Setembro, era apenas um de muitos grupos jihadistas, h\u00e1 doze anos. Mas hoje, suas ideias e m\u00e9todos s\u00e3o predominantes entre a maioria dos jihadistas por conta do prest\u00edgio e publicidade que ganhou atrav\u00e9s da destrui\u00e7\u00e3o das Torres G\u00eameas, a guerra no Iraque e sua demoniza\u00e7\u00e3o por Washington como fonte de todo mal anti-EUA. Atualmente, existem leves diferen\u00e7as entre as cren\u00e7as dos jihadistas, independente se estiverem ligadas ou n\u00e3o ao n\u00facleo da al-Qaeda.<\/p>\n<blockquote><p>N\u00e3o surpreendentemente, os governos preferem a figura fantasiada da al-Qaeda, pois isso os permite clamar vit\u00f3rias quando conseguem matar seus mais conhecidos membros e aliados. Geralmente, aqueles que s\u00e3o mortos recebem um status quase militar, como \u201cchefe de opera\u00e7\u00f5es\u201d, para aumentar o significado de seu falecimento. O \u00e1pice desse aspecto da \u201cguerra ao terror\u201d foi a publicidade pesada, mas altamente irrelevante, da morte de Osama bin Laden, em Abbottabad, no Paquist\u00e3o, em 2011. Isso permitiu ao presidente Obama posar de frente ao p\u00fablico norte-americano como o homem que presidia o pa\u00eds na ca\u00e7ada final ao l\u00edder da al-Qaeda. Em termos pr\u00e1ticos, todavia, sua morte teve pouco impacto nos grupos jihadistas \u00e0 la al-Qaeda, cuja maior expans\u00e3o veio depois.<\/p><\/blockquote>\n<p>As decis\u00f5es cruciais que permitiram \u00e0 al-Qaeda sobreviver, e posteriormente se expandir, aconteceram horas depois do ataque em 11 de Setembro. Praticamente todos os elementos significativos no projeto para atingir as Torres G\u00eameas com avi\u00f5es, assim como outros pr\u00e9dios ic\u00f4nicos dos EUA, apontavam para a Ar\u00e1bia Saudita, onde Bin Laden fazia parte da elite \u2013 seu pai era um associado pr\u00f3ximo da monarquia no pa\u00eds. Citando um relat\u00f3rio da CIA de 2002, o documento oficial sobre o 11 de Setembro dizia que a al-Qaeda tinha seu financiamento vindo de \u201cuma variedade de doadores e arrecadadores de fundos, principalmente nos pa\u00eds do Golfo [P\u00e9rsico] e, particularmente, da Ar\u00e1bia Saudita\u201d.<\/p>\n<p>Os investigadores que fizeram o relat\u00f3rio tiveram, de maneira repetida, seus acessos limitados ou negados quando buscavam informa\u00e7\u00f5es sobre a Ar\u00e1bia Saudita. Ainda assim, o presidente W. Bush aparentemente nunca considerou apontar os sauditas como respons\u00e1veis pelo que aconteceu. A fuga dos EUA de proeminentes sauditas, incluindo parentes de Bin Laden, foi facilitada pelo governo norte-americano poucos dias ap\u00f3s o 11 de Setembro. Mais significante ainda foram as 28 p\u00e1ginas do Relat\u00f3rio da Comiss\u00e3o do 11 de Setembro, sobre o relacionamento dos terroristas envolvidos com a Ar\u00e1bia Saudita, que foram cortadas e nunca publicadas, apesar da promessa de Obama em faz\u00ea-lo \u2013 alegando assunto de seguran\u00e7a nacional.<\/p>\n<p>Em 2009, oito anos ap\u00f3s os ataques, um cabo enviado por Hillary Clinton, \u00e0 \u00e9poca secret\u00e1ria de estado, revelado pelo WikiLeaks, reportou que doadores da Ar\u00e1bia Saudita constitu\u00edam a fonte mais significante de financiamento de grupos terroristas sunitas ao redor do mundo. Mas apesar dessa admiss\u00e3o privada, os EUA e pa\u00edses da Europa ocidental permaneceram indiferentes aos pregadores sauditas, cujas mensagens, espalhadas por milh\u00f5es atrav\u00e9s da televis\u00e3o por sat\u00e9lite, YouTube e Twitter, clamavam pela morte dos xiitas hereges. Essas chamadas vieram enquanto bombas da al-Qaeda estava massacrando pessoas em bairros xiitas no Iraque. A linha fina em outro cabo para o Departamento do Estado dizia: \u201cAr\u00e1bia Saudita: anti-xiitismo como pol\u00edtica externa?\u201d. Hoje, cinco anos depois, os grupos apoiados pela Ar\u00e1bia Saudita t\u00eam um hist\u00f3rico de extremo sectarismo conta mu\u00e7ulmanos n\u00e3o-sunitas.<\/p>\n<blockquote><p>O Paquist\u00e3o, ou melhor, o servi\u00e7o de intelig\u00eancia militar paquistanesa, o ISI, era outro parente da al-Qaeda, do Talib\u00e3 e dos movimentos jihadistas em geral. Quando o Talib\u00e3 estava se desintegrando sob o peso das bombas norte-americanas em 2001, suas for\u00e7as no norte do Afeganist\u00e3o foram emboscadas por for\u00e7as anti-Talib\u00e3. Antes de se renderem, centenas de membros do ISI, treinadores e conselheiros militares foram rapidamente evacuados por ar. Apesar das claras evid\u00eancias do patroc\u00ednio do ISI para o Talib\u00e3 e outros jihadistas, Washington se recusou a confrontar o Paquist\u00e3o, e assim sendo, abriu passagem para o ressurgimento do Talib\u00e3 depois de 2003, algo que nem os EUA, nem a Otan foram capazes de reverter.<\/p><\/blockquote>\n<p>A \u201cguerra ao terror\u201d falhou porque n\u00e3o teve como alvo os movimentos jihadistas como um todo e, acima de tudo, n\u00e3o colocou como alvo a Ar\u00e1bia Saudita e o Paquist\u00e3o, os dois pa\u00edses que promoveram o jihadismo como um credo e um movimento. Os EUA n\u00e3o o fizeram porque ambos eram importantes aliados seus. A Ar\u00e1bia Saudita \u00e9 um enorme mercado para as armas norte-americanas e os sauditas cultivaram, e em ocasi\u00f5es compraram, a influ\u00eancia de membros importantes da estrutura pol\u00edtica nos EUA. O Paquist\u00e3o \u00e9 uma pot\u00eancia nuclear com uma popula\u00e7\u00e3o de 180 milh\u00f5es de habitantes e um aparato militar com liga\u00e7\u00f5es pr\u00f3ximas ao Pent\u00e1gono.<\/p>\n<p>O espetacular ressurgimento da al-Qaeda e seus descendentes aconteceu apesar da grande expans\u00e3o dos servi\u00e7os de intelig\u00eancia dos EUA e do Reino Unido \u2013 assim como seus or\u00e7amentos de centenas de bilh\u00f5es de d\u00f3lares. Desde ent\u00e3o, esses dois pa\u00edses, lutaram guerras no Afeganist\u00e3o e no Iraque e adotaram procedimentos normalmente associados a Estados policiais, tais como a pris\u00e3o sem julgamento, rendi\u00e7\u00e3o, tortura e espionagem dom\u00e9stica. Os governos travam a \u201cguerra ao terror\u201d, alegando que os direitos individuais dos cidad\u00e3os devem ser sacrificados para a seguran\u00e7a de todos.<\/p>\n<p>Em face dessas controversas medidas de seguran\u00e7a, os movimentos que lutam contra n\u00e3o foram derrotado, ocorreu exatamente o inverso: se fortaleceram. Na \u00e9poca do 11 de Setembro, a al-Qaeda era uma organiza\u00e7\u00e3o pequena e n\u00e3o efetiva \u2013 hoje, em 2014, os grupos inspirados por eles s\u00e3o numerosos e poderosos.<\/p>\n<p>Em outras palavras, a \u201cguerra ao terror\u201d \u2013 uma guerra que moldou o horizonte pol\u00edtico do mundo inteiro desde 2001 \u2013 se mostrou um fracasso, mas at\u00e9 a queda de Mosul, ningu\u00e9m prestou muita aten\u00e7\u00e3o.<\/p>\n<p><strong>Patrick Cockburn<\/strong><\/p>\n","protected":false},"excerpt":{"rendered":"<p>Pense no novo \u201ccalifado\u201d do Estado Isl\u00e2mico, anteriormente conhecido como Estado Isl\u00e2mico do Iraque e S\u00edria (Isis, sigla em ingl\u00eas), como um presente de George W. Bush e Dick Cheney para o mundo (contando tamb\u00e9m com a auxiliadora m\u00e3o da Ar\u00e1bia Saudita e outros financiadores do extremismo do Golfo P\u00e9rsico). N\u00e3o \u00e9 estranho o pouco [&hellip;]<\/p>\n","protected":false},"author":2,"featured_media":23028,"comment_status":"open","ping_status":"closed","sticky":false,"template":"","format":"standard","meta":{"_acf_changed":false,"footnotes":""},"categories":[25],"tags":[],"class_list":["post-23027","post","type-post","status-publish","format-standard","has-post-thumbnail","hentry","category-opina-ai"],"acf":[],"yoast_head":"<!-- This site is optimized with the Yoast SEO plugin v27.5 - https:\/\/yoast.com\/product\/yoast-seo-wordpress\/ -->\n<title>Fracasso antecipado da guerra americana ao Estado Isl\u00e2mico - Notibras<\/title>\n<meta name=\"robots\" content=\"index, follow, max-snippet:-1, max-image-preview:large, max-video-preview:-1\" \/>\n<link rel=\"canonical\" href=\"https:\/\/www.notibras.com\/site\/fracasso-antecipado-da-guerra-americana-ao-estado-islamico\/\" \/>\n<meta property=\"og:locale\" content=\"pt_BR\" \/>\n<meta property=\"og:type\" content=\"article\" \/>\n<meta property=\"og:title\" content=\"Fracasso antecipado da guerra americana ao Estado Isl\u00e2mico - Notibras\" \/>\n<meta property=\"og:description\" content=\"Pense no novo \u201ccalifado\u201d do Estado Isl\u00e2mico, anteriormente conhecido como Estado Isl\u00e2mico do Iraque e S\u00edria (Isis, sigla em ingl\u00eas), como um presente de George W. Bush e Dick Cheney para o mundo (contando tamb\u00e9m com a auxiliadora m\u00e3o da Ar\u00e1bia Saudita e outros financiadores do extremismo do Golfo P\u00e9rsico). N\u00e3o \u00e9 estranho o pouco [&hellip;]\" \/>\n<meta property=\"og:url\" content=\"https:\/\/www.notibras.com\/site\/fracasso-antecipado-da-guerra-americana-ao-estado-islamico\/\" \/>\n<meta property=\"og:site_name\" content=\"Notibras\" \/>\n<meta property=\"article:publisher\" content=\"https:\/\/www.facebook.com\/notibras\/\" \/>\n<meta property=\"article:published_time\" content=\"2014-09-24T19:08:07+00:00\" \/>\n<meta property=\"og:image\" content=\"https:\/\/www.notibras.com\/site\/wp-content\/uploads\/2014\/09\/158677_CSB300814B007F01.jpg\" \/>\n\t<meta property=\"og:image:width\" content=\"1189\" \/>\n\t<meta property=\"og:image:height\" content=\"788\" \/>\n\t<meta property=\"og:image:type\" content=\"image\/jpeg\" \/>\n<meta name=\"author\" content=\"Reda\u00e7\u00e3o\" \/>\n<meta name=\"twitter:card\" content=\"summary_large_image\" \/>\n<meta name=\"twitter:creator\" content=\"@Notibras\" \/>\n<meta name=\"twitter:site\" content=\"@Notibras\" \/>\n<meta name=\"twitter:label1\" content=\"Escrito por\" \/>\n\t<meta name=\"twitter:data1\" content=\"Reda\u00e7\u00e3o\" \/>\n\t<meta name=\"twitter:label2\" content=\"Est. tempo de leitura\" \/>\n\t<meta name=\"twitter:data2\" content=\"14 minutos\" \/>\n<script type=\"application\/ld+json\" class=\"yoast-schema-graph\">{\"@context\":\"https:\\\/\\\/schema.org\",\"@graph\":[{\"@type\":\"Article\",\"@id\":\"https:\\\/\\\/www.notibras.com\\\/site\\\/fracasso-antecipado-da-guerra-americana-ao-estado-islamico\\\/#article\",\"isPartOf\":{\"@id\":\"https:\\\/\\\/www.notibras.com\\\/site\\\/fracasso-antecipado-da-guerra-americana-ao-estado-islamico\\\/\"},\"author\":{\"name\":\"Reda\u00e7\u00e3o\",\"@id\":\"https:\\\/\\\/www.notibras.com\\\/site\\\/#\\\/schema\\\/person\\\/36ab0979449956132d3e5b517ea76ac8\"},\"headline\":\"Fracasso antecipado da guerra americana ao Estado Isl\u00e2mico\",\"datePublished\":\"2014-09-24T19:08:07+00:00\",\"mainEntityOfPage\":{\"@id\":\"https:\\\/\\\/www.notibras.com\\\/site\\\/fracasso-antecipado-da-guerra-americana-ao-estado-islamico\\\/\"},\"wordCount\":2743,\"commentCount\":0,\"publisher\":{\"@id\":\"https:\\\/\\\/www.notibras.com\\\/site\\\/#organization\"},\"image\":{\"@id\":\"https:\\\/\\\/www.notibras.com\\\/site\\\/fracasso-antecipado-da-guerra-americana-ao-estado-islamico\\\/#primaryimage\"},\"thumbnailUrl\":\"https:\\\/\\\/www.notibras.com\\\/site\\\/wp-content\\\/uploads\\\/2014\\\/09\\\/158677_CSB300814B007F01.jpg\",\"articleSection\":[\"Opina a\u00ed\"],\"inLanguage\":\"pt-BR\",\"potentialAction\":[{\"@type\":\"CommentAction\",\"name\":\"Comment\",\"target\":[\"https:\\\/\\\/www.notibras.com\\\/site\\\/fracasso-antecipado-da-guerra-americana-ao-estado-islamico\\\/#respond\"]}]},{\"@type\":\"WebPage\",\"@id\":\"https:\\\/\\\/www.notibras.com\\\/site\\\/fracasso-antecipado-da-guerra-americana-ao-estado-islamico\\\/\",\"url\":\"https:\\\/\\\/www.notibras.com\\\/site\\\/fracasso-antecipado-da-guerra-americana-ao-estado-islamico\\\/\",\"name\":\"Fracasso antecipado da guerra americana ao Estado Isl\u00e2mico - Notibras\",\"isPartOf\":{\"@id\":\"https:\\\/\\\/www.notibras.com\\\/site\\\/#website\"},\"primaryImageOfPage\":{\"@id\":\"https:\\\/\\\/www.notibras.com\\\/site\\\/fracasso-antecipado-da-guerra-americana-ao-estado-islamico\\\/#primaryimage\"},\"image\":{\"@id\":\"https:\\\/\\\/www.notibras.com\\\/site\\\/fracasso-antecipado-da-guerra-americana-ao-estado-islamico\\\/#primaryimage\"},\"thumbnailUrl\":\"https:\\\/\\\/www.notibras.com\\\/site\\\/wp-content\\\/uploads\\\/2014\\\/09\\\/158677_CSB300814B007F01.jpg\",\"datePublished\":\"2014-09-24T19:08:07+00:00\",\"breadcrumb\":{\"@id\":\"https:\\\/\\\/www.notibras.com\\\/site\\\/fracasso-antecipado-da-guerra-americana-ao-estado-islamico\\\/#breadcrumb\"},\"inLanguage\":\"pt-BR\",\"potentialAction\":[{\"@type\":\"ReadAction\",\"target\":[\"https:\\\/\\\/www.notibras.com\\\/site\\\/fracasso-antecipado-da-guerra-americana-ao-estado-islamico\\\/\"]}]},{\"@type\":\"ImageObject\",\"inLanguage\":\"pt-BR\",\"@id\":\"https:\\\/\\\/www.notibras.com\\\/site\\\/fracasso-antecipado-da-guerra-americana-ao-estado-islamico\\\/#primaryimage\",\"url\":\"https:\\\/\\\/www.notibras.com\\\/site\\\/wp-content\\\/uploads\\\/2014\\\/09\\\/158677_CSB300814B007F01.jpg\",\"contentUrl\":\"https:\\\/\\\/www.notibras.com\\\/site\\\/wp-content\\\/uploads\\\/2014\\\/09\\\/158677_CSB300814B007F01.jpg\",\"width\":1189,\"height\":788},{\"@type\":\"BreadcrumbList\",\"@id\":\"https:\\\/\\\/www.notibras.com\\\/site\\\/fracasso-antecipado-da-guerra-americana-ao-estado-islamico\\\/#breadcrumb\",\"itemListElement\":[{\"@type\":\"ListItem\",\"position\":1,\"name\":\"In\u00edcio\",\"item\":\"https:\\\/\\\/www.notibras.com\\\/site\\\/\"},{\"@type\":\"ListItem\",\"position\":2,\"name\":\"Fracasso antecipado da guerra americana ao Estado Isl\u00e2mico\"}]},{\"@type\":\"WebSite\",\"@id\":\"https:\\\/\\\/www.notibras.com\\\/site\\\/#website\",\"url\":\"https:\\\/\\\/www.notibras.com\\\/site\\\/\",\"name\":\"Notibras\",\"description\":\"Not\u00edcias de Bras\u00edlia, do Brasil e do Mundo\",\"publisher\":{\"@id\":\"https:\\\/\\\/www.notibras.com\\\/site\\\/#organization\"},\"potentialAction\":[{\"@type\":\"SearchAction\",\"target\":{\"@type\":\"EntryPoint\",\"urlTemplate\":\"https:\\\/\\\/www.notibras.com\\\/site\\\/?s={search_term_string}\"},\"query-input\":{\"@type\":\"PropertyValueSpecification\",\"valueRequired\":true,\"valueName\":\"search_term_string\"}}],\"inLanguage\":\"pt-BR\"},{\"@type\":\"Organization\",\"@id\":\"https:\\\/\\\/www.notibras.com\\\/site\\\/#organization\",\"name\":\"Grupo Notibras de Comunica\u00e7\u00e3o\",\"url\":\"https:\\\/\\\/www.notibras.com\\\/site\\\/\",\"logo\":{\"@type\":\"ImageObject\",\"inLanguage\":\"pt-BR\",\"@id\":\"https:\\\/\\\/www.notibras.com\\\/site\\\/#\\\/schema\\\/logo\\\/image\\\/\",\"url\":\"https:\\\/\\\/www.notibras.com\\\/site\\\/wp-content\\\/uploads\\\/2023\\\/01\\\/notibras23.png\",\"contentUrl\":\"https:\\\/\\\/www.notibras.com\\\/site\\\/wp-content\\\/uploads\\\/2023\\\/01\\\/notibras23.png\",\"width\":350,\"height\":87,\"caption\":\"Grupo Notibras de Comunica\u00e7\u00e3o\"},\"image\":{\"@id\":\"https:\\\/\\\/www.notibras.com\\\/site\\\/#\\\/schema\\\/logo\\\/image\\\/\"},\"sameAs\":[\"https:\\\/\\\/www.facebook.com\\\/notibras\\\/\",\"https:\\\/\\\/x.com\\\/Notibras\",\"https:\\\/\\\/www.instagram.com\\\/notibras\\\/\"]},{\"@type\":\"Person\",\"@id\":\"https:\\\/\\\/www.notibras.com\\\/site\\\/#\\\/schema\\\/person\\\/36ab0979449956132d3e5b517ea76ac8\",\"name\":\"Reda\u00e7\u00e3o\",\"image\":{\"@type\":\"ImageObject\",\"inLanguage\":\"pt-BR\",\"@id\":\"https:\\\/\\\/secure.gravatar.com\\\/avatar\\\/e0a867bdedb85fd243eadf09663511f96fc81e0720a4a42581f334ad4303aa6b?s=96&d=mm&r=g\",\"url\":\"https:\\\/\\\/secure.gravatar.com\\\/avatar\\\/e0a867bdedb85fd243eadf09663511f96fc81e0720a4a42581f334ad4303aa6b?s=96&d=mm&r=g\",\"contentUrl\":\"https:\\\/\\\/secure.gravatar.com\\\/avatar\\\/e0a867bdedb85fd243eadf09663511f96fc81e0720a4a42581f334ad4303aa6b?s=96&d=mm&r=g\",\"caption\":\"Reda\u00e7\u00e3o\"}}]}<\/script>\n<!-- \/ Yoast SEO plugin. -->","yoast_head_json":{"title":"Fracasso antecipado da guerra americana ao Estado Isl\u00e2mico - Notibras","robots":{"index":"index","follow":"follow","max-snippet":"max-snippet:-1","max-image-preview":"max-image-preview:large","max-video-preview":"max-video-preview:-1"},"canonical":"https:\/\/www.notibras.com\/site\/fracasso-antecipado-da-guerra-americana-ao-estado-islamico\/","og_locale":"pt_BR","og_type":"article","og_title":"Fracasso antecipado da guerra americana ao Estado Isl\u00e2mico - Notibras","og_description":"Pense no novo \u201ccalifado\u201d do Estado Isl\u00e2mico, anteriormente conhecido como Estado Isl\u00e2mico do Iraque e S\u00edria (Isis, sigla em ingl\u00eas), como um presente de George W. Bush e Dick Cheney para o mundo (contando tamb\u00e9m com a auxiliadora m\u00e3o da Ar\u00e1bia Saudita e outros financiadores do extremismo do Golfo P\u00e9rsico). N\u00e3o \u00e9 estranho o pouco [&hellip;]","og_url":"https:\/\/www.notibras.com\/site\/fracasso-antecipado-da-guerra-americana-ao-estado-islamico\/","og_site_name":"Notibras","article_publisher":"https:\/\/www.facebook.com\/notibras\/","article_published_time":"2014-09-24T19:08:07+00:00","og_image":[{"width":1189,"height":788,"url":"https:\/\/www.notibras.com\/site\/wp-content\/uploads\/2014\/09\/158677_CSB300814B007F01.jpg","type":"image\/jpeg"}],"author":"Reda\u00e7\u00e3o","twitter_card":"summary_large_image","twitter_creator":"@Notibras","twitter_site":"@Notibras","twitter_misc":{"Escrito por":"Reda\u00e7\u00e3o","Est. tempo de leitura":"14 minutos"},"schema":{"@context":"https:\/\/schema.org","@graph":[{"@type":"Article","@id":"https:\/\/www.notibras.com\/site\/fracasso-antecipado-da-guerra-americana-ao-estado-islamico\/#article","isPartOf":{"@id":"https:\/\/www.notibras.com\/site\/fracasso-antecipado-da-guerra-americana-ao-estado-islamico\/"},"author":{"name":"Reda\u00e7\u00e3o","@id":"https:\/\/www.notibras.com\/site\/#\/schema\/person\/36ab0979449956132d3e5b517ea76ac8"},"headline":"Fracasso antecipado da guerra americana ao Estado Isl\u00e2mico","datePublished":"2014-09-24T19:08:07+00:00","mainEntityOfPage":{"@id":"https:\/\/www.notibras.com\/site\/fracasso-antecipado-da-guerra-americana-ao-estado-islamico\/"},"wordCount":2743,"commentCount":0,"publisher":{"@id":"https:\/\/www.notibras.com\/site\/#organization"},"image":{"@id":"https:\/\/www.notibras.com\/site\/fracasso-antecipado-da-guerra-americana-ao-estado-islamico\/#primaryimage"},"thumbnailUrl":"https:\/\/www.notibras.com\/site\/wp-content\/uploads\/2014\/09\/158677_CSB300814B007F01.jpg","articleSection":["Opina a\u00ed"],"inLanguage":"pt-BR","potentialAction":[{"@type":"CommentAction","name":"Comment","target":["https:\/\/www.notibras.com\/site\/fracasso-antecipado-da-guerra-americana-ao-estado-islamico\/#respond"]}]},{"@type":"WebPage","@id":"https:\/\/www.notibras.com\/site\/fracasso-antecipado-da-guerra-americana-ao-estado-islamico\/","url":"https:\/\/www.notibras.com\/site\/fracasso-antecipado-da-guerra-americana-ao-estado-islamico\/","name":"Fracasso antecipado da guerra americana ao Estado Isl\u00e2mico - Notibras","isPartOf":{"@id":"https:\/\/www.notibras.com\/site\/#website"},"primaryImageOfPage":{"@id":"https:\/\/www.notibras.com\/site\/fracasso-antecipado-da-guerra-americana-ao-estado-islamico\/#primaryimage"},"image":{"@id":"https:\/\/www.notibras.com\/site\/fracasso-antecipado-da-guerra-americana-ao-estado-islamico\/#primaryimage"},"thumbnailUrl":"https:\/\/www.notibras.com\/site\/wp-content\/uploads\/2014\/09\/158677_CSB300814B007F01.jpg","datePublished":"2014-09-24T19:08:07+00:00","breadcrumb":{"@id":"https:\/\/www.notibras.com\/site\/fracasso-antecipado-da-guerra-americana-ao-estado-islamico\/#breadcrumb"},"inLanguage":"pt-BR","potentialAction":[{"@type":"ReadAction","target":["https:\/\/www.notibras.com\/site\/fracasso-antecipado-da-guerra-americana-ao-estado-islamico\/"]}]},{"@type":"ImageObject","inLanguage":"pt-BR","@id":"https:\/\/www.notibras.com\/site\/fracasso-antecipado-da-guerra-americana-ao-estado-islamico\/#primaryimage","url":"https:\/\/www.notibras.com\/site\/wp-content\/uploads\/2014\/09\/158677_CSB300814B007F01.jpg","contentUrl":"https:\/\/www.notibras.com\/site\/wp-content\/uploads\/2014\/09\/158677_CSB300814B007F01.jpg","width":1189,"height":788},{"@type":"BreadcrumbList","@id":"https:\/\/www.notibras.com\/site\/fracasso-antecipado-da-guerra-americana-ao-estado-islamico\/#breadcrumb","itemListElement":[{"@type":"ListItem","position":1,"name":"In\u00edcio","item":"https:\/\/www.notibras.com\/site\/"},{"@type":"ListItem","position":2,"name":"Fracasso antecipado da guerra americana ao Estado Isl\u00e2mico"}]},{"@type":"WebSite","@id":"https:\/\/www.notibras.com\/site\/#website","url":"https:\/\/www.notibras.com\/site\/","name":"Notibras","description":"Not\u00edcias de Bras\u00edlia, do Brasil e do Mundo","publisher":{"@id":"https:\/\/www.notibras.com\/site\/#organization"},"potentialAction":[{"@type":"SearchAction","target":{"@type":"EntryPoint","urlTemplate":"https:\/\/www.notibras.com\/site\/?s={search_term_string}"},"query-input":{"@type":"PropertyValueSpecification","valueRequired":true,"valueName":"search_term_string"}}],"inLanguage":"pt-BR"},{"@type":"Organization","@id":"https:\/\/www.notibras.com\/site\/#organization","name":"Grupo Notibras de Comunica\u00e7\u00e3o","url":"https:\/\/www.notibras.com\/site\/","logo":{"@type":"ImageObject","inLanguage":"pt-BR","@id":"https:\/\/www.notibras.com\/site\/#\/schema\/logo\/image\/","url":"https:\/\/www.notibras.com\/site\/wp-content\/uploads\/2023\/01\/notibras23.png","contentUrl":"https:\/\/www.notibras.com\/site\/wp-content\/uploads\/2023\/01\/notibras23.png","width":350,"height":87,"caption":"Grupo Notibras de Comunica\u00e7\u00e3o"},"image":{"@id":"https:\/\/www.notibras.com\/site\/#\/schema\/logo\/image\/"},"sameAs":["https:\/\/www.facebook.com\/notibras\/","https:\/\/x.com\/Notibras","https:\/\/www.instagram.com\/notibras\/"]},{"@type":"Person","@id":"https:\/\/www.notibras.com\/site\/#\/schema\/person\/36ab0979449956132d3e5b517ea76ac8","name":"Reda\u00e7\u00e3o","image":{"@type":"ImageObject","inLanguage":"pt-BR","@id":"https:\/\/secure.gravatar.com\/avatar\/e0a867bdedb85fd243eadf09663511f96fc81e0720a4a42581f334ad4303aa6b?s=96&d=mm&r=g","url":"https:\/\/secure.gravatar.com\/avatar\/e0a867bdedb85fd243eadf09663511f96fc81e0720a4a42581f334ad4303aa6b?s=96&d=mm&r=g","contentUrl":"https:\/\/secure.gravatar.com\/avatar\/e0a867bdedb85fd243eadf09663511f96fc81e0720a4a42581f334ad4303aa6b?s=96&d=mm&r=g","caption":"Reda\u00e7\u00e3o"}}]}},"amp_enabled":true,"_links":{"self":[{"href":"https:\/\/www.notibras.com\/site\/wp-json\/wp\/v2\/posts\/23027","targetHints":{"allow":["GET"]}}],"collection":[{"href":"https:\/\/www.notibras.com\/site\/wp-json\/wp\/v2\/posts"}],"about":[{"href":"https:\/\/www.notibras.com\/site\/wp-json\/wp\/v2\/types\/post"}],"author":[{"embeddable":true,"href":"https:\/\/www.notibras.com\/site\/wp-json\/wp\/v2\/users\/2"}],"replies":[{"embeddable":true,"href":"https:\/\/www.notibras.com\/site\/wp-json\/wp\/v2\/comments?post=23027"}],"version-history":[{"count":0,"href":"https:\/\/www.notibras.com\/site\/wp-json\/wp\/v2\/posts\/23027\/revisions"}],"wp:featuredmedia":[{"embeddable":true,"href":"https:\/\/www.notibras.com\/site\/wp-json\/wp\/v2\/media\/23028"}],"wp:attachment":[{"href":"https:\/\/www.notibras.com\/site\/wp-json\/wp\/v2\/media?parent=23027"}],"wp:term":[{"taxonomy":"category","embeddable":true,"href":"https:\/\/www.notibras.com\/site\/wp-json\/wp\/v2\/categories?post=23027"},{"taxonomy":"post_tag","embeddable":true,"href":"https:\/\/www.notibras.com\/site\/wp-json\/wp\/v2\/tags?post=23027"}],"curies":[{"name":"wp","href":"https:\/\/api.w.org\/{rel}","templated":true}]}}