{"id":23030,"date":"2014-09-24T18:46:36","date_gmt":"2014-09-24T21:46:36","guid":{"rendered":"http:\/\/www.notibras.com\/site\/?p=23030"},"modified":"2014-09-24T18:48:47","modified_gmt":"2014-09-24T21:48:47","slug":"luciana-genro-defende-a-descriminalizacao-do-uso-da-maconha","status":"publish","type":"post","link":"https:\/\/www.notibras.com\/site\/luciana-genro-defende-a-descriminalizacao-do-uso-da-maconha\/","title":{"rendered":"Luciana defende descriminaliza\u00e7\u00e3o do uso da maconha no pa\u00eds"},"content":{"rendered":"<p>A candidata do PSOL \u00e0 Presid\u00eancia da Rep\u00fablica, Luciana Genro,\u00a0 voltou a defender a descriminaliza\u00e7\u00e3o da maconha. \u201cNeste ponto, eu concordo com o Fernando Henrique\u201d, disse a candidata fazendo men\u00e7\u00e3o ao ex-presidente Fernando Henrique Cardoso (PSDB).<\/p>\n<p>\u201cQuem n\u00e3o concorda (com FHC) \u00e9 o A\u00e9cio\u201d, respondeu a candidata em resposta ao apresentador Geraldo Freire, em entrevista na R\u00e1dio Jornal do Comercio, do Recife. Freire havia questionando o posicionamento de Luciana em rela\u00e7\u00e3o ao uso da droga, com\u00a0venda e consumo proibidos no Brasil.<\/p>\n<p>O ex-presidente Fernando Henrique Cardoso defende abertamente que a droga tenha sua venda regularizada, pois acredita que a ilegalidade apenas aumenta os problemas relativos \u00e0 viol\u00eancia e ao tr\u00e1fico, opini\u00e3o compartilhada por Luciana. FHC \u00e9 do mesmo partido do tamb\u00e9m presidenci\u00e1vel A\u00e9cio Neves (PSDB) e foi um dos defensores\u00a0de sua candidatura, preterindo a Jos\u00e9 Serra (PSDB).<\/p>\n<blockquote><p>Luciana disse ainda que, apesar de defender a descriminaliza\u00e7\u00e3o do uso, n\u00e3o se pode fazer apologia ao consumo da droga: \u201cDeve-se fazer campanhas de conscientiza\u00e7\u00e3o dos preju\u00edzos de seu uso, de forma franca e sem mistifica\u00e7\u00e3o\u201d, pontuou a candidata que concluiu confessando j\u00e1 ter usado\u00a0maconha na juventude, apesar de nunca ter sido \u201cuma usu\u00e1ria contumaz\u201d.<\/p><\/blockquote>\n","protected":false},"excerpt":{"rendered":"<p>A candidata do PSOL \u00e0 Presid\u00eancia da Rep\u00fablica, Luciana Genro,\u00a0 voltou a defender a descriminaliza\u00e7\u00e3o da maconha. \u201cNeste ponto, eu concordo com o Fernando Henrique\u201d, disse a candidata fazendo men\u00e7\u00e3o ao ex-presidente Fernando Henrique Cardoso (PSDB). \u201cQuem n\u00e3o concorda (com FHC) \u00e9 o A\u00e9cio\u201d, respondeu a candidata em resposta ao apresentador Geraldo Freire, em entrevista [&hellip;]<\/p>\n","protected":false},"author":2,"featured_media":23031,"comment_status":"open","ping_status":"closed","sticky":false,"template":"","format":"standard","meta":{"_acf_changed":false,"footnotes":""},"categories":[33],"tags":[],"class_list":["post-23030","post","type-post","status-publish","format-standard","has-post-thumbnail","hentry","category-eleicoes-2014"],"acf":[],"_links":{"self":[{"href":"https:\/\/www.notibras.com\/site\/wp-json\/wp\/v2\/posts\/23030","targetHints":{"allow":["GET"]}}],"collection":[{"href":"https:\/\/www.notibras.com\/site\/wp-json\/wp\/v2\/posts"}],"about":[{"href":"https:\/\/www.notibras.com\/site\/wp-json\/wp\/v2\/types\/post"}],"author":[{"embeddable":true,"href":"https:\/\/www.notibras.com\/site\/wp-json\/wp\/v2\/users\/2"}],"replies":[{"embeddable":true,"href":"https:\/\/www.notibras.com\/site\/wp-json\/wp\/v2\/comments?post=23030"}],"version-history":[{"count":0,"href":"https:\/\/www.notibras.com\/site\/wp-json\/wp\/v2\/posts\/23030\/revisions"}],"wp:featuredmedia":[{"embeddable":true,"href":"https:\/\/www.notibras.com\/site\/wp-json\/wp\/v2\/media\/23031"}],"wp:attachment":[{"href":"https:\/\/www.notibras.com\/site\/wp-json\/wp\/v2\/media?parent=23030"}],"wp:term":[{"taxonomy":"category","embeddable":true,"href":"https:\/\/www.notibras.com\/site\/wp-json\/wp\/v2\/categories?post=23030"},{"taxonomy":"post_tag","embeddable":true,"href":"https:\/\/www.notibras.com\/site\/wp-json\/wp\/v2\/tags?post=23030"}],"curies":[{"name":"wp","href":"https:\/\/api.w.org\/{rel}","templated":true}]}}