{"id":23055,"date":"2014-09-24T20:20:18","date_gmt":"2014-09-24T23:20:18","guid":{"rendered":"http:\/\/www.notibras.com\/site\/?p=23055"},"modified":"2014-09-25T00:36:47","modified_gmt":"2014-09-25T03:36:47","slug":"guarda-municipal-ameaca-greve-no-rio-pelo-direito-a-porte-de-arma","status":"publish","type":"post","link":"https:\/\/www.notibras.com\/site\/guarda-municipal-ameaca-greve-no-rio-pelo-direito-a-porte-de-arma\/","title":{"rendered":"Guarda Municipal amea\u00e7a greve no Rio para ter arma"},"content":{"rendered":"<div class=\"content\">\n<p>Uma assembleia de trabalhadores da Guarda Municipal do Rio de Janeiro aprovou estado de greve da categoria, com possibilidade de paralisa\u00e7\u00e3o no pr\u00f3ximo dia 2 de outubro, \u00e0s v\u00e9speras das elei\u00e7\u00f5es.\u00a0Segundo o\u00a0Sindicato dos Servidores P\u00fablicos do Munic\u00edpio do Rio (Sisep-Rio), compareceram cerca de 600 pessoas.\u00a0As reivindica\u00e7\u00f5es n\u00e3o s\u00e3o salariais, mas por melhores condi\u00e7\u00f5es de trabalho, incluindo a possibilidade dos guardas portarem armas.<\/p>\n<p>O advogado do sindicato, Frederico Sanches, explicou que a categoria v\u00ea o uso de armas de fogo como uma forma de garantir maior prote\u00e7\u00e3o aos profissionais e \u00e0 sociedade. Ele explicou que a medida est\u00e1 prevista no Artigo 16 da Lei 13.022, de agosto de 2014, segundo o qual \u201caos guardas municipais \u00e9 autorizado o porte de arma de fogo\u201d.<\/p>\n<blockquote><p>\u201cSe o guarda municipal n\u00e3o pode se proteger, como vai proteger a sociedade? Com um bast\u00e3o, um peda\u00e7o de madeira? Eles n\u00e3o aguentam mais ser oprimidos por delinquentes nas ruas. T\u00eam que atuar em flagrante delito, mas como v\u00e3o fazer isso, contra um marginal armado?\u201d, indagou o advogado.<\/p><\/blockquote>\n<p>Al\u00e9m da reivindica\u00e7\u00e3o pelo porte de arma, os guardas municipais tamb\u00e9m querem que o comando da institui\u00e7\u00e3o fique com algu\u00e9m da pr\u00f3pria corpora\u00e7\u00e3o, e n\u00e3o de policiais militares, por exemplo. Tamb\u00e9m demandam a revoga\u00e7\u00e3o de uma portaria interna que os obriga a reprimir ambulantes, fun\u00e7\u00e3o que, segundo o advogado do sindicato, seria de outros \u00f3rg\u00e3os da prefeitura. Sanches disse que se o prefeito do Rio, Eduardo Paes, n\u00e3o acenar com di\u00e1logo, ser\u00e1 desfechada a paralisa\u00e7\u00e3o.<\/p>\n<p>A Guarda Municipal informou, em nota, que &#8220;n\u00e3o est\u00e1 em greve e n\u00e3o h\u00e1 qualquer altera\u00e7\u00e3o na rotina da corpora\u00e7\u00e3o. Qualquer ato de indisciplina ser\u00e1 considerado falta grave, e o agente que a cometer estar\u00e1 sujeito a demiss\u00e3o. Informa\u00e7\u00f5es a respeito do encontro de ontem devem ser solicitadas aos l\u00edderes do movimento, uma vez que foi uma a\u00e7\u00e3o independente e com participa\u00e7\u00e3o m\u00ednima, pois o efetivo conta com cerca de 8 mil guardas\u201d.<\/p>\n<\/div>\n","protected":false},"excerpt":{"rendered":"<p>Uma assembleia de trabalhadores da Guarda Municipal do Rio de Janeiro aprovou estado de greve da categoria, com possibilidade de paralisa\u00e7\u00e3o no pr\u00f3ximo dia 2 de outubro, \u00e0s v\u00e9speras das elei\u00e7\u00f5es.\u00a0Segundo o\u00a0Sindicato dos Servidores P\u00fablicos do Munic\u00edpio do Rio (Sisep-Rio), compareceram cerca de 600 pessoas.\u00a0As reivindica\u00e7\u00f5es n\u00e3o s\u00e3o salariais, mas por melhores condi\u00e7\u00f5es de trabalho, [&hellip;]<\/p>\n","protected":false},"author":2,"featured_media":23056,"comment_status":"open","ping_status":"closed","sticky":false,"template":"","format":"standard","meta":{"_acf_changed":false,"footnotes":""},"categories":[16],"tags":[],"class_list":["post-23055","post","type-post","status-publish","format-standard","has-post-thumbnail","hentry","category-brasil"],"acf":[],"_links":{"self":[{"href":"https:\/\/www.notibras.com\/site\/wp-json\/wp\/v2\/posts\/23055","targetHints":{"allow":["GET"]}}],"collection":[{"href":"https:\/\/www.notibras.com\/site\/wp-json\/wp\/v2\/posts"}],"about":[{"href":"https:\/\/www.notibras.com\/site\/wp-json\/wp\/v2\/types\/post"}],"author":[{"embeddable":true,"href":"https:\/\/www.notibras.com\/site\/wp-json\/wp\/v2\/users\/2"}],"replies":[{"embeddable":true,"href":"https:\/\/www.notibras.com\/site\/wp-json\/wp\/v2\/comments?post=23055"}],"version-history":[{"count":0,"href":"https:\/\/www.notibras.com\/site\/wp-json\/wp\/v2\/posts\/23055\/revisions"}],"wp:featuredmedia":[{"embeddable":true,"href":"https:\/\/www.notibras.com\/site\/wp-json\/wp\/v2\/media\/23056"}],"wp:attachment":[{"href":"https:\/\/www.notibras.com\/site\/wp-json\/wp\/v2\/media?parent=23055"}],"wp:term":[{"taxonomy":"category","embeddable":true,"href":"https:\/\/www.notibras.com\/site\/wp-json\/wp\/v2\/categories?post=23055"},{"taxonomy":"post_tag","embeddable":true,"href":"https:\/\/www.notibras.com\/site\/wp-json\/wp\/v2\/tags?post=23055"}],"curies":[{"name":"wp","href":"https:\/\/api.w.org\/{rel}","templated":true}]}}