{"id":23065,"date":"2014-09-25T10:14:48","date_gmt":"2014-09-25T13:14:48","guid":{"rendered":"http:\/\/www.notibras.com\/site\/?p=23065"},"modified":"2014-09-25T10:15:17","modified_gmt":"2014-09-25T13:15:17","slug":"religiao-e-assistencia-social-a-batalha-esta-quase-ganha-diz-wasny","status":"publish","type":"post","link":"https:\/\/www.notibras.com\/site\/religiao-e-assistencia-social-a-batalha-esta-quase-ganha-diz-wasny\/","title":{"rendered":"Religi\u00e3o e assist\u00eancia social. A luta est\u00e1 quase ganha, diz Wasny"},"content":{"rendered":"<p>&#8211; Finalmente est\u00e1 chegando a hora da vit\u00f3ria e da celebra\u00e7\u00e3o de uma conquista sonhada e fruto da batalha incans\u00e1vel das comunidades religiosas e assistenciais do Distrito Federal por mais de 20 anos.<\/p>\n<p>\u00c9 assim, deixando aflorar otimismo no sorriso e por todos os poros, que o presidente da C\u00e2mara Legislativa, Wasny de Roure (PT) comemora a proximidade da regulariza\u00e7\u00e3o de \u00e1reas ocupadas igrejas, templos religiosos e entidades de assist\u00eancia social.<\/p>\n<p>Uma causa justa, diz o deputado, que precisa ser abra\u00e7ada por todos. Wasny lembra, a prop\u00f3sito, sua atua\u00e7\u00e3o para que a presidente Dilma Rousseff sancionasse a lei que trata do assunto.S\u00e3o atos, diz o presidente da C\u00e2mara Legislativa, que merecem o respaldo de toda a sociedade &#8220;pelos benef\u00edcios sociais e espirituais que trazem \u00e0 popula\u00e7\u00e3o&#8221;.<\/p>\n<p>Empenhado em colocar um fim na guerra que se estende h\u00e1 muitos anos, o pr\u00f3prio Wasny tem se empenhado e articulado com os segmentos diretamente envolvidos no assunto, para a para a elabora\u00e7\u00e3o do novo decreto que vai regulamentar a Lei Complementar 806\/2009, que trata, em linhas gerais, da regulariza\u00e7\u00e3o urban\u00edstica e fundi\u00e1ria dessas \u00e1reas.<\/p>\n<p>&#8211; As entidades ser\u00e3o contempladas com a devida seguran\u00e7a jur\u00eddica no edital de licita\u00e7\u00e3o, que ser\u00e1 publicado logo ap\u00f3s a regulamenta\u00e7\u00e3o da lei, revela Wasny, acenando com dias melhores para igrejas, templos e entidades assistenciais.<\/p>\n","protected":false},"excerpt":{"rendered":"<p>&#8211; Finalmente est\u00e1 chegando a hora da vit\u00f3ria e da celebra\u00e7\u00e3o de uma conquista sonhada e fruto da batalha incans\u00e1vel das comunidades religiosas e assistenciais do Distrito Federal por mais de 20 anos. \u00c9 assim, deixando aflorar otimismo no sorriso e por todos os poros, que o presidente da C\u00e2mara Legislativa, Wasny de Roure (PT) [&hellip;]<\/p>\n","protected":false},"author":2,"featured_media":23066,"comment_status":"open","ping_status":"closed","sticky":false,"template":"","format":"standard","meta":{"_acf_changed":false,"footnotes":""},"categories":[33],"tags":[],"class_list":["post-23065","post","type-post","status-publish","format-standard","has-post-thumbnail","hentry","category-eleicoes-2014"],"acf":[],"_links":{"self":[{"href":"https:\/\/www.notibras.com\/site\/wp-json\/wp\/v2\/posts\/23065","targetHints":{"allow":["GET"]}}],"collection":[{"href":"https:\/\/www.notibras.com\/site\/wp-json\/wp\/v2\/posts"}],"about":[{"href":"https:\/\/www.notibras.com\/site\/wp-json\/wp\/v2\/types\/post"}],"author":[{"embeddable":true,"href":"https:\/\/www.notibras.com\/site\/wp-json\/wp\/v2\/users\/2"}],"replies":[{"embeddable":true,"href":"https:\/\/www.notibras.com\/site\/wp-json\/wp\/v2\/comments?post=23065"}],"version-history":[{"count":0,"href":"https:\/\/www.notibras.com\/site\/wp-json\/wp\/v2\/posts\/23065\/revisions"}],"wp:featuredmedia":[{"embeddable":true,"href":"https:\/\/www.notibras.com\/site\/wp-json\/wp\/v2\/media\/23066"}],"wp:attachment":[{"href":"https:\/\/www.notibras.com\/site\/wp-json\/wp\/v2\/media?parent=23065"}],"wp:term":[{"taxonomy":"category","embeddable":true,"href":"https:\/\/www.notibras.com\/site\/wp-json\/wp\/v2\/categories?post=23065"},{"taxonomy":"post_tag","embeddable":true,"href":"https:\/\/www.notibras.com\/site\/wp-json\/wp\/v2\/tags?post=23065"}],"curies":[{"name":"wp","href":"https:\/\/api.w.org\/{rel}","templated":true}]}}