{"id":23069,"date":"2014-09-25T12:11:03","date_gmt":"2014-09-25T15:11:03","guid":{"rendered":"http:\/\/www.notibras.com\/site\/?p=23069"},"modified":"2014-09-25T12:11:03","modified_gmt":"2014-09-25T15:11:03","slug":"lama-entra-na-guerra-pelo-voto-mas-ha-guerreiros-que-sobrevivem","status":"publish","type":"post","link":"https:\/\/www.notibras.com\/site\/lama-entra-na-guerra-pelo-voto-mas-ha-guerreiros-que-sobrevivem\/","title":{"rendered":"Lama entra na guerra pelo voto. Mas h\u00e1 guerreiros que sobrevivem"},"content":{"rendered":"<p>Na reta final da campanha eleitoral em Bras\u00edlia, muita gente est\u00e1 com os nervos a flor da pele. A batalha pelo voto se trava em diferenetes campos. Guerreiros que se imaginavam fortes, atingidos em v\u00e1rios flancos, abandomam o front. Mas h\u00e1 os que resistem por acreditarem em um ideal.<\/p>\n<p>Esses que permanecem de cabe\u00e7a erguida costumam relevar ataques (muitas vezes, fruto de um jogo sujo) com artilharia enlameada. S\u00e3o os que provam ter voca\u00e7\u00e3o pol\u00edtica. Que buscam um mandato para tentar ajudar o povo. N\u00e3o h\u00e1 vaidade. N\u00e3o h\u00e1 interesse em se profissionalizar.<\/p>\n<p>Na capital da Rep\u00fablica, em especial na guerra que se trava por uma das vagas na C\u00e2mara Legislativa, os guerreiros que se mant\u00eam de p\u00e9 s\u00e3o muitos. As cadeiras em disputa s\u00e3o 24. Os candidatos somam mil. Dizer de todos, seria cansativo. Vamos nos ater, portanto, a um exemplo, sem desmerecer dos demais.<\/p>\n<blockquote><p>Uma pergunta b\u00e1sica: o que move um candidato, em \u00e9poca de elei\u00e7\u00e3o, a passar a maior parte do dia na rua, abra\u00e7ando e sendo abra\u00e7ado, prometendo para depois ser cobrado e nem sempre cumprir, na maioria das vezes por motivos alheios \u00e0 sua vontade. O que \u00e9 trocar o carinho da fam\u00edlia, o conforto do lar, por longas horas que levam \u00e0 exaust\u00e3o?<\/p><\/blockquote>\n<p>O escolhido para responder foi Rob\u00e9rio Negreiros (PMDB). O deputado, garantiu sua vaga na C\u00e2mara Legislativa depois de amargar uma supl\u00eancia. Agora, com os p\u00e9s no ch\u00e3o, caminha para manter o mandato sem depender de c\u00e1lculos de quociente eleitoral.<\/p>\n<p>&#8211; Quero trabalhar mais em prol do brasiliense. N\u00e3o tenho mandato. Meu gabinete \u00e9 do povo. O eleitor sabe disso.<\/p>\n<p>\u00c9 assim, sem meias palavras, que Rob\u00e9rio Negreiros, que foi acompanhado por um dia de campanha por <strong>Notibras<\/strong>, responde ao questionamento.<\/p>\n<p>Nas andan\u00e7as dele pelo Plano Piloto e regi\u00f5es administrativas para cumprir uma extensa agenda de campanha, o candidato \u00e9 recebido com sorrisos, afagos, beijos, abra\u00e7os, apertos de m\u00e3os. Mas nem tudo s\u00e3o flores.<\/p>\n<p>Rob\u00e9rio ouve cr\u00edticas, desaforos, e \u00e9 xingado por estar na coliga\u00e7\u00e3o de um governador que tenta a reelei\u00e7\u00e3o, apesar de um elevado \u00edndice de rejei\u00e7\u00e3o.<\/p>\n<p>&#8211; O senhor parece ser do bem, mas n\u00e3o voto no senhor porque n\u00e3o voto no Agnelo.<\/p>\n<p>Lourival Cunha, um imigrante nordestino que fez de Ceil\u00e2ndia sua cidade do cora\u00e7\u00e3o h\u00e1 mais de 15 anos, \u00e9 franco ao se dirigir a Rob\u00e9rio. Mas o deputado n\u00e3o se abala. Coloca a m\u00e3o no ombro do interlocutor e faz uma pondera\u00e7\u00e3o: \u201cSou legislador, n\u00e3o executo. Estou na C\u00e2mara para fazer leis que est\u00e3o beneficiando voc\u00ea, que permitir\u00e1 a voc\u00ea, aos seus filhos e netos, uma vida mais digna, com seguran\u00e7a, sa\u00fade, educa\u00e7\u00e3o e transporte de qualidade\u201d.<\/p>\n<blockquote><p>&#8211; Se \u00e9 assim, meu voto \u00e9 do senhor. Mas nele (Agnelo) n\u00e3o voto, diz Lourival. Rob\u00e9rio sorri, agradece a confian\u00e7a. Ouve novas queixas de outras pessoas. E mais uma vez, coerente, consegue reverter a posi\u00e7\u00e3o e trazer para o seu lado votos que seriam usados para protestar contra o governador.<\/p><\/blockquote>\n<p>H\u00e1 quem pe\u00e7a emprego. E com sal\u00e1rio alto. Ir\u00f4nico, Jo\u00e3o Pereira da Silva, do Riacho Fundo II, diz que seu sonho \u00e9 ter um cargo na Secretaria de Planejamento. Homem do mundo, Jo\u00e3o Pereira mostra ar de sarcasmo. \u00c9 uma indireta sobre not\u00edcias da guerra suja das elei\u00e7\u00f5es. E Rob\u00e9rio, firme, n\u00e3o se abala. N\u00e3o se deixa tomar de surpresa. Mostra que est\u00e1 preparado para conversar com o eleitor.<\/p>\n<p>&#8211; Meu amigo, eu fa\u00e7o parte de um governo. Meu partido \u00e9 aliado. E para fazer as coisas andarem na linha, para que as coisas aconte\u00e7am, precisamos ter gente de confian\u00e7a em alguns cargos. Deputado indica, \u00e9 verdade. Mas n\u00e3o manda. Quem manda \u00e9 o governador, \u00e9 o secret\u00e1rio. Como voc\u00ea, sou um simples mortal. Mas garanto que as poucas pessoas que ocupam cargos de confian\u00e7a indicados por mim, merecem o meu e o seu respeito.<\/p>\n<p>Jo\u00e3o Pereira passa a m\u00e3o na barba rala, nos cabelos j\u00e1 com tons prateados. \u201cSei n\u00e3o\u201d, diz. \u201cMas vou pensar nisso. Acho mesmo que o senhor est\u00e1 me convencendo que est\u00e1 certo\u201d. N\u00e3o \u00e9 certeza. Por\u00e9m, Rob\u00e9rio continua sua caminhada, acreditando que pode ter revertido mais um voto de protesto.<\/p>\n<p>Enquanto est\u00e1 na rua mostrando o trabalho desenvolvido na C\u00e2mara Legislativa, Rob\u00e9rio Negreiros, 36 anos, fica sem ver o sorriso dos filhos, os gestos de carinho da esposa. Talvez por isso ele seja reconhecido como um dos deputados distritais mais atuantes.<\/p>\n<blockquote><p>Nas caminhadas, Rob\u00e9rio vai na frente, alguns apoiadores ao lado, distribuindo panfletos. Autor de 143 projetos de lei, ele est\u00e1 entre os quatro parlamentares que mais apresentaram propostas na C\u00e2mara Legislativa na atual legislatura. E mais: o deputado \u00e9\u00a0 autor de 255 indica\u00e7\u00f5es ao Executivo que garantam mais benef\u00edcio aos brasilienses. \u00c9 o que diz o material de campanha.<\/p><\/blockquote>\n<p>Como parlamentar, Rob\u00e9rio \u00e9 ecl\u00e9tico. Ele \u00e9 conhecido por atuar em diferentes \u00e1reas. Sens\u00edvel a todos os segmentos da sociedade, tem sido aclamado por suas iniciativas. As pessoas portadoras de necessidades especiais que o digam. Porque \u00e9 dele a lei que pro\u00edbe a cobran\u00e7a de sobretaxas em matr\u00edculas e mensalidades para estudantes com s\u00edndrome de down, autismo, transtorno evasivo do desenvolvimento e outras s\u00edndromes. Outra iniciativa dele, \u00e9 a Lei do Primeiro Emprego.<\/p>\n<p>O sol d\u00e1 sinais de que vai se recolher. Rob\u00e9rio entra no carro, vai para casa. Diz estar ansioso por um banho, para abra\u00e7ar a fam\u00edlia e voltar para as ruas na mesma noite, para discutir com a sociedade o que o povo deseja.<\/p>\n<p>&#8211; Tenho certeza que estamos cumprindo com o nosso dever nesses tr\u00eas anos de mandato. O carinho que recebo diariamente nas ruas \u00e9 reflexo de que o nosso trabalho est\u00e1 sendo bem conduzido. I isso me d\u00e1 \u00e2nimo para continuar trabalhando. \u00c9 assim que vou continuar a jornada em prol dos brasilienses, afirma, se despedindo.<\/p>\n<p>Um dia puxado. A continuar assim, Rob\u00e9rio, quem sabe, estar\u00e1 puxando muitos votos para as urnas.<\/p>\n<p><strong>Jos\u00e9 Seabra<\/strong><\/p>\n","protected":false},"excerpt":{"rendered":"<p>Na reta final da campanha eleitoral em Bras\u00edlia, muita gente est\u00e1 com os nervos a flor da pele. A batalha pelo voto se trava em diferenetes campos. Guerreiros que se imaginavam fortes, atingidos em v\u00e1rios flancos, abandomam o front. Mas h\u00e1 os que resistem por acreditarem em um ideal. Esses que permanecem de cabe\u00e7a erguida [&hellip;]<\/p>\n","protected":false},"author":2,"featured_media":23070,"comment_status":"open","ping_status":"closed","sticky":false,"template":"","format":"standard","meta":{"_acf_changed":false,"footnotes":""},"categories":[33],"tags":[],"class_list":["post-23069","post","type-post","status-publish","format-standard","has-post-thumbnail","hentry","category-eleicoes-2014"],"acf":[],"_links":{"self":[{"href":"https:\/\/www.notibras.com\/site\/wp-json\/wp\/v2\/posts\/23069","targetHints":{"allow":["GET"]}}],"collection":[{"href":"https:\/\/www.notibras.com\/site\/wp-json\/wp\/v2\/posts"}],"about":[{"href":"https:\/\/www.notibras.com\/site\/wp-json\/wp\/v2\/types\/post"}],"author":[{"embeddable":true,"href":"https:\/\/www.notibras.com\/site\/wp-json\/wp\/v2\/users\/2"}],"replies":[{"embeddable":true,"href":"https:\/\/www.notibras.com\/site\/wp-json\/wp\/v2\/comments?post=23069"}],"version-history":[{"count":0,"href":"https:\/\/www.notibras.com\/site\/wp-json\/wp\/v2\/posts\/23069\/revisions"}],"wp:featuredmedia":[{"embeddable":true,"href":"https:\/\/www.notibras.com\/site\/wp-json\/wp\/v2\/media\/23070"}],"wp:attachment":[{"href":"https:\/\/www.notibras.com\/site\/wp-json\/wp\/v2\/media?parent=23069"}],"wp:term":[{"taxonomy":"category","embeddable":true,"href":"https:\/\/www.notibras.com\/site\/wp-json\/wp\/v2\/categories?post=23069"},{"taxonomy":"post_tag","embeddable":true,"href":"https:\/\/www.notibras.com\/site\/wp-json\/wp\/v2\/tags?post=23069"}],"curies":[{"name":"wp","href":"https:\/\/api.w.org\/{rel}","templated":true}]}}