{"id":23072,"date":"2014-09-25T13:05:44","date_gmt":"2014-09-25T16:05:44","guid":{"rendered":"http:\/\/www.notibras.com\/site\/?p=23072"},"modified":"2014-09-25T13:05:44","modified_gmt":"2014-09-25T16:05:44","slug":"esta-chegando-a-hora-o-que-vai-sair-das-urnas-em-outubro","status":"publish","type":"post","link":"https:\/\/www.notibras.com\/site\/esta-chegando-a-hora-o-que-vai-sair-das-urnas-em-outubro\/","title":{"rendered":"Est\u00e1 chegando a hora. O que vai sair das urnas em outubro?"},"content":{"rendered":"<p>S\u00f3 resta a pr\u00f3xima semana para as elei\u00e7\u00f5es de 5 de outubro. Os candidatos poder\u00e3o fazer campanha para busca de votos at\u00e9 \u00e0s 22 horas do pr\u00f3ximo s\u00e1bado (4), v\u00e9spera da vota\u00e7\u00e3o. \u00c9 nesta reta final, como manda a tradi\u00e7\u00e3o brasileira,\u00a0 que a grande maioria de eleitores decide em quais candidatos vai votar, principalmente em rela\u00e7\u00e3o aos candidatos ao Poder Legislativo.<\/p>\n<p>Pelas pesquisas eleitorais, tem-se como certa a realiza\u00e7\u00e3o do segundo turno \u2013 j\u00e1 marcado para 26 de outubro \u2013 para a escolha do presidente que vai comandar o Brasil nos pr\u00f3ximos quatro anos, a partir de 1\u00b0 de janeiro de 2015. O mesmo acontecer\u00e1 com as elei\u00e7\u00f5es de governadores. A indefini\u00e7\u00e3o no primeiro turno se nota tamb\u00e9m na maioria dos 27 estados federativos. Talvez, uma das exce\u00e7\u00f5es poder\u00e1 ocorrer em S\u00e3o Paulo, com a reelei\u00e7\u00e3o do governador Alckmin acontecendo j\u00e1 no dia 5 de outubro.<\/p>\n<p><strong>DILMA E MARINA NO SEGUNDO TURNO<\/strong><\/p>\n<p>No primeiro turno as pesquisas indicam a vit\u00f3ria da presidente Dilma Rousseff (PT), com um percentual pequeno \u00e0 frente de Marina Silva (PSB), ficando em terceiro lugar o senador A\u00e9cio Neves (PSDB), portanto, fora da corrida eleitoral do segundo turno. Bem que ele tentou, de forma at\u00e9 desesperadora, aumentar seu contingente de votos nesses \u00faltimos 15 dias, mas em v\u00e3o.<\/p>\n<p>No segundo turno, com A\u00e9cio descartado, a tend\u00eancia\u00a0 \u00e9 que a grande maioria dos votos dos tucanos se desloque para a candidata Marina Silva. Historicamente, eleitores do PSDB s\u00e3o anti \u2013PT, tucanos querem ver de longe os petistas, e vice-versa.<\/p>\n<p>Ai ent\u00e3o a ex-senadora do Acre ganharia a condi\u00e7\u00e3o de favorita para vencer o segundo turno. As pesquisas de hoje apontam um empate entre as duas candidatas. Como a campanha do segundo turno ter\u00e1 uma dura\u00e7\u00e3o de 20 dias, muita \u00e1gua vai correr debaixo da ponte. Marina Silva contar\u00e1 com um ponto\u00a0 importante: ter\u00e1 na televis\u00e3o e no r\u00e1dio o mesmo tempo disponibilizado para a candidata Dilma Rousseff. No primeiro turno, isso n\u00e3o est\u00e1 acontecendo. O que estamos vendo \u00e9 um massacre: Dilma com 11 minutos, contra 2 minutos de Marina. Dilma tem contra um eleitorado que anseia por mudan\u00e7as, e o pais passa por grave crise econ\u00f4mica, com infla\u00e7\u00e3o em alta, PIB estagnado, endividamento cresce e baixa credibilidade.<\/p>\n<p><strong>ACABARIA O CICLO DO PT<\/strong><\/p>\n<p>Se confirmada a elei\u00e7\u00e3o de Marina, o ciclo do PT no poder (12 anos) chegaria ao fim. O mesmo aconteceu anteriormente com o PSDB, que governou com FHC o Brasil por oito anos.<\/p>\n<p>Com a ascens\u00e3o de Marina\u00a0 se abriria um novo cen\u00e1rio pol\u00edtico em nosso pa\u00eds. O que nele acontecer\u00e1 \u00e9 uma inc\u00f3gnita.<\/p>\n<p>Vai depender muito de como Marina vai compor o seu governo e como vai se relacionar com o novo Congresso Nacional. Ela vai ter que montar uma competente engenharia pol\u00edtica, j\u00e1 que n\u00e3o chegam a cem os parlamentares que ser\u00e3o eleitos e que a apoiaram na campanha eleitoral. O Congresso vai continuar nas m\u00e3os do PMDB, do PT\u00a0 e PSDB, todos eles derrotados na corrida presidencial.<\/p>\n<p>Se a presidente Dilma conseguir virar o humor dos eleitores na campanha do segundo turno, ela poder\u00e1 ser reeleita. Ent\u00e3o o Brasil passar\u00e1 a viver um outro cen\u00e1rio, mergulhado numa grave crise econ\u00f4mica que tem ela como a \u00fanica respons\u00e1vel, por conta da forma incompetente\u00a0 como geriu a nossa economia nos seus quatro anos de governo. Ela vai encontrar um outro Congresso, que talvez se curve menos. As pesquisas revelam que vir\u00e3o parlamentares com disposi\u00e7\u00e3o de serem mais altivos, menos capachos. Isso imporia \u00e0 Dilma uma nova forma de fazer pol\u00edtica, de se relacionar com os pol\u00edticos.<\/p>\n<p><strong>UM FUTURO COM ALTERNATIVAS<\/strong><\/p>\n<p>Marina Silva anunciou que, se eleita, n\u00e3o vai postular sua reelei\u00e7\u00e3o em 2018. E que vai governar com os melhores e mais competentes, mas sem a media\u00e7\u00e3o das lideran\u00e7as dos partidos. Ela vai tentar sepultar o modelo da pol\u00edtica do \u201c toma l\u00e1, da ca\u201d, muito usado no Brasil nos \u00faltimos tempos. Fala-se, por exemplo, que Jos\u00e9 Serra seria convidado para comandar a Minist\u00e9rio da Sa\u00fade, o que ele fez com brilho no governo FHC. O Minist\u00e9rio da Justi\u00e7a poder\u00e1 ser entregue ao ex-presidente do Supremo Tribunal Federal, Joaquim Barbosa, que ficou famoso pelo pais afora pela sua atua\u00e7\u00e3o como relator do processo do mensal\u00e3o do PT, e que acabou levando 19 r\u00e9us para a cadeia .\u00a0 Outro nome lembrado \u00e9 o senador petista Eduardo Suplicy, que comandaria um minist\u00e9rio da \u00e1rea social.<\/p>\n<p>\u201cVamos colocar nossas propostas de governo para o PMDB, PSDB e outras legendas. N\u00e3o acreditamos que esses partidos iriam para uma oposi\u00e7\u00e3o raivosa, onde certamente o PT vai estar\u201d &#8211; declarou Jo\u00e3o Paulo Copabianco, um dos principais interlocutores de Marina Silva. Com Marina fora da futura disputa presidencial, ficaria aberto caminho para os partidos come\u00e7arem j\u00e1 a elabora\u00e7\u00e3o\u00a0 de suas estrat\u00e9gias com vistas a corrida de 2018. No PT, o candidato preferencial ser\u00e1 o ex-presidente Lula; s\u00f3 n\u00e3o ser\u00e1 ele caso sua sa\u00fade n\u00e3o permitir. No PSDB o candidato natural seria o senador A\u00e9cio Neves. Mas ele ter\u00e1 pela frente o governador Geraldo Alckmin, que ficar\u00e1 no governo de S\u00e3o Paulo por mais quatro anos, e que n\u00e3o abriria m\u00e3o de se candidatar ao Pal\u00e1cio do Planalto\u00a0 pela segunda vez.<\/p>\n<p>O PMDB j\u00e1 anunciou que pretende tamb\u00e9m\u00a0 disputar a Presid\u00eancia da Rep\u00fablica daqui quatro anos com candidato da suas pr\u00f3prias fileiras. A estrat\u00e9gia para tal ser\u00e1 estudada logo ap\u00f3s a posse da presidente eleita e da instala\u00e7\u00e3o do novo Congresso Nacional, em uma Conven\u00e7\u00e3o Nacional.<\/p>\n<p>Esse cen\u00e1rio exposto poder\u00e1, por\u00e9m, sofrer uma reviravolta. \u00c9 que tanto Marina como Dilma revelaram que enviar\u00e3o para os deputados e senadores uma proposta de ampla reforma pol\u00edtica. Com o sentimento de mudan\u00e7as que predomina nas elei\u00e7\u00f5es do pr\u00f3ximo domingo, \u00e9 bem prov\u00e1vel que ser\u00e3o alteradas as regras pol\u00edtico -eleitorais, de forma que seria reduzido o n\u00famero de partidos. Hoje s\u00e3o 32 registrados na Justi\u00e7a Eleitoral. Poder\u00e1 surgir o agrupamento de novas for\u00e7as pol\u00edticas, com reflexos no PMDB, PT e PSDB, hoje as maiores legendas do pa\u00eds, mas que sofrem muitas disc\u00f3rdias internamente.\u00a0 Portanto, depois das elei\u00e7\u00f5es v\u00e3o estar abertas possibilidades para que muitas mudan\u00e7as ocorram, como tamb\u00e9m nada poder\u00e1 acontecer, j\u00e1 que a t\u00e3o sonhada reforma pol\u00edtica \u00e9 prometida h\u00e1 mais de duas d\u00e9cadas.<\/p>\n<p><strong>Cl\u00e1udio Coletti\u00a0<\/strong><\/p>\n","protected":false},"excerpt":{"rendered":"<p>S\u00f3 resta a pr\u00f3xima semana para as elei\u00e7\u00f5es de 5 de outubro. Os candidatos poder\u00e3o fazer campanha para busca de votos at\u00e9 \u00e0s 22 horas do pr\u00f3ximo s\u00e1bado (4), v\u00e9spera da vota\u00e7\u00e3o. \u00c9 nesta reta final, como manda a tradi\u00e7\u00e3o brasileira,\u00a0 que a grande maioria de eleitores decide em quais candidatos vai votar, principalmente em [&hellip;]<\/p>\n","protected":false},"author":2,"featured_media":23073,"comment_status":"open","ping_status":"closed","sticky":false,"template":"","format":"standard","meta":{"_acf_changed":false,"footnotes":""},"categories":[25],"tags":[],"class_list":["post-23072","post","type-post","status-publish","format-standard","has-post-thumbnail","hentry","category-opina-ai"],"acf":[],"yoast_head":"<!-- This site is optimized with the Yoast SEO plugin v27.5 - https:\/\/yoast.com\/product\/yoast-seo-wordpress\/ -->\n<title>Est\u00e1 chegando a hora. O que vai sair das urnas em outubro? - Notibras<\/title>\n<meta name=\"robots\" content=\"index, follow, max-snippet:-1, max-image-preview:large, max-video-preview:-1\" \/>\n<link rel=\"canonical\" href=\"https:\/\/www.notibras.com\/site\/esta-chegando-a-hora-o-que-vai-sair-das-urnas-em-outubro\/\" \/>\n<meta property=\"og:locale\" content=\"pt_BR\" \/>\n<meta property=\"og:type\" content=\"article\" \/>\n<meta property=\"og:title\" content=\"Est\u00e1 chegando a hora. O que vai sair das urnas em outubro? - Notibras\" \/>\n<meta property=\"og:description\" content=\"S\u00f3 resta a pr\u00f3xima semana para as elei\u00e7\u00f5es de 5 de outubro. Os candidatos poder\u00e3o fazer campanha para busca de votos at\u00e9 \u00e0s 22 horas do pr\u00f3ximo s\u00e1bado (4), v\u00e9spera da vota\u00e7\u00e3o. \u00c9 nesta reta final, como manda a tradi\u00e7\u00e3o brasileira,\u00a0 que a grande maioria de eleitores decide em quais candidatos vai votar, principalmente em [&hellip;]\" \/>\n<meta property=\"og:url\" content=\"https:\/\/www.notibras.com\/site\/esta-chegando-a-hora-o-que-vai-sair-das-urnas-em-outubro\/\" \/>\n<meta property=\"og:site_name\" content=\"Notibras\" \/>\n<meta property=\"article:publisher\" content=\"https:\/\/www.facebook.com\/notibras\/\" \/>\n<meta property=\"article:published_time\" content=\"2014-09-25T16:05:44+00:00\" \/>\n<meta property=\"og:image\" content=\"https:\/\/www.notibras.com\/site\/wp-content\/uploads\/2014\/09\/investimentos-na-bolsa-e-eleicoes-2014.jpg\" \/>\n\t<meta property=\"og:image:width\" content=\"400\" \/>\n\t<meta property=\"og:image:height\" content=\"300\" \/>\n\t<meta property=\"og:image:type\" content=\"image\/jpeg\" \/>\n<meta name=\"author\" content=\"Reda\u00e7\u00e3o\" \/>\n<meta name=\"twitter:card\" content=\"summary_large_image\" \/>\n<meta name=\"twitter:creator\" content=\"@Notibras\" \/>\n<meta name=\"twitter:site\" content=\"@Notibras\" \/>\n<meta name=\"twitter:label1\" content=\"Escrito por\" \/>\n\t<meta name=\"twitter:data1\" content=\"Reda\u00e7\u00e3o\" \/>\n\t<meta name=\"twitter:label2\" content=\"Est. tempo de leitura\" \/>\n\t<meta name=\"twitter:data2\" content=\"6 minutos\" \/>\n<script type=\"application\/ld+json\" class=\"yoast-schema-graph\">{\"@context\":\"https:\\\/\\\/schema.org\",\"@graph\":[{\"@type\":\"Article\",\"@id\":\"https:\\\/\\\/www.notibras.com\\\/site\\\/esta-chegando-a-hora-o-que-vai-sair-das-urnas-em-outubro\\\/#article\",\"isPartOf\":{\"@id\":\"https:\\\/\\\/www.notibras.com\\\/site\\\/esta-chegando-a-hora-o-que-vai-sair-das-urnas-em-outubro\\\/\"},\"author\":{\"name\":\"Reda\u00e7\u00e3o\",\"@id\":\"https:\\\/\\\/www.notibras.com\\\/site\\\/#\\\/schema\\\/person\\\/36ab0979449956132d3e5b517ea76ac8\"},\"headline\":\"Est\u00e1 chegando a hora. O que vai sair das urnas em outubro?\",\"datePublished\":\"2014-09-25T16:05:44+00:00\",\"mainEntityOfPage\":{\"@id\":\"https:\\\/\\\/www.notibras.com\\\/site\\\/esta-chegando-a-hora-o-que-vai-sair-das-urnas-em-outubro\\\/\"},\"wordCount\":1123,\"commentCount\":0,\"publisher\":{\"@id\":\"https:\\\/\\\/www.notibras.com\\\/site\\\/#organization\"},\"image\":{\"@id\":\"https:\\\/\\\/www.notibras.com\\\/site\\\/esta-chegando-a-hora-o-que-vai-sair-das-urnas-em-outubro\\\/#primaryimage\"},\"thumbnailUrl\":\"https:\\\/\\\/www.notibras.com\\\/site\\\/wp-content\\\/uploads\\\/2014\\\/09\\\/investimentos-na-bolsa-e-eleicoes-2014.jpg\",\"articleSection\":[\"Opina a\u00ed\"],\"inLanguage\":\"pt-BR\",\"potentialAction\":[{\"@type\":\"CommentAction\",\"name\":\"Comment\",\"target\":[\"https:\\\/\\\/www.notibras.com\\\/site\\\/esta-chegando-a-hora-o-que-vai-sair-das-urnas-em-outubro\\\/#respond\"]}]},{\"@type\":\"WebPage\",\"@id\":\"https:\\\/\\\/www.notibras.com\\\/site\\\/esta-chegando-a-hora-o-que-vai-sair-das-urnas-em-outubro\\\/\",\"url\":\"https:\\\/\\\/www.notibras.com\\\/site\\\/esta-chegando-a-hora-o-que-vai-sair-das-urnas-em-outubro\\\/\",\"name\":\"Est\u00e1 chegando a hora. O que vai sair das urnas em outubro? - Notibras\",\"isPartOf\":{\"@id\":\"https:\\\/\\\/www.notibras.com\\\/site\\\/#website\"},\"primaryImageOfPage\":{\"@id\":\"https:\\\/\\\/www.notibras.com\\\/site\\\/esta-chegando-a-hora-o-que-vai-sair-das-urnas-em-outubro\\\/#primaryimage\"},\"image\":{\"@id\":\"https:\\\/\\\/www.notibras.com\\\/site\\\/esta-chegando-a-hora-o-que-vai-sair-das-urnas-em-outubro\\\/#primaryimage\"},\"thumbnailUrl\":\"https:\\\/\\\/www.notibras.com\\\/site\\\/wp-content\\\/uploads\\\/2014\\\/09\\\/investimentos-na-bolsa-e-eleicoes-2014.jpg\",\"datePublished\":\"2014-09-25T16:05:44+00:00\",\"breadcrumb\":{\"@id\":\"https:\\\/\\\/www.notibras.com\\\/site\\\/esta-chegando-a-hora-o-que-vai-sair-das-urnas-em-outubro\\\/#breadcrumb\"},\"inLanguage\":\"pt-BR\",\"potentialAction\":[{\"@type\":\"ReadAction\",\"target\":[\"https:\\\/\\\/www.notibras.com\\\/site\\\/esta-chegando-a-hora-o-que-vai-sair-das-urnas-em-outubro\\\/\"]}]},{\"@type\":\"ImageObject\",\"inLanguage\":\"pt-BR\",\"@id\":\"https:\\\/\\\/www.notibras.com\\\/site\\\/esta-chegando-a-hora-o-que-vai-sair-das-urnas-em-outubro\\\/#primaryimage\",\"url\":\"https:\\\/\\\/www.notibras.com\\\/site\\\/wp-content\\\/uploads\\\/2014\\\/09\\\/investimentos-na-bolsa-e-eleicoes-2014.jpg\",\"contentUrl\":\"https:\\\/\\\/www.notibras.com\\\/site\\\/wp-content\\\/uploads\\\/2014\\\/09\\\/investimentos-na-bolsa-e-eleicoes-2014.jpg\",\"width\":400,\"height\":300},{\"@type\":\"BreadcrumbList\",\"@id\":\"https:\\\/\\\/www.notibras.com\\\/site\\\/esta-chegando-a-hora-o-que-vai-sair-das-urnas-em-outubro\\\/#breadcrumb\",\"itemListElement\":[{\"@type\":\"ListItem\",\"position\":1,\"name\":\"In\u00edcio\",\"item\":\"https:\\\/\\\/www.notibras.com\\\/site\\\/\"},{\"@type\":\"ListItem\",\"position\":2,\"name\":\"Est\u00e1 chegando a hora. O que vai sair das urnas em outubro?\"}]},{\"@type\":\"WebSite\",\"@id\":\"https:\\\/\\\/www.notibras.com\\\/site\\\/#website\",\"url\":\"https:\\\/\\\/www.notibras.com\\\/site\\\/\",\"name\":\"Notibras\",\"description\":\"Not\u00edcias de Bras\u00edlia, do Brasil e do Mundo\",\"publisher\":{\"@id\":\"https:\\\/\\\/www.notibras.com\\\/site\\\/#organization\"},\"potentialAction\":[{\"@type\":\"SearchAction\",\"target\":{\"@type\":\"EntryPoint\",\"urlTemplate\":\"https:\\\/\\\/www.notibras.com\\\/site\\\/?s={search_term_string}\"},\"query-input\":{\"@type\":\"PropertyValueSpecification\",\"valueRequired\":true,\"valueName\":\"search_term_string\"}}],\"inLanguage\":\"pt-BR\"},{\"@type\":\"Organization\",\"@id\":\"https:\\\/\\\/www.notibras.com\\\/site\\\/#organization\",\"name\":\"Grupo Notibras de Comunica\u00e7\u00e3o\",\"url\":\"https:\\\/\\\/www.notibras.com\\\/site\\\/\",\"logo\":{\"@type\":\"ImageObject\",\"inLanguage\":\"pt-BR\",\"@id\":\"https:\\\/\\\/www.notibras.com\\\/site\\\/#\\\/schema\\\/logo\\\/image\\\/\",\"url\":\"https:\\\/\\\/www.notibras.com\\\/site\\\/wp-content\\\/uploads\\\/2023\\\/01\\\/notibras23.png\",\"contentUrl\":\"https:\\\/\\\/www.notibras.com\\\/site\\\/wp-content\\\/uploads\\\/2023\\\/01\\\/notibras23.png\",\"width\":350,\"height\":87,\"caption\":\"Grupo Notibras de Comunica\u00e7\u00e3o\"},\"image\":{\"@id\":\"https:\\\/\\\/www.notibras.com\\\/site\\\/#\\\/schema\\\/logo\\\/image\\\/\"},\"sameAs\":[\"https:\\\/\\\/www.facebook.com\\\/notibras\\\/\",\"https:\\\/\\\/x.com\\\/Notibras\",\"https:\\\/\\\/www.instagram.com\\\/notibras\\\/\"]},{\"@type\":\"Person\",\"@id\":\"https:\\\/\\\/www.notibras.com\\\/site\\\/#\\\/schema\\\/person\\\/36ab0979449956132d3e5b517ea76ac8\",\"name\":\"Reda\u00e7\u00e3o\",\"image\":{\"@type\":\"ImageObject\",\"inLanguage\":\"pt-BR\",\"@id\":\"https:\\\/\\\/secure.gravatar.com\\\/avatar\\\/e0a867bdedb85fd243eadf09663511f96fc81e0720a4a42581f334ad4303aa6b?s=96&d=mm&r=g\",\"url\":\"https:\\\/\\\/secure.gravatar.com\\\/avatar\\\/e0a867bdedb85fd243eadf09663511f96fc81e0720a4a42581f334ad4303aa6b?s=96&d=mm&r=g\",\"contentUrl\":\"https:\\\/\\\/secure.gravatar.com\\\/avatar\\\/e0a867bdedb85fd243eadf09663511f96fc81e0720a4a42581f334ad4303aa6b?s=96&d=mm&r=g\",\"caption\":\"Reda\u00e7\u00e3o\"}}]}<\/script>\n<!-- \/ Yoast SEO plugin. -->","yoast_head_json":{"title":"Est\u00e1 chegando a hora. O que vai sair das urnas em outubro? - Notibras","robots":{"index":"index","follow":"follow","max-snippet":"max-snippet:-1","max-image-preview":"max-image-preview:large","max-video-preview":"max-video-preview:-1"},"canonical":"https:\/\/www.notibras.com\/site\/esta-chegando-a-hora-o-que-vai-sair-das-urnas-em-outubro\/","og_locale":"pt_BR","og_type":"article","og_title":"Est\u00e1 chegando a hora. O que vai sair das urnas em outubro? - Notibras","og_description":"S\u00f3 resta a pr\u00f3xima semana para as elei\u00e7\u00f5es de 5 de outubro. Os candidatos poder\u00e3o fazer campanha para busca de votos at\u00e9 \u00e0s 22 horas do pr\u00f3ximo s\u00e1bado (4), v\u00e9spera da vota\u00e7\u00e3o. \u00c9 nesta reta final, como manda a tradi\u00e7\u00e3o brasileira,\u00a0 que a grande maioria de eleitores decide em quais candidatos vai votar, principalmente em [&hellip;]","og_url":"https:\/\/www.notibras.com\/site\/esta-chegando-a-hora-o-que-vai-sair-das-urnas-em-outubro\/","og_site_name":"Notibras","article_publisher":"https:\/\/www.facebook.com\/notibras\/","article_published_time":"2014-09-25T16:05:44+00:00","og_image":[{"width":400,"height":300,"url":"https:\/\/www.notibras.com\/site\/wp-content\/uploads\/2014\/09\/investimentos-na-bolsa-e-eleicoes-2014.jpg","type":"image\/jpeg"}],"author":"Reda\u00e7\u00e3o","twitter_card":"summary_large_image","twitter_creator":"@Notibras","twitter_site":"@Notibras","twitter_misc":{"Escrito por":"Reda\u00e7\u00e3o","Est. tempo de leitura":"6 minutos"},"schema":{"@context":"https:\/\/schema.org","@graph":[{"@type":"Article","@id":"https:\/\/www.notibras.com\/site\/esta-chegando-a-hora-o-que-vai-sair-das-urnas-em-outubro\/#article","isPartOf":{"@id":"https:\/\/www.notibras.com\/site\/esta-chegando-a-hora-o-que-vai-sair-das-urnas-em-outubro\/"},"author":{"name":"Reda\u00e7\u00e3o","@id":"https:\/\/www.notibras.com\/site\/#\/schema\/person\/36ab0979449956132d3e5b517ea76ac8"},"headline":"Est\u00e1 chegando a hora. O que vai sair das urnas em outubro?","datePublished":"2014-09-25T16:05:44+00:00","mainEntityOfPage":{"@id":"https:\/\/www.notibras.com\/site\/esta-chegando-a-hora-o-que-vai-sair-das-urnas-em-outubro\/"},"wordCount":1123,"commentCount":0,"publisher":{"@id":"https:\/\/www.notibras.com\/site\/#organization"},"image":{"@id":"https:\/\/www.notibras.com\/site\/esta-chegando-a-hora-o-que-vai-sair-das-urnas-em-outubro\/#primaryimage"},"thumbnailUrl":"https:\/\/www.notibras.com\/site\/wp-content\/uploads\/2014\/09\/investimentos-na-bolsa-e-eleicoes-2014.jpg","articleSection":["Opina a\u00ed"],"inLanguage":"pt-BR","potentialAction":[{"@type":"CommentAction","name":"Comment","target":["https:\/\/www.notibras.com\/site\/esta-chegando-a-hora-o-que-vai-sair-das-urnas-em-outubro\/#respond"]}]},{"@type":"WebPage","@id":"https:\/\/www.notibras.com\/site\/esta-chegando-a-hora-o-que-vai-sair-das-urnas-em-outubro\/","url":"https:\/\/www.notibras.com\/site\/esta-chegando-a-hora-o-que-vai-sair-das-urnas-em-outubro\/","name":"Est\u00e1 chegando a hora. O que vai sair das urnas em outubro? - Notibras","isPartOf":{"@id":"https:\/\/www.notibras.com\/site\/#website"},"primaryImageOfPage":{"@id":"https:\/\/www.notibras.com\/site\/esta-chegando-a-hora-o-que-vai-sair-das-urnas-em-outubro\/#primaryimage"},"image":{"@id":"https:\/\/www.notibras.com\/site\/esta-chegando-a-hora-o-que-vai-sair-das-urnas-em-outubro\/#primaryimage"},"thumbnailUrl":"https:\/\/www.notibras.com\/site\/wp-content\/uploads\/2014\/09\/investimentos-na-bolsa-e-eleicoes-2014.jpg","datePublished":"2014-09-25T16:05:44+00:00","breadcrumb":{"@id":"https:\/\/www.notibras.com\/site\/esta-chegando-a-hora-o-que-vai-sair-das-urnas-em-outubro\/#breadcrumb"},"inLanguage":"pt-BR","potentialAction":[{"@type":"ReadAction","target":["https:\/\/www.notibras.com\/site\/esta-chegando-a-hora-o-que-vai-sair-das-urnas-em-outubro\/"]}]},{"@type":"ImageObject","inLanguage":"pt-BR","@id":"https:\/\/www.notibras.com\/site\/esta-chegando-a-hora-o-que-vai-sair-das-urnas-em-outubro\/#primaryimage","url":"https:\/\/www.notibras.com\/site\/wp-content\/uploads\/2014\/09\/investimentos-na-bolsa-e-eleicoes-2014.jpg","contentUrl":"https:\/\/www.notibras.com\/site\/wp-content\/uploads\/2014\/09\/investimentos-na-bolsa-e-eleicoes-2014.jpg","width":400,"height":300},{"@type":"BreadcrumbList","@id":"https:\/\/www.notibras.com\/site\/esta-chegando-a-hora-o-que-vai-sair-das-urnas-em-outubro\/#breadcrumb","itemListElement":[{"@type":"ListItem","position":1,"name":"In\u00edcio","item":"https:\/\/www.notibras.com\/site\/"},{"@type":"ListItem","position":2,"name":"Est\u00e1 chegando a hora. O que vai sair das urnas em outubro?"}]},{"@type":"WebSite","@id":"https:\/\/www.notibras.com\/site\/#website","url":"https:\/\/www.notibras.com\/site\/","name":"Notibras","description":"Not\u00edcias de Bras\u00edlia, do Brasil e do Mundo","publisher":{"@id":"https:\/\/www.notibras.com\/site\/#organization"},"potentialAction":[{"@type":"SearchAction","target":{"@type":"EntryPoint","urlTemplate":"https:\/\/www.notibras.com\/site\/?s={search_term_string}"},"query-input":{"@type":"PropertyValueSpecification","valueRequired":true,"valueName":"search_term_string"}}],"inLanguage":"pt-BR"},{"@type":"Organization","@id":"https:\/\/www.notibras.com\/site\/#organization","name":"Grupo Notibras de Comunica\u00e7\u00e3o","url":"https:\/\/www.notibras.com\/site\/","logo":{"@type":"ImageObject","inLanguage":"pt-BR","@id":"https:\/\/www.notibras.com\/site\/#\/schema\/logo\/image\/","url":"https:\/\/www.notibras.com\/site\/wp-content\/uploads\/2023\/01\/notibras23.png","contentUrl":"https:\/\/www.notibras.com\/site\/wp-content\/uploads\/2023\/01\/notibras23.png","width":350,"height":87,"caption":"Grupo Notibras de Comunica\u00e7\u00e3o"},"image":{"@id":"https:\/\/www.notibras.com\/site\/#\/schema\/logo\/image\/"},"sameAs":["https:\/\/www.facebook.com\/notibras\/","https:\/\/x.com\/Notibras","https:\/\/www.instagram.com\/notibras\/"]},{"@type":"Person","@id":"https:\/\/www.notibras.com\/site\/#\/schema\/person\/36ab0979449956132d3e5b517ea76ac8","name":"Reda\u00e7\u00e3o","image":{"@type":"ImageObject","inLanguage":"pt-BR","@id":"https:\/\/secure.gravatar.com\/avatar\/e0a867bdedb85fd243eadf09663511f96fc81e0720a4a42581f334ad4303aa6b?s=96&d=mm&r=g","url":"https:\/\/secure.gravatar.com\/avatar\/e0a867bdedb85fd243eadf09663511f96fc81e0720a4a42581f334ad4303aa6b?s=96&d=mm&r=g","contentUrl":"https:\/\/secure.gravatar.com\/avatar\/e0a867bdedb85fd243eadf09663511f96fc81e0720a4a42581f334ad4303aa6b?s=96&d=mm&r=g","caption":"Reda\u00e7\u00e3o"}}]}},"amp_enabled":true,"_links":{"self":[{"href":"https:\/\/www.notibras.com\/site\/wp-json\/wp\/v2\/posts\/23072","targetHints":{"allow":["GET"]}}],"collection":[{"href":"https:\/\/www.notibras.com\/site\/wp-json\/wp\/v2\/posts"}],"about":[{"href":"https:\/\/www.notibras.com\/site\/wp-json\/wp\/v2\/types\/post"}],"author":[{"embeddable":true,"href":"https:\/\/www.notibras.com\/site\/wp-json\/wp\/v2\/users\/2"}],"replies":[{"embeddable":true,"href":"https:\/\/www.notibras.com\/site\/wp-json\/wp\/v2\/comments?post=23072"}],"version-history":[{"count":0,"href":"https:\/\/www.notibras.com\/site\/wp-json\/wp\/v2\/posts\/23072\/revisions"}],"wp:featuredmedia":[{"embeddable":true,"href":"https:\/\/www.notibras.com\/site\/wp-json\/wp\/v2\/media\/23073"}],"wp:attachment":[{"href":"https:\/\/www.notibras.com\/site\/wp-json\/wp\/v2\/media?parent=23072"}],"wp:term":[{"taxonomy":"category","embeddable":true,"href":"https:\/\/www.notibras.com\/site\/wp-json\/wp\/v2\/categories?post=23072"},{"taxonomy":"post_tag","embeddable":true,"href":"https:\/\/www.notibras.com\/site\/wp-json\/wp\/v2\/tags?post=23072"}],"curies":[{"name":"wp","href":"https:\/\/api.w.org\/{rel}","templated":true}]}}