{"id":2309,"date":"2014-02-20T10:58:34","date_gmt":"2014-02-20T13:58:34","guid":{"rendered":"http:\/\/www.notibras.com\/site\/?p=2309"},"modified":"2014-02-20T14:59:18","modified_gmt":"2014-02-20T17:59:18","slug":"financiamento-de-veiculos-registra-queda-de","status":"publish","type":"post","link":"https:\/\/www.notibras.com\/site\/financiamento-de-veiculos-registra-queda-de\/","title":{"rendered":"Financiamento de ve\u00edculos registra queda de 5,6%"},"content":{"rendered":"<p>O saldo dos financiamentos de ve\u00edculos no pa\u00eds no ano passado ficou em R$ 228,6 bilh\u00f5es,\u00a0 queda de 5,6% na compara\u00e7\u00e3o com o ano anterior, quando o montante havia sido R$ 242,2 bilh\u00f5es. \u00c9 o segundo ano consecutivo de redu\u00e7\u00e3o no saldo de financiamentos. Em 2011 o somat\u00f3rio das carteiras chegou a R$ 244,9 bilh\u00f5es. Os dados foram divulgados hoje (20) pela Associa\u00e7\u00e3o Nacional das Empresas Financeiras das Montadoras (Anef).<\/p>\n<p>De acordo com o presidente da entidade, D\u00e9cio Carbonari, a redu\u00e7\u00e3o em termos de valores se deve ao aumento das campanhas subsidiadas, que oferecem taxa zero, valor de entrada mais elevado e prazos mais curtos para o pagamento. &#8220;As promo\u00e7\u00f5es de taxa zero diminuem o valor m\u00e9dio dos financiamentos&#8221;, disse.<\/p>\n<p>Em termos de performance dos financiamentos, por sua vez, houve melhora, j\u00e1 que as vendas \u00e0 vista ca\u00edram de 39% em 2012 para 37% no ano passado. Outro fator positivo para o setor \u00e9 a manuten\u00e7\u00e3o da queda da inadimpl\u00eancia. Na modalidade Cr\u00e9dito Direto ao Consumidor (CDC) para pessoa f\u00edsica, em 2013, o \u00edndice foi 5,2%, redu\u00e7\u00e3o de 1,2 ponto percentual na compara\u00e7\u00e3o com 2012, considerando a inadimpl\u00eancia por mais de 90 dias. &#8220;A inadimpl\u00eancia vem caindo h\u00e1 dois anos e segue essa tend\u00eancia&#8221;, destacou o presidente da Anef.<\/p>\n<p>O acumulado de valores liberado para as modalidades de CDC e leasing somou R$ 117,5 bilh\u00f5es, queda de 1% em rela\u00e7\u00e3o a 2012. Entre os contratos firmados em 2013, a m\u00e9dia de prazos para pagamentos foi 42 meses, sendo que os planos m\u00e1ximos oferecidos foram 60 meses. Em 2012, a m\u00e9dia havia sido 43 meses.<\/p>\n<p>Diante de um cen\u00e1rio de inc\u00f3gnita na economia, como definiu Carbonari, a proje\u00e7\u00e3o para este ano \u00e9 que seja mantido o valor alcan\u00e7ado em 2013, de R$ 228,6 bilh\u00f5es. O valor liberado tamb\u00e9m deve ser o mesmo em 2014, de R$ 117,5 bilh\u00f5es. &#8220;N\u00e3o come\u00e7amos este ano com confian\u00e7a, acreditando num crescimento expressivo&#8221;, disse Carbonari.<\/p>\n<p>A Anef representa 15 marcas dos segmentos de autom\u00f3veis, \u00f4nibus, caminh\u00f5es e motocicletas.<\/p>\n<p><strong>Fernanda Cruz, ABr<\/strong><\/p>\n","protected":false},"excerpt":{"rendered":"<p>O saldo dos financiamentos de ve\u00edculos no pa\u00eds no ano passado ficou em R$ 228,6 bilh\u00f5es,\u00a0 queda de 5,6% na compara\u00e7\u00e3o com o ano anterior, quando o montante havia sido R$ 242,2 bilh\u00f5es. \u00c9 o segundo ano consecutivo de redu\u00e7\u00e3o no saldo de financiamentos. Em 2011 o somat\u00f3rio das carteiras chegou a R$ 244,9 bilh\u00f5es. [&hellip;]<\/p>\n","protected":false},"author":2,"featured_media":2310,"comment_status":"open","ping_status":"closed","sticky":false,"template":"","format":"standard","meta":{"_acf_changed":false,"footnotes":""},"categories":[16],"tags":[],"class_list":["post-2309","post","type-post","status-publish","format-standard","has-post-thumbnail","hentry","category-brasil"],"acf":[],"yoast_head":"<!-- This site is optimized with the Yoast SEO plugin v27.2 - https:\/\/yoast.com\/product\/yoast-seo-wordpress\/ -->\n<title>Financiamento de ve\u00edculos registra queda de 5,6% - Notibras<\/title>\n<meta name=\"robots\" content=\"index, follow, max-snippet:-1, max-image-preview:large, max-video-preview:-1\" \/>\n<link rel=\"canonical\" href=\"https:\/\/www.notibras.com\/site\/financiamento-de-veiculos-registra-queda-de\/\" \/>\n<meta property=\"og:locale\" content=\"pt_BR\" \/>\n<meta property=\"og:type\" content=\"article\" \/>\n<meta property=\"og:title\" content=\"Financiamento de ve\u00edculos registra queda de 5,6% - Notibras\" \/>\n<meta property=\"og:description\" content=\"O saldo dos financiamentos de ve\u00edculos no pa\u00eds no ano passado ficou em R$ 228,6 bilh\u00f5es,\u00a0 queda de 5,6% na compara\u00e7\u00e3o com o ano anterior, quando o montante havia sido R$ 242,2 bilh\u00f5es. \u00c9 o segundo ano consecutivo de redu\u00e7\u00e3o no saldo de financiamentos. Em 2011 o somat\u00f3rio das carteiras chegou a R$ 244,9 bilh\u00f5es. [&hellip;]\" \/>\n<meta property=\"og:url\" content=\"https:\/\/www.notibras.com\/site\/financiamento-de-veiculos-registra-queda-de\/\" \/>\n<meta property=\"og:site_name\" content=\"Notibras\" \/>\n<meta property=\"article:publisher\" content=\"https:\/\/www.facebook.com\/notibras\/\" \/>\n<meta property=\"article:published_time\" content=\"2014-02-20T13:58:34+00:00\" \/>\n<meta property=\"article:modified_time\" content=\"2014-02-20T17:59:18+00:00\" \/>\n<meta property=\"og:image\" content=\"https:\/\/www.notibras.com\/site\/wp-content\/uploads\/2014\/02\/\u00cdndice3.jpg\" \/>\n\t<meta property=\"og:image:width\" content=\"261\" \/>\n\t<meta property=\"og:image:height\" content=\"193\" \/>\n\t<meta property=\"og:image:type\" content=\"image\/jpeg\" \/>\n<meta name=\"author\" content=\"Reda\u00e7\u00e3o\" \/>\n<meta name=\"twitter:card\" content=\"summary_large_image\" \/>\n<meta name=\"twitter:creator\" content=\"@Notibras\" \/>\n<meta name=\"twitter:site\" content=\"@Notibras\" \/>\n<meta name=\"twitter:label1\" content=\"Escrito por\" \/>\n\t<meta name=\"twitter:data1\" content=\"Reda\u00e7\u00e3o\" \/>\n\t<meta name=\"twitter:label2\" content=\"Est. tempo de leitura\" \/>\n\t<meta name=\"twitter:data2\" content=\"2 minutos\" \/>\n<script type=\"application\/ld+json\" class=\"yoast-schema-graph\">{\"@context\":\"https:\/\/schema.org\",\"@graph\":[{\"@type\":\"Article\",\"@id\":\"https:\/\/www.notibras.com\/site\/financiamento-de-veiculos-registra-queda-de\/#article\",\"isPartOf\":{\"@id\":\"https:\/\/www.notibras.com\/site\/financiamento-de-veiculos-registra-queda-de\/\"},\"author\":{\"name\":\"Reda\u00e7\u00e3o\",\"@id\":\"https:\/\/www.notibras.com\/site\/#\/schema\/person\/36ab0979449956132d3e5b517ea76ac8\"},\"headline\":\"Financiamento de ve\u00edculos registra queda de 5,6%\",\"datePublished\":\"2014-02-20T13:58:34+00:00\",\"dateModified\":\"2014-02-20T17:59:18+00:00\",\"mainEntityOfPage\":{\"@id\":\"https:\/\/www.notibras.com\/site\/financiamento-de-veiculos-registra-queda-de\/\"},\"wordCount\":351,\"commentCount\":0,\"publisher\":{\"@id\":\"https:\/\/www.notibras.com\/site\/#organization\"},\"image\":{\"@id\":\"https:\/\/www.notibras.com\/site\/financiamento-de-veiculos-registra-queda-de\/#primaryimage\"},\"thumbnailUrl\":\"https:\/\/www.notibras.com\/site\/wp-content\/uploads\/2014\/02\/\u00cdndice3.jpg\",\"articleSection\":[\"Brasil\"],\"inLanguage\":\"pt-BR\",\"potentialAction\":[{\"@type\":\"CommentAction\",\"name\":\"Comment\",\"target\":[\"https:\/\/www.notibras.com\/site\/financiamento-de-veiculos-registra-queda-de\/#respond\"]}]},{\"@type\":\"WebPage\",\"@id\":\"https:\/\/www.notibras.com\/site\/financiamento-de-veiculos-registra-queda-de\/\",\"url\":\"https:\/\/www.notibras.com\/site\/financiamento-de-veiculos-registra-queda-de\/\",\"name\":\"Financiamento de ve\u00edculos registra queda de 5,6% - Notibras\",\"isPartOf\":{\"@id\":\"https:\/\/www.notibras.com\/site\/#website\"},\"primaryImageOfPage\":{\"@id\":\"https:\/\/www.notibras.com\/site\/financiamento-de-veiculos-registra-queda-de\/#primaryimage\"},\"image\":{\"@id\":\"https:\/\/www.notibras.com\/site\/financiamento-de-veiculos-registra-queda-de\/#primaryimage\"},\"thumbnailUrl\":\"https:\/\/www.notibras.com\/site\/wp-content\/uploads\/2014\/02\/\u00cdndice3.jpg\",\"datePublished\":\"2014-02-20T13:58:34+00:00\",\"dateModified\":\"2014-02-20T17:59:18+00:00\",\"breadcrumb\":{\"@id\":\"https:\/\/www.notibras.com\/site\/financiamento-de-veiculos-registra-queda-de\/#breadcrumb\"},\"inLanguage\":\"pt-BR\",\"potentialAction\":[{\"@type\":\"ReadAction\",\"target\":[\"https:\/\/www.notibras.com\/site\/financiamento-de-veiculos-registra-queda-de\/\"]}]},{\"@type\":\"ImageObject\",\"inLanguage\":\"pt-BR\",\"@id\":\"https:\/\/www.notibras.com\/site\/financiamento-de-veiculos-registra-queda-de\/#primaryimage\",\"url\":\"https:\/\/www.notibras.com\/site\/wp-content\/uploads\/2014\/02\/\u00cdndice3.jpg\",\"contentUrl\":\"https:\/\/www.notibras.com\/site\/wp-content\/uploads\/2014\/02\/\u00cdndice3.jpg\",\"width\":261,\"height\":193},{\"@type\":\"BreadcrumbList\",\"@id\":\"https:\/\/www.notibras.com\/site\/financiamento-de-veiculos-registra-queda-de\/#breadcrumb\",\"itemListElement\":[{\"@type\":\"ListItem\",\"position\":1,\"name\":\"In\u00edcio\",\"item\":\"https:\/\/www.notibras.com\/site\/\"},{\"@type\":\"ListItem\",\"position\":2,\"name\":\"Financiamento de ve\u00edculos registra queda de 5,6%\"}]},{\"@type\":\"WebSite\",\"@id\":\"https:\/\/www.notibras.com\/site\/#website\",\"url\":\"https:\/\/www.notibras.com\/site\/\",\"name\":\"Notibras\",\"description\":\"Not\u00edcias de Bras\u00edlia, do Brasil e do Mundo\",\"publisher\":{\"@id\":\"https:\/\/www.notibras.com\/site\/#organization\"},\"potentialAction\":[{\"@type\":\"SearchAction\",\"target\":{\"@type\":\"EntryPoint\",\"urlTemplate\":\"https:\/\/www.notibras.com\/site\/?s={search_term_string}\"},\"query-input\":{\"@type\":\"PropertyValueSpecification\",\"valueRequired\":true,\"valueName\":\"search_term_string\"}}],\"inLanguage\":\"pt-BR\"},{\"@type\":\"Organization\",\"@id\":\"https:\/\/www.notibras.com\/site\/#organization\",\"name\":\"Grupo Notibras de Comunica\u00e7\u00e3o\",\"url\":\"https:\/\/www.notibras.com\/site\/\",\"logo\":{\"@type\":\"ImageObject\",\"inLanguage\":\"pt-BR\",\"@id\":\"https:\/\/www.notibras.com\/site\/#\/schema\/logo\/image\/\",\"url\":\"https:\/\/www.notibras.com\/site\/wp-content\/uploads\/2023\/01\/notibras23.png\",\"contentUrl\":\"https:\/\/www.notibras.com\/site\/wp-content\/uploads\/2023\/01\/notibras23.png\",\"width\":350,\"height\":87,\"caption\":\"Grupo Notibras de Comunica\u00e7\u00e3o\"},\"image\":{\"@id\":\"https:\/\/www.notibras.com\/site\/#\/schema\/logo\/image\/\"},\"sameAs\":[\"https:\/\/www.facebook.com\/notibras\/\",\"https:\/\/x.com\/Notibras\",\"https:\/\/www.instagram.com\/notibras\/\"]},{\"@type\":\"Person\",\"@id\":\"https:\/\/www.notibras.com\/site\/#\/schema\/person\/36ab0979449956132d3e5b517ea76ac8\",\"name\":\"Reda\u00e7\u00e3o\",\"image\":{\"@type\":\"ImageObject\",\"inLanguage\":\"pt-BR\",\"@id\":\"https:\/\/secure.gravatar.com\/avatar\/e0a867bdedb85fd243eadf09663511f96fc81e0720a4a42581f334ad4303aa6b?s=96&d=mm&r=g\",\"url\":\"https:\/\/secure.gravatar.com\/avatar\/e0a867bdedb85fd243eadf09663511f96fc81e0720a4a42581f334ad4303aa6b?s=96&d=mm&r=g\",\"contentUrl\":\"https:\/\/secure.gravatar.com\/avatar\/e0a867bdedb85fd243eadf09663511f96fc81e0720a4a42581f334ad4303aa6b?s=96&d=mm&r=g\",\"caption\":\"Reda\u00e7\u00e3o\"}}]}<\/script>\n<!-- \/ Yoast SEO plugin. -->","yoast_head_json":{"title":"Financiamento de ve\u00edculos registra queda de 5,6% - Notibras","robots":{"index":"index","follow":"follow","max-snippet":"max-snippet:-1","max-image-preview":"max-image-preview:large","max-video-preview":"max-video-preview:-1"},"canonical":"https:\/\/www.notibras.com\/site\/financiamento-de-veiculos-registra-queda-de\/","og_locale":"pt_BR","og_type":"article","og_title":"Financiamento de ve\u00edculos registra queda de 5,6% - Notibras","og_description":"O saldo dos financiamentos de ve\u00edculos no pa\u00eds no ano passado ficou em R$ 228,6 bilh\u00f5es,\u00a0 queda de 5,6% na compara\u00e7\u00e3o com o ano anterior, quando o montante havia sido R$ 242,2 bilh\u00f5es. \u00c9 o segundo ano consecutivo de redu\u00e7\u00e3o no saldo de financiamentos. Em 2011 o somat\u00f3rio das carteiras chegou a R$ 244,9 bilh\u00f5es. [&hellip;]","og_url":"https:\/\/www.notibras.com\/site\/financiamento-de-veiculos-registra-queda-de\/","og_site_name":"Notibras","article_publisher":"https:\/\/www.facebook.com\/notibras\/","article_published_time":"2014-02-20T13:58:34+00:00","article_modified_time":"2014-02-20T17:59:18+00:00","og_image":[{"width":261,"height":193,"url":"https:\/\/www.notibras.com\/site\/wp-content\/uploads\/2014\/02\/\u00cdndice3.jpg","type":"image\/jpeg"}],"author":"Reda\u00e7\u00e3o","twitter_card":"summary_large_image","twitter_creator":"@Notibras","twitter_site":"@Notibras","twitter_misc":{"Escrito por":"Reda\u00e7\u00e3o","Est. tempo de leitura":"2 minutos"},"schema":{"@context":"https:\/\/schema.org","@graph":[{"@type":"Article","@id":"https:\/\/www.notibras.com\/site\/financiamento-de-veiculos-registra-queda-de\/#article","isPartOf":{"@id":"https:\/\/www.notibras.com\/site\/financiamento-de-veiculos-registra-queda-de\/"},"author":{"name":"Reda\u00e7\u00e3o","@id":"https:\/\/www.notibras.com\/site\/#\/schema\/person\/36ab0979449956132d3e5b517ea76ac8"},"headline":"Financiamento de ve\u00edculos registra queda de 5,6%","datePublished":"2014-02-20T13:58:34+00:00","dateModified":"2014-02-20T17:59:18+00:00","mainEntityOfPage":{"@id":"https:\/\/www.notibras.com\/site\/financiamento-de-veiculos-registra-queda-de\/"},"wordCount":351,"commentCount":0,"publisher":{"@id":"https:\/\/www.notibras.com\/site\/#organization"},"image":{"@id":"https:\/\/www.notibras.com\/site\/financiamento-de-veiculos-registra-queda-de\/#primaryimage"},"thumbnailUrl":"https:\/\/www.notibras.com\/site\/wp-content\/uploads\/2014\/02\/\u00cdndice3.jpg","articleSection":["Brasil"],"inLanguage":"pt-BR","potentialAction":[{"@type":"CommentAction","name":"Comment","target":["https:\/\/www.notibras.com\/site\/financiamento-de-veiculos-registra-queda-de\/#respond"]}]},{"@type":"WebPage","@id":"https:\/\/www.notibras.com\/site\/financiamento-de-veiculos-registra-queda-de\/","url":"https:\/\/www.notibras.com\/site\/financiamento-de-veiculos-registra-queda-de\/","name":"Financiamento de ve\u00edculos registra queda de 5,6% - Notibras","isPartOf":{"@id":"https:\/\/www.notibras.com\/site\/#website"},"primaryImageOfPage":{"@id":"https:\/\/www.notibras.com\/site\/financiamento-de-veiculos-registra-queda-de\/#primaryimage"},"image":{"@id":"https:\/\/www.notibras.com\/site\/financiamento-de-veiculos-registra-queda-de\/#primaryimage"},"thumbnailUrl":"https:\/\/www.notibras.com\/site\/wp-content\/uploads\/2014\/02\/\u00cdndice3.jpg","datePublished":"2014-02-20T13:58:34+00:00","dateModified":"2014-02-20T17:59:18+00:00","breadcrumb":{"@id":"https:\/\/www.notibras.com\/site\/financiamento-de-veiculos-registra-queda-de\/#breadcrumb"},"inLanguage":"pt-BR","potentialAction":[{"@type":"ReadAction","target":["https:\/\/www.notibras.com\/site\/financiamento-de-veiculos-registra-queda-de\/"]}]},{"@type":"ImageObject","inLanguage":"pt-BR","@id":"https:\/\/www.notibras.com\/site\/financiamento-de-veiculos-registra-queda-de\/#primaryimage","url":"https:\/\/www.notibras.com\/site\/wp-content\/uploads\/2014\/02\/\u00cdndice3.jpg","contentUrl":"https:\/\/www.notibras.com\/site\/wp-content\/uploads\/2014\/02\/\u00cdndice3.jpg","width":261,"height":193},{"@type":"BreadcrumbList","@id":"https:\/\/www.notibras.com\/site\/financiamento-de-veiculos-registra-queda-de\/#breadcrumb","itemListElement":[{"@type":"ListItem","position":1,"name":"In\u00edcio","item":"https:\/\/www.notibras.com\/site\/"},{"@type":"ListItem","position":2,"name":"Financiamento de ve\u00edculos registra queda de 5,6%"}]},{"@type":"WebSite","@id":"https:\/\/www.notibras.com\/site\/#website","url":"https:\/\/www.notibras.com\/site\/","name":"Notibras","description":"Not\u00edcias de Bras\u00edlia, do Brasil e do Mundo","publisher":{"@id":"https:\/\/www.notibras.com\/site\/#organization"},"potentialAction":[{"@type":"SearchAction","target":{"@type":"EntryPoint","urlTemplate":"https:\/\/www.notibras.com\/site\/?s={search_term_string}"},"query-input":{"@type":"PropertyValueSpecification","valueRequired":true,"valueName":"search_term_string"}}],"inLanguage":"pt-BR"},{"@type":"Organization","@id":"https:\/\/www.notibras.com\/site\/#organization","name":"Grupo Notibras de Comunica\u00e7\u00e3o","url":"https:\/\/www.notibras.com\/site\/","logo":{"@type":"ImageObject","inLanguage":"pt-BR","@id":"https:\/\/www.notibras.com\/site\/#\/schema\/logo\/image\/","url":"https:\/\/www.notibras.com\/site\/wp-content\/uploads\/2023\/01\/notibras23.png","contentUrl":"https:\/\/www.notibras.com\/site\/wp-content\/uploads\/2023\/01\/notibras23.png","width":350,"height":87,"caption":"Grupo Notibras de Comunica\u00e7\u00e3o"},"image":{"@id":"https:\/\/www.notibras.com\/site\/#\/schema\/logo\/image\/"},"sameAs":["https:\/\/www.facebook.com\/notibras\/","https:\/\/x.com\/Notibras","https:\/\/www.instagram.com\/notibras\/"]},{"@type":"Person","@id":"https:\/\/www.notibras.com\/site\/#\/schema\/person\/36ab0979449956132d3e5b517ea76ac8","name":"Reda\u00e7\u00e3o","image":{"@type":"ImageObject","inLanguage":"pt-BR","@id":"https:\/\/secure.gravatar.com\/avatar\/e0a867bdedb85fd243eadf09663511f96fc81e0720a4a42581f334ad4303aa6b?s=96&d=mm&r=g","url":"https:\/\/secure.gravatar.com\/avatar\/e0a867bdedb85fd243eadf09663511f96fc81e0720a4a42581f334ad4303aa6b?s=96&d=mm&r=g","contentUrl":"https:\/\/secure.gravatar.com\/avatar\/e0a867bdedb85fd243eadf09663511f96fc81e0720a4a42581f334ad4303aa6b?s=96&d=mm&r=g","caption":"Reda\u00e7\u00e3o"}}]}},"amp_enabled":true,"_links":{"self":[{"href":"https:\/\/www.notibras.com\/site\/wp-json\/wp\/v2\/posts\/2309","targetHints":{"allow":["GET"]}}],"collection":[{"href":"https:\/\/www.notibras.com\/site\/wp-json\/wp\/v2\/posts"}],"about":[{"href":"https:\/\/www.notibras.com\/site\/wp-json\/wp\/v2\/types\/post"}],"author":[{"embeddable":true,"href":"https:\/\/www.notibras.com\/site\/wp-json\/wp\/v2\/users\/2"}],"replies":[{"embeddable":true,"href":"https:\/\/www.notibras.com\/site\/wp-json\/wp\/v2\/comments?post=2309"}],"version-history":[{"count":0,"href":"https:\/\/www.notibras.com\/site\/wp-json\/wp\/v2\/posts\/2309\/revisions"}],"wp:featuredmedia":[{"embeddable":true,"href":"https:\/\/www.notibras.com\/site\/wp-json\/wp\/v2\/media\/2310"}],"wp:attachment":[{"href":"https:\/\/www.notibras.com\/site\/wp-json\/wp\/v2\/media?parent=2309"}],"wp:term":[{"taxonomy":"category","embeddable":true,"href":"https:\/\/www.notibras.com\/site\/wp-json\/wp\/v2\/categories?post=2309"},{"taxonomy":"post_tag","embeddable":true,"href":"https:\/\/www.notibras.com\/site\/wp-json\/wp\/v2\/tags?post=2309"}],"curies":[{"name":"wp","href":"https:\/\/api.w.org\/{rel}","templated":true}]}}