{"id":23108,"date":"2014-09-25T21:54:27","date_gmt":"2014-09-26T00:54:27","guid":{"rendered":"http:\/\/www.notibras.com\/site\/?p=23108"},"modified":"2014-09-25T21:55:02","modified_gmt":"2014-09-26T00:55:02","slug":"curto-circuito-provoca-incendio-e-da-susto-na-camara-federal","status":"publish","type":"post","link":"https:\/\/www.notibras.com\/site\/curto-circuito-provoca-incendio-e-da-susto-na-camara-federal\/","title":{"rendered":"Curto-circuito provoca inc\u00eandio e d\u00e1 susto na C\u00e2mara dos Deputados"},"content":{"rendered":"<p>Um princ\u00edpio de inc\u00eandio atingiu parte das salas da Primeira Secretaria da C\u00e2mara dos Deputados na tarde desta quinta-feira (25).<\/p>\n<p>As chamas come\u00e7aram pouco antes das 15h e foram controladas pelos brigadistas da Casa. At\u00e9 as 15h40, n\u00e3o havia informa\u00e7\u00e3o de feridos.<\/p>\n<blockquote><p>De acordo com a assessoria da C\u00e2mara, o fogo foi causado por um curto-circuito no sistema de ar-condicionado das salas da Primeira Secretaria.<\/p><\/blockquote>\n<p>O inc\u00eandio foi controlado com extintores convencionais, e n\u00e3o foi preciso acionar o Corpo de Bombeiros da Esplanada dos Minist\u00e9rios.<\/p>\n","protected":false},"excerpt":{"rendered":"<p>Um princ\u00edpio de inc\u00eandio atingiu parte das salas da Primeira Secretaria da C\u00e2mara dos Deputados na tarde desta quinta-feira (25). As chamas come\u00e7aram pouco antes das 15h e foram controladas pelos brigadistas da Casa. At\u00e9 as 15h40, n\u00e3o havia informa\u00e7\u00e3o de feridos. De acordo com a assessoria da C\u00e2mara, o fogo foi causado por um [&hellip;]<\/p>\n","protected":false},"author":2,"featured_media":23109,"comment_status":"open","ping_status":"closed","sticky":false,"template":"","format":"standard","meta":{"_acf_changed":false,"footnotes":""},"categories":[1],"tags":[],"class_list":["post-23108","post","type-post","status-publish","format-standard","has-post-thumbnail","hentry","category-brasilia"],"acf":[],"_links":{"self":[{"href":"https:\/\/www.notibras.com\/site\/wp-json\/wp\/v2\/posts\/23108","targetHints":{"allow":["GET"]}}],"collection":[{"href":"https:\/\/www.notibras.com\/site\/wp-json\/wp\/v2\/posts"}],"about":[{"href":"https:\/\/www.notibras.com\/site\/wp-json\/wp\/v2\/types\/post"}],"author":[{"embeddable":true,"href":"https:\/\/www.notibras.com\/site\/wp-json\/wp\/v2\/users\/2"}],"replies":[{"embeddable":true,"href":"https:\/\/www.notibras.com\/site\/wp-json\/wp\/v2\/comments?post=23108"}],"version-history":[{"count":0,"href":"https:\/\/www.notibras.com\/site\/wp-json\/wp\/v2\/posts\/23108\/revisions"}],"wp:featuredmedia":[{"embeddable":true,"href":"https:\/\/www.notibras.com\/site\/wp-json\/wp\/v2\/media\/23109"}],"wp:attachment":[{"href":"https:\/\/www.notibras.com\/site\/wp-json\/wp\/v2\/media?parent=23108"}],"wp:term":[{"taxonomy":"category","embeddable":true,"href":"https:\/\/www.notibras.com\/site\/wp-json\/wp\/v2\/categories?post=23108"},{"taxonomy":"post_tag","embeddable":true,"href":"https:\/\/www.notibras.com\/site\/wp-json\/wp\/v2\/tags?post=23108"}],"curies":[{"name":"wp","href":"https:\/\/api.w.org\/{rel}","templated":true}]}}